{"id":844384,"date":"2026-03-13T11:19:47","date_gmt":"2026-03-13T07:19:47","guid":{"rendered":"https:\/\/arantv.az\/?p=844384"},"modified":"2026-03-13T11:19:47","modified_gmt":"2026-03-13T07:19:47","slug":"mayda-14-gun-qeyri-is-gunu-olacaq","status":"publish","type":"post","link":"https:\/\/arantv.az\/?p=844384","title":{"rendered":"Mayda 14 g\u00fcn qeyri-i\u015f g\u00fcn\u00fc olacaq"},"content":{"rendered":"<p><strong>May ay\u0131nda h\u0259ft\u0259 sonlar\u0131 da daxil olmaqla 14 g\u00fcn qeyri-i\u015f g\u00fcn\u00fc olacaq.<\/strong><\/p>\n<p><strong><a href=\"https:\/\/publika.az\/\" target=\"_blank\" rel=\"noopener\">Publika.az<\/a><\/strong>\u00a0Operativ Media-ya istinad\u0259n x\u0259b\u0259r verir ki, 9 May \u2013 fa\u015fizm \u00fcz\u0259rind\u0259 Q\u0259l\u0259b\u0259 G\u00fcn\u00fc h\u0259ft\u0259nin \u015f\u0259nb\u0259 g\u00fcn\u00fcn\u0259 t\u0259sad\u00fcf etdiyin\u0259 g\u00f6r\u0259, may\u0131n 11-i d\u0259 qeyri-i\u015f g\u00fcn\u00fc olacaq.<\/p>\n<p>Bu il Az\u0259rbaycanda Qurban Bayram\u0131 27-28 may tarixl\u0259rin\u0259 t\u0259sad\u00fcf ed\u0259c\u0259k. H\u0259m\u00e7inin 28 May \u2013 M\u00fcst\u0259qillik G\u00fcn\u00fc d\u0259 qeyri-i\u015f g\u00fcn\u00fc oldu\u011funa g\u00f6r\u0259, 29 may tarixind\u0259 d\u0259 i\u015f olmayacaq.<\/p>\n<p>Bununla da, 9, 10, 11 may v\u0259 27, 28, 29, 30, 31 may tarixl\u0259rind\u0259 ard\u0131c\u0131l qeyri-i\u015f g\u00fcnl\u0259ri olacaq.<\/p>\n<p>Bel\u0259likl\u0259, h\u0259ft\u0259 sonlar\u0131 da daxil olmaqla may ay\u0131nda 14 g\u00fcn qeyri i\u015f g\u00fcn\u00fc olacaq.<\/p>\n","protected":false},"excerpt":{"rendered":"<p>May ay\u0131nda h\u0259ft\u0259 sonlar\u0131 da daxil olmaqla 14 g\u00fcn qeyri-i\u015f g\u00fcn\u00fc olacaq. Publika.az\u00a0Operativ Media-ya istinad\u0259n x\u0259b\u0259r verir ki, 9 May \u2013 fa\u015fizm \u00fcz\u0259rind\u0259 Q\u0259l\u0259b\u0259 G\u00fcn\u00fc h\u0259ft\u0259nin \u015f\u0259nb\u0259 g\u00fcn\u00fcn\u0259 t\u0259sad\u00fcf etdiyin\u0259 g\u00f6r\u0259, may\u0131n 11-i d\u0259 qeyri-i\u015f g\u00fcn\u00fc olacaq. Bu il Az\u0259rbaycanda Qurban Bayram\u0131 27-28 may tarixl\u0259rin\u0259 t\u0259sad\u00fcf ed\u0259c\u0259k. H\u0259m\u00e7inin 28 May \u2013 M\u00fcst\u0259qillik G\u00fcn\u00fc d\u0259 qeyri-i\u015f g\u00fcn\u00fc oldu\u011funa g\u00f6r\u0259, 29 may tarixind\u0259 d\u0259 i\u015f olmayacaq. Bununla da, 9, 10, 11 may v\u0259 27, 28, 29, 30, 31 may tarixl\u0259rind\u0259 ard\u0131c\u0131l qeyri-i\u015f g\u00fcnl\u0259ri olacaq. Bel\u0259likl\u0259, h\u0259ft\u0259 sonlar\u0131 da daxil olmaqla may ay\u0131nda&hellip;<\/p>\n","protected":false},"author":2,"featured_media":844385,"comment_status":"closed","ping_status":"closed","sticky":false,"template":"","format":"standard","meta":{"om_disable_all_campaigns":false,"_monsterinsights_skip_tracking":false,"_monsterinsights_sitenote_active":false,"_monsterinsights_sitenote_note":"","_monsterinsights_sitenote_category":0},"categories":[1],"tags":[],"aioseo_notices":[],"gutentor_comment":0,"rttpg_featured_image_url":{"full":["https:\/\/arantv.az\/wp-content\/uploads\/2026\/03\/teqvim.jpg",660,439,false],"landscape":["https:\/\/arantv.az\/wp-content\/uploads\/2026\/03\/teqvim.jpg",660,439,false],"portraits":["https:\/\/arantv.az\/wp-content\/uploads\/2026\/03\/teqvim.jpg",660,439,false],"thumbnail":["https:\/\/arantv.az\/wp-content\/uploads\/2026\/03\/teqvim-500x280.jpg",500,280,true],"medium":["https:\/\/arantv.az\/wp-content\/uploads\/2026\/03\/teqvim-549x365.jpg",549,365,true],"large":["https:\/\/arantv.az\/wp-content\/uploads\/2026\/03\/teqvim.jpg",640,426,false],"1536x1536":["https:\/\/arantv.az\/wp-content\/uploads\/2026\/03\/teqvim.jpg",660,439,false],"2048x2048":["https:\/\/arantv.az\/wp-content\/uploads\/2026\/03\/teqvim.jpg",660,439,false],"post-thumbnail":["https:\/\/arantv.az\/wp-content\/uploads\/2026\/03\/teqvim-240x172.jpg",240,172,true],"advps-thumb-one":["https:\/\/arantv.az\/wp-content\/uploads\/2026\/03\/teqvim.jpg",660,439,false]},"rttpg_author":{"display_name":"V\u00fcsal Rafiqo\u011flu","author_link":"https:\/\/arantv.az\/?author=2"},"rttpg_comment":0,"rttpg_category":"<a href=\"https:\/\/arantv.az\/?cat=1\" rel=\"category\">C\u0259miyy\u0259t<\/a>","rttpg_excerpt":"May ay\u0131nda h\u0259ft\u0259 sonlar\u0131 da daxil olmaqla 14 g\u00fcn qeyri-i\u015f g\u00fcn\u00fc olacaq. Publika.az\u00a0Operativ Media-ya istinad\u0259n x\u0259b\u0259r verir ki, 9 May \u2013 fa\u015fizm \u00fcz\u0259rind\u0259 Q\u0259l\u0259b\u0259 G\u00fcn\u00fc h\u0259ft\u0259nin \u015f\u0259nb\u0259 g\u00fcn\u00fcn\u0259 t\u0259sad\u00fcf etdiyin\u0259 g\u00f6r\u0259, may\u0131n 11-i d\u0259 qeyri-i\u015f g\u00fcn\u00fc olacaq. Bu il Az\u0259rbaycanda Qurban Bayram\u0131 27-28 may tarixl\u0259rin\u0259 t\u0259sad\u00fcf ed\u0259c\u0259k. H\u0259m\u00e7inin 28 May \u2013 M\u00fcst\u0259qillik G\u00fcn\u00fc d\u0259 qeyri-i\u015f&hellip;","_links":{"self":[{"href":"https:\/\/arantv.az\/index.php?rest_route=\/wp\/v2\/posts\/844384"}],"collection":[{"href":"https:\/\/arantv.az\/index.php?rest_route=\/wp\/v2\/posts"}],"about":[{"href":"https:\/\/arantv.az\/index.php?rest_route=\/wp\/v2\/types\/post"}],"author":[{"embeddable":true,"href":"https:\/\/arantv.az\/index.php?rest_route=\/wp\/v2\/users\/2"}],"replies":[{"embeddable":true,"href":"https:\/\/arantv.az\/index.php?rest_route=%2Fwp%2Fv2%2Fcomments&post=844384"}],"version-history":[{"count":2,"href":"https:\/\/arantv.az\/index.php?rest_route=\/wp\/v2\/posts\/844384\/revisions"}],"predecessor-version":[{"id":844387,"href":"https:\/\/arantv.az\/index.php?rest_route=\/wp\/v2\/posts\/844384\/revisions\/844387"}],"wp:featuredmedia":[{"embeddable":true,"href":"https:\/\/arantv.az\/index.php?rest_route=\/wp\/v2\/media\/844385"}],"wp:attachment":[{"href":"https:\/\/arantv.az\/index.php?rest_route=%2Fwp%2Fv2%2Fmedia&parent=844384"}],"wp:term":[{"taxonomy":"category","embeddable":true,"href":"https:\/\/arantv.az\/index.php?rest_route=%2Fwp%2Fv2%2Fcategories&post=844384"},{"taxonomy":"post_tag","embeddable":true,"href":"https:\/\/arantv.az\/index.php?rest_route=%2Fwp%2Fv2%2Ftags&post=844384"}],"curies":[{"name":"wp","href":"https:\/\/api.w.org\/{rel}","templated":true}]}}