{"id":84440,"date":"2019-10-09T11:50:32","date_gmt":"2019-10-09T08:50:32","guid":{"rendered":"http:\/\/arantv.az\/?p=84440"},"modified":"2019-10-09T11:50:32","modified_gmt":"2019-10-09T08:50:32","slug":"baki-polisi-piket-istirakcilarinin-s%c9%99h%c9%99r-t%c9%99s%c9%99rrufatina-vurdugu-ziyanla-bagli-goruntul%c9%99r-yayib-foto","status":"publish","type":"post","link":"https:\/\/arantv.az\/?p=84440","title":{"rendered":"Bak\u0131 polisi piket i\u015ftirak\u00e7\u0131lar\u0131n\u0131n \u015f\u0259h\u0259r t\u0259s\u0259rr\u00fcfat\u0131na vurdu\u011fu ziyanla ba\u011fl\u0131 g\u00f6r\u00fcnt\u00fcl\u0259r yay\u0131b &#8211; FOTO"},"content":{"rendered":"<p>\u00d6zl\u0259rini Demokratik Q\u00fcvv\u0259l\u0259rin Milli \u015euras\u0131 adland\u0131ran qurum v\u0259 Az\u0259rbaycan Xalq C\u0259bh\u0259si Partiyas\u0131n\u0131n raz\u0131la\u015fd\u0131r\u0131lan piketi paytaxt\u0131n m\u0259rk\u0259zind\u0259 k\u00fctl\u0259vi h\u00fcquq pozuntular\u0131 il\u0259 m\u00fc\u015fayi\u0259t olunub.<\/p>\n<p><strong>ARANTV.AZ<\/strong>-\u0131n m\u0259lumat\u0131na g\u00f6r\u0259, bu bar\u0259d\u0259 Bak\u0131 \u015e\u0259h\u0259r Ba\u015f Polis \u0130dar\u0259sinin (B\u015eBP\u0130) M\u0259tbuat Xidm\u0259ti m\u0259lumat yay\u0131b.<\/p>\n<p>M\u0259lumatda bildirilib ki, piket \u0259r\u0259f\u0259sind\u0259 t\u0259\u015fkilat\u00e7\u0131lara t\u0259dbirin qanunvericilik t\u0259l\u0259bl\u0259rin\u0259 uy\u011fun ke\u00e7irilm\u0259si il\u0259 ba\u011fl\u0131 edil\u0259n r\u0259smi x\u0259b\u0259rdarl\u0131qlara baxmayaraq, piket i\u015ftirak\u00e7\u0131lar\u0131 qanunun t\u0259l\u0259bl\u0259rini pozmaqla yana\u015f\u0131, raz\u0131la\u015fd\u0131r\u0131lan x\u00fcsusatlardan k\u0259nar, \u201cpiket\u0259 d\u0259st\u0259k\u201d ad\u0131 alt\u0131nda qanunsuz \u00e7a\u011f\u0131r\u0131\u015flar etm\u0259kl\u0259, daha \u00e7ox t\u0259r\u0259fdar\u0131n c\u0259lb olunmas\u0131na \u00e7al\u0131\u015f\u0131blar.<\/p>\n<div id=\"AdviadNativeVideo0\" class=\"AdviadNativeVideo\"><\/div>\n<p>N\u0259tic\u0259d\u0259 s\u0131xl\u0131\u011f\u0131n, gedi\u015f-g\u0259li\u015fin, n\u0259qliyyat ax\u0131n\u0131n intensiv oldu\u011fu m\u0259rk\u0259zi k\u00fc\u00e7\u0259l\u0259rd\u0259 qeyd\u0259 al\u0131nan h\u00fcquqazidd \u0259m\u0259ll\u0259r h\u0259r\u0259k\u0259tin iflic olmas\u0131na, piyadalar\u0131n s\u0259rb\u0259st gedi\u015f-g\u0259li\u015fin\u0259 mane\u00e7ilik yaranmas\u0131na s\u0259b\u0259b olub, \u0259trafdak\u0131 insanlara qar\u015f\u0131 kobudluq v\u0259 polisi qar\u015f\u0131durmaya \u00e7\u0259km\u0259 c\u0259hdl\u0259ri ba\u015f verib.<\/p>\n<p>Ba\u015f ver\u0259nl\u0259r, qeyd\u0259 al\u0131nanlarla yana\u015f\u0131, paytaxt\u0131n m\u0259rk\u0259zi k\u00fc\u00e7\u0259l\u0259rind\u0259 \u015f\u0259h\u0259r t\u0259s\u0259rr\u00fcfat\u0131na ziyan vurulub, kommunal xidm\u0259tl\u0259rin tullant\u0131 qutular\u0131 da\u011f\u0131d\u0131l\u0131b, antisanitariya normalar\u0131 pozulub. K\u00fc\u00e7\u0259 y\u00fcr\u00fc\u015f\u00fcn\u0259 c\u0259hd zaman\u0131 m\u00fc\u015fahid\u0259 olunanlar onu dem\u0259y\u0259 \u0259sas verir ki, t\u0259\u015fkilat\u00e7\u0131lar \u201cpiket\u0259 d\u0259st\u0259k\u201d ad\u0131 alt\u0131nda qanunsuz \u00e7a\u011f\u0131r\u0131\u015flar\u0131 il\u0259 i\u015ftirak\u00e7\u0131lar\u0131n h\u00fcquqazidd \u0259m\u0259ll\u0259rin\u0259 z\u0259min yarad\u0131blar.<\/p>\n<p>Bu \u0259m\u0259ll\u0259r, onunla n\u0259tic\u0259l\u0259nib ki, i\u015ftirak\u00e7\u0131lar paytaxt k\u00fc\u00e7\u0259l\u0259rind\u0259 bir saat \u0259rzind\u0259 intizams\u0131zl\u0131q n\u00fcmayi\u015f etdirm\u0259kl\u0259, ac\u0131nacaql\u0131 durum yarad\u0131blar.<\/p>\n<p>Piket i\u015ftirak\u00e7\u0131lar\u0131n\u0131n t\u0259hl\u00fck\u0259sizliyini t\u0259min etm\u0259k m\u0259qs\u0259dil\u0259 xidm\u0259t\u0259 c\u0259lb olunan polis \u0259m\u0259kda\u015flar\u0131 ictimai asayi\u015fi qorumaq, ictimai qaydan\u0131 b\u0259rpa etm\u0259k, insanlar\u0131n h\u00fcquqlar\u0131n\u0131 t\u0259min etm\u0259k \u00fc\u00e7\u00fcn \u00fcz\u0259rl\u0259rin\u0259 d\u00fc\u015f\u0259n v\u0259zif\u0259l\u0259ri qanunverciliy\u0259 m\u00fcvafiq olaraq pe\u015f\u0259karl\u0131qla t\u0259min edib. oxu.az<\/p>\n<div class=\"gallery\">\n<div class=\"gallery-i\"><img src=\"https:\/\/assets.oxu.az\/uploads\/W1siZiIsIjIwMTkvMTAvMDkvMTIvMjkvMzcvMzY2YzQ3OGItMzQ5YS00ODFmLWFjNDYtNmQ4NjUxNjA1NTE1LzggT2t0eWFiclBpa2V0aSAoMTQpLmpwZyJdLFsicCIsImVuY29kZSIsImpwZyIsIi1xdWFsaXR5IDgwIl0sWyJwIiwidGh1bWIiLCI1OTB4NTkwXHUwMDNlIl1d?sha=927ee27cc06eae98\" alt=\"\" \/><\/p>\n<div class=\"gallery-i-caption\"><\/div>\n<\/div>\n<div class=\"gallery-i\"><img src=\"https:\/\/assets.oxu.az\/uploads\/W1siZiIsIjIwMTkvMTAvMDkvMTIvMjkvMzcvYWUzMjE4OTAtNjgyYS00MzhiLThlMjUtOGE1YzQ0YTQ2ZDVmLzggT2t0eWFiclBpa2V0aSAoMTMpLmpwZyJdLFsicCIsImVuY29kZSIsImpwZyIsIi1xdWFsaXR5IDgwIl0sWyJwIiwidGh1bWIiLCI1OTB4NTkwXHUwMDNlIl1d?sha=0a2d346f6b370896\" alt=\"\" \/><\/p>\n<div class=\"gallery-i-caption\"><\/div>\n<\/div>\n<div class=\"gallery-i\"><img src=\"https:\/\/assets.oxu.az\/uploads\/W1siZiIsIjIwMTkvMTAvMDkvMTIvMjkvMzcvOGJkMmRiNzUtZWJmZi00M2VhLTkxYjctNTE3ODEwOGU1ZDVmLzggT2t0eWFiclBpa2V0aSAoMTEpLmpwZyJdLFsicCIsImVuY29kZSIsImpwZyIsIi1xdWFsaXR5IDgwIl0sWyJwIiwidGh1bWIiLCI1OTB4NTkwXHUwMDNlIl1d?sha=f1f38b7b5c3db18e\" alt=\"\" \/><\/p>\n<div class=\"gallery-i-caption\"><\/div>\n<\/div>\n<div class=\"gallery-i\"><img src=\"https:\/\/assets.oxu.az\/uploads\/W1siZiIsIjIwMTkvMTAvMDkvMTIvMjkvMzcvNDNiYjNhODgtZWY3Ny00ODQxLWFiNzItOTUwYzVmMWYzODdhLzggT2t0eWFiclBpa2V0aSAoMTApLkpQRyJdLFsicCIsImVuY29kZSIsImpwZyIsIi1xdWFsaXR5IDgwIl0sWyJwIiwidGh1bWIiLCI1OTB4NTkwXHUwMDNlIl1d?sha=6b965c76d7153b67\" alt=\"\" \/><\/p>\n<div class=\"gallery-i-caption\"><\/div>\n<\/div>\n<div class=\"gallery-i\"><img src=\"https:\/\/assets.oxu.az\/uploads\/W1siZiIsIjIwMTkvMTAvMDkvMTIvMjkvMzcvNWU5OTBlNjMtOTVjZS00NDNjLThjODItNTRlMTA5ZjljMGU5LzggT2t0eWFiclBpa2V0aSAoNykuanBnIl0sWyJwIiwiZW5jb2RlIiwianBnIiwiLXF1YWxpdHkgODAiXSxbInAiLCJ0aHVtYiIsIjU5MHg1OTBcdTAwM2UiXV0?sha=4a87bb608af75524\" alt=\"\" \/><\/div>\n<\/div>\n","protected":false},"excerpt":{"rendered":"<p>\u00d6zl\u0259rini Demokratik Q\u00fcvv\u0259l\u0259rin Milli \u015euras\u0131 adland\u0131ran qurum v\u0259 Az\u0259rbaycan Xalq C\u0259bh\u0259si Partiyas\u0131n\u0131n raz\u0131la\u015fd\u0131r\u0131lan piketi paytaxt\u0131n m\u0259rk\u0259zind\u0259 k\u00fctl\u0259vi h\u00fcquq pozuntular\u0131 il\u0259 m\u00fc\u015fayi\u0259t olunub. ARANTV.AZ-\u0131n m\u0259lumat\u0131na g\u00f6r\u0259, bu bar\u0259d\u0259 Bak\u0131 \u015e\u0259h\u0259r Ba\u015f Polis \u0130dar\u0259sinin (B\u015eBP\u0130) M\u0259tbuat Xidm\u0259ti m\u0259lumat yay\u0131b. M\u0259lumatda bildirilib ki, piket \u0259r\u0259f\u0259sind\u0259 t\u0259\u015fkilat\u00e7\u0131lara t\u0259dbirin qanunvericilik t\u0259l\u0259bl\u0259rin\u0259 uy\u011fun ke\u00e7irilm\u0259si il\u0259 ba\u011fl\u0131 edil\u0259n r\u0259smi x\u0259b\u0259rdarl\u0131qlara baxmayaraq, piket i\u015ftirak\u00e7\u0131lar\u0131 qanunun t\u0259l\u0259bl\u0259rini pozmaqla yana\u015f\u0131, raz\u0131la\u015fd\u0131r\u0131lan x\u00fcsusatlardan k\u0259nar, \u201cpiket\u0259 d\u0259st\u0259k\u201d ad\u0131 alt\u0131nda qanunsuz \u00e7a\u011f\u0131r\u0131\u015flar etm\u0259kl\u0259, daha \u00e7ox t\u0259r\u0259fdar\u0131n c\u0259lb olunmas\u0131na \u00e7al\u0131\u015f\u0131blar. N\u0259tic\u0259d\u0259 s\u0131xl\u0131\u011f\u0131n, gedi\u015f-g\u0259li\u015fin, n\u0259qliyyat ax\u0131n\u0131n intensiv oldu\u011fu m\u0259rk\u0259zi k\u00fc\u00e7\u0259l\u0259rd\u0259 qeyd\u0259 al\u0131nan h\u00fcquqazidd \u0259m\u0259ll\u0259r h\u0259r\u0259k\u0259tin&hellip;<\/p>\n","protected":false},"author":2,"featured_media":84441,"comment_status":"closed","ping_status":"closed","sticky":false,"template":"","format":"standard","meta":{"om_disable_all_campaigns":false,"_monsterinsights_skip_tracking":false,"_monsterinsights_sitenote_active":false,"_monsterinsights_sitenote_note":"","_monsterinsights_sitenote_category":0},"categories":[1],"tags":[],"aioseo_notices":[],"gutentor_comment":0,"rttpg_featured_image_url":{"full":["https:\/\/arantv.az\/wp-content\/uploads\/2019\/10\/8-OktyabrPiketi-14.jpg",620,443,false],"landscape":["https:\/\/arantv.az\/wp-content\/uploads\/2019\/10\/8-OktyabrPiketi-14.jpg",620,443,false],"portraits":["https:\/\/arantv.az\/wp-content\/uploads\/2019\/10\/8-OktyabrPiketi-14.jpg",620,443,false],"thumbnail":["https:\/\/arantv.az\/wp-content\/uploads\/2019\/10\/8-OktyabrPiketi-14-150x150.jpg",150,150,true],"medium":["https:\/\/arantv.az\/wp-content\/uploads\/2019\/10\/8-OktyabrPiketi-14-300x214.jpg",300,214,true],"large":["https:\/\/arantv.az\/wp-content\/uploads\/2019\/10\/8-OktyabrPiketi-14.jpg",620,443,false],"1536x1536":["https:\/\/arantv.az\/wp-content\/uploads\/2019\/10\/8-OktyabrPiketi-14.jpg",620,443,false],"2048x2048":["https:\/\/arantv.az\/wp-content\/uploads\/2019\/10\/8-OktyabrPiketi-14.jpg",620,443,false],"post-thumbnail":["https:\/\/arantv.az\/wp-content\/uploads\/2019\/10\/8-OktyabrPiketi-14-240x172.jpg",240,172,true],"advps-thumb-one":["https:\/\/arantv.az\/wp-content\/uploads\/2019\/10\/8-OktyabrPiketi-14.jpg",620,443,false]},"rttpg_author":{"display_name":"V\u00fcsal Rafiqo\u011flu","author_link":"https:\/\/arantv.az\/?author=2"},"rttpg_comment":0,"rttpg_category":"<a href=\"https:\/\/arantv.az\/?cat=1\" rel=\"category\">C\u0259miyy\u0259t<\/a>","rttpg_excerpt":"\u00d6zl\u0259rini Demokratik Q\u00fcvv\u0259l\u0259rin Milli \u015euras\u0131 adland\u0131ran qurum v\u0259 Az\u0259rbaycan Xalq C\u0259bh\u0259si Partiyas\u0131n\u0131n raz\u0131la\u015fd\u0131r\u0131lan piketi paytaxt\u0131n m\u0259rk\u0259zind\u0259 k\u00fctl\u0259vi h\u00fcquq pozuntular\u0131 il\u0259 m\u00fc\u015fayi\u0259t olunub. ARANTV.AZ-\u0131n m\u0259lumat\u0131na g\u00f6r\u0259, bu bar\u0259d\u0259 Bak\u0131 \u015e\u0259h\u0259r Ba\u015f Polis \u0130dar\u0259sinin (B\u015eBP\u0130) M\u0259tbuat Xidm\u0259ti m\u0259lumat yay\u0131b. M\u0259lumatda bildirilib ki, piket \u0259r\u0259f\u0259sind\u0259 t\u0259\u015fkilat\u00e7\u0131lara t\u0259dbirin qanunvericilik t\u0259l\u0259bl\u0259rin\u0259 uy\u011fun ke\u00e7irilm\u0259si il\u0259 ba\u011fl\u0131 edil\u0259n r\u0259smi x\u0259b\u0259rdarl\u0131qlara baxmayaraq, piket&hellip;","_links":{"self":[{"href":"https:\/\/arantv.az\/index.php?rest_route=\/wp\/v2\/posts\/84440"}],"collection":[{"href":"https:\/\/arantv.az\/index.php?rest_route=\/wp\/v2\/posts"}],"about":[{"href":"https:\/\/arantv.az\/index.php?rest_route=\/wp\/v2\/types\/post"}],"author":[{"embeddable":true,"href":"https:\/\/arantv.az\/index.php?rest_route=\/wp\/v2\/users\/2"}],"replies":[{"embeddable":true,"href":"https:\/\/arantv.az\/index.php?rest_route=%2Fwp%2Fv2%2Fcomments&post=84440"}],"version-history":[{"count":0,"href":"https:\/\/arantv.az\/index.php?rest_route=\/wp\/v2\/posts\/84440\/revisions"}],"wp:featuredmedia":[{"embeddable":true,"href":"https:\/\/arantv.az\/index.php?rest_route=\/wp\/v2\/media\/84441"}],"wp:attachment":[{"href":"https:\/\/arantv.az\/index.php?rest_route=%2Fwp%2Fv2%2Fmedia&parent=84440"}],"wp:term":[{"taxonomy":"category","embeddable":true,"href":"https:\/\/arantv.az\/index.php?rest_route=%2Fwp%2Fv2%2Fcategories&post=84440"},{"taxonomy":"post_tag","embeddable":true,"href":"https:\/\/arantv.az\/index.php?rest_route=%2Fwp%2Fv2%2Ftags&post=84440"}],"curies":[{"name":"wp","href":"https:\/\/api.w.org\/{rel}","templated":true}]}}