{"id":844429,"date":"2026-03-13T16:42:57","date_gmt":"2026-03-13T12:42:57","guid":{"rendered":"https:\/\/arantv.az\/?p=844429"},"modified":"2026-03-13T16:42:57","modified_gmt":"2026-03-13T12:42:57","slug":"mudafi%c9%99-nazirliyi-turkiy%c9%99-%c9%99razisin%c9%99-novb%c9%99ti-raket-buraxilisini-pisl%c9%99di","status":"publish","type":"post","link":"https:\/\/arantv.az\/?p=844429","title":{"rendered":"M\u00fcdafi\u0259 Nazirliyi T\u00fcrkiy\u0259 \u0259razisin\u0259 n\u00f6vb\u0259ti raket burax\u0131l\u0131\u015f\u0131n\u0131 P\u0130SL\u018fD\u0130"},"content":{"rendered":"<p><strong>Qarda\u015f T\u00fcrkiy\u0259nin \u0259razisin\u0259 qar\u015f\u0131 n\u00f6vb\u0259ti raket burax\u0131l\u0131\u015f\u0131n\u0131 q\u0259tiyy\u0259tl\u0259 pisl\u0259yirik.<\/strong><\/p>\n<p><strong>Musavat.com<\/strong>\u00a0x\u0259b\u0259r verir ki, bu bar\u0259d\u0259 Az\u0259rbaycan M\u00fcdafi\u0259 Nazirliyi yayd\u0131\u011f\u0131 m\u0259lumatda qeyd edilib.<\/p>\n<p>M\u0259lumatda deyilib ki, bu suverenliyin v\u0259 \u0259razi b\u00fct\u00f6vl\u00fcy\u00fcn\u00fcn kobud \u015f\u0259kild\u0259 pozulmas\u0131d\u0131r:<\/p>\n<p>&#8220;Bu kimi h\u0259r\u0259k\u0259tl\u0259r q\u0259buledilm\u0259z eskalasiyad\u0131r v\u0259 regional sabitliy\u0259 birba\u015fa t\u0259hl\u00fck\u0259dir.<\/p>\n<p>Qarda\u015f T\u00fcrkiy\u0259 il\u0259 h\u0259mr\u0259yliyimizi bir daha b\u0259yan edirik&#8221;.<\/p>\n","protected":false},"excerpt":{"rendered":"<p>Qarda\u015f T\u00fcrkiy\u0259nin \u0259razisin\u0259 qar\u015f\u0131 n\u00f6vb\u0259ti raket burax\u0131l\u0131\u015f\u0131n\u0131 q\u0259tiyy\u0259tl\u0259 pisl\u0259yirik. Musavat.com\u00a0x\u0259b\u0259r verir ki, bu bar\u0259d\u0259 Az\u0259rbaycan M\u00fcdafi\u0259 Nazirliyi yayd\u0131\u011f\u0131 m\u0259lumatda qeyd edilib. M\u0259lumatda deyilib ki, bu suverenliyin v\u0259 \u0259razi b\u00fct\u00f6vl\u00fcy\u00fcn\u00fcn kobud \u015f\u0259kild\u0259 pozulmas\u0131d\u0131r: &#8220;Bu kimi h\u0259r\u0259k\u0259tl\u0259r q\u0259buledilm\u0259z eskalasiyad\u0131r v\u0259 regional sabitliy\u0259 birba\u015fa t\u0259hl\u00fck\u0259dir. Qarda\u015f T\u00fcrkiy\u0259 il\u0259 h\u0259mr\u0259yliyimizi bir daha b\u0259yan edirik&#8221;.<\/p>\n","protected":false},"author":2,"featured_media":844430,"comment_status":"closed","ping_status":"closed","sticky":false,"template":"","format":"standard","meta":{"om_disable_all_campaigns":false,"_monsterinsights_skip_tracking":false,"_monsterinsights_sitenote_active":false,"_monsterinsights_sitenote_note":"","_monsterinsights_sitenote_category":0},"categories":[10],"tags":[],"aioseo_notices":[],"gutentor_comment":0,"rttpg_featured_image_url":{"full":["https:\/\/arantv.az\/wp-content\/uploads\/2026\/03\/345dfebf6746e8fa8ccc27e5a0e9be6c.jpg",870,500,false],"landscape":["https:\/\/arantv.az\/wp-content\/uploads\/2026\/03\/345dfebf6746e8fa8ccc27e5a0e9be6c.jpg",870,500,false],"portraits":["https:\/\/arantv.az\/wp-content\/uploads\/2026\/03\/345dfebf6746e8fa8ccc27e5a0e9be6c.jpg",870,500,false],"thumbnail":["https:\/\/arantv.az\/wp-content\/uploads\/2026\/03\/345dfebf6746e8fa8ccc27e5a0e9be6c-500x280.jpg",500,280,true],"medium":["https:\/\/arantv.az\/wp-content\/uploads\/2026\/03\/345dfebf6746e8fa8ccc27e5a0e9be6c-635x365.jpg",635,365,true],"large":["https:\/\/arantv.az\/wp-content\/uploads\/2026\/03\/345dfebf6746e8fa8ccc27e5a0e9be6c-840x483.jpg",640,368,true],"1536x1536":["https:\/\/arantv.az\/wp-content\/uploads\/2026\/03\/345dfebf6746e8fa8ccc27e5a0e9be6c.jpg",870,500,false],"2048x2048":["https:\/\/arantv.az\/wp-content\/uploads\/2026\/03\/345dfebf6746e8fa8ccc27e5a0e9be6c.jpg",870,500,false],"post-thumbnail":["https:\/\/arantv.az\/wp-content\/uploads\/2026\/03\/345dfebf6746e8fa8ccc27e5a0e9be6c-240x172.jpg",240,172,true],"advps-thumb-one":["https:\/\/arantv.az\/wp-content\/uploads\/2026\/03\/345dfebf6746e8fa8ccc27e5a0e9be6c.jpg",870,500,false]},"rttpg_author":{"display_name":"V\u00fcsal Rafiqo\u011flu","author_link":"https:\/\/arantv.az\/?author=2"},"rttpg_comment":0,"rttpg_category":"<a href=\"https:\/\/arantv.az\/?cat=10\" rel=\"category\">C\u0259bh\u0259d\u0259n X\u0259b\u0259r<\/a>","rttpg_excerpt":"Qarda\u015f T\u00fcrkiy\u0259nin \u0259razisin\u0259 qar\u015f\u0131 n\u00f6vb\u0259ti raket burax\u0131l\u0131\u015f\u0131n\u0131 q\u0259tiyy\u0259tl\u0259 pisl\u0259yirik. Musavat.com\u00a0x\u0259b\u0259r verir ki, bu bar\u0259d\u0259 Az\u0259rbaycan M\u00fcdafi\u0259 Nazirliyi yayd\u0131\u011f\u0131 m\u0259lumatda qeyd edilib. M\u0259lumatda deyilib ki, bu suverenliyin v\u0259 \u0259razi b\u00fct\u00f6vl\u00fcy\u00fcn\u00fcn kobud \u015f\u0259kild\u0259 pozulmas\u0131d\u0131r: &#8220;Bu kimi h\u0259r\u0259k\u0259tl\u0259r q\u0259buledilm\u0259z eskalasiyad\u0131r v\u0259 regional sabitliy\u0259 birba\u015fa t\u0259hl\u00fck\u0259dir. Qarda\u015f T\u00fcrkiy\u0259 il\u0259 h\u0259mr\u0259yliyimizi bir daha b\u0259yan edirik&#8221;.","_links":{"self":[{"href":"https:\/\/arantv.az\/index.php?rest_route=\/wp\/v2\/posts\/844429"}],"collection":[{"href":"https:\/\/arantv.az\/index.php?rest_route=\/wp\/v2\/posts"}],"about":[{"href":"https:\/\/arantv.az\/index.php?rest_route=\/wp\/v2\/types\/post"}],"author":[{"embeddable":true,"href":"https:\/\/arantv.az\/index.php?rest_route=\/wp\/v2\/users\/2"}],"replies":[{"embeddable":true,"href":"https:\/\/arantv.az\/index.php?rest_route=%2Fwp%2Fv2%2Fcomments&post=844429"}],"version-history":[{"count":1,"href":"https:\/\/arantv.az\/index.php?rest_route=\/wp\/v2\/posts\/844429\/revisions"}],"predecessor-version":[{"id":844431,"href":"https:\/\/arantv.az\/index.php?rest_route=\/wp\/v2\/posts\/844429\/revisions\/844431"}],"wp:featuredmedia":[{"embeddable":true,"href":"https:\/\/arantv.az\/index.php?rest_route=\/wp\/v2\/media\/844430"}],"wp:attachment":[{"href":"https:\/\/arantv.az\/index.php?rest_route=%2Fwp%2Fv2%2Fmedia&parent=844429"}],"wp:term":[{"taxonomy":"category","embeddable":true,"href":"https:\/\/arantv.az\/index.php?rest_route=%2Fwp%2Fv2%2Fcategories&post=844429"},{"taxonomy":"post_tag","embeddable":true,"href":"https:\/\/arantv.az\/index.php?rest_route=%2Fwp%2Fv2%2Ftags&post=844429"}],"curies":[{"name":"wp","href":"https:\/\/api.w.org\/{rel}","templated":true}]}}