{"id":844452,"date":"2026-03-14T10:33:37","date_gmt":"2026-03-14T06:33:37","guid":{"rendered":"https:\/\/arantv.az\/?p=844452"},"modified":"2026-03-14T10:33:37","modified_gmt":"2026-03-14T06:33:37","slug":"qardas-turkiy%c9%99-il%c9%99-h%c9%99mr%c9%99yliyimizi-bir-daha-b%c9%99yan-edirik-mudafi%c9%99-nazirliyi-m%c9%99lumat-yaydi","status":"publish","type":"post","link":"https:\/\/arantv.az\/?p=844452","title":{"rendered":"Qarda\u015f T\u00fcrkiy\u0259 il\u0259 h\u0259mr\u0259yliyimizi bir daha b\u0259yan edirik &#8211; M\u00fcdafi\u0259 Nazirliyi m\u0259lumat yayd\u0131"},"content":{"rendered":"<p>Qarda\u015f T\u00fcrkiy\u0259nin \u0259razisin\u0259 qar\u015f\u0131 n\u00f6vb\u0259ti raket burax\u0131l\u0131\u015f\u0131n\u0131 q\u0259tiyy\u0259tl\u0259 pisl\u0259yirik.<\/p>\n<p><strong>\u201c\u0130ki sahil\u201d x\u0259b\u0259r verir ki,\u00a0<\/strong>bu bar\u0259d\u0259 Az\u0259rbaycan Respublikas\u0131 M\u00fcdafi\u0259 Nazirliyinin m\u0259lumat\u0131nda deyilir.<\/p>\n<p>&#8220;Bu suverenliyin v\u0259 \u0259razi b\u00fct\u00f6vl\u00fcy\u00fcn\u00fcn kobud \u015f\u0259kild\u0259 pozulmas\u0131d\u0131r. Bu kimi h\u0259r\u0259k\u0259tl\u0259r q\u0259buledilm\u0259z eskalasiyad\u0131r v\u0259 regional sabitliy\u0259 birba\u015fa t\u0259hl\u00fck\u0259dir. Qarda\u015f T\u00fcrkiy\u0259 il\u0259 h\u0259mr\u0259yliyimizi bir daha b\u0259yan edirik&#8221;.<\/p>\n","protected":false},"excerpt":{"rendered":"<p>Qarda\u015f T\u00fcrkiy\u0259nin \u0259razisin\u0259 qar\u015f\u0131 n\u00f6vb\u0259ti raket burax\u0131l\u0131\u015f\u0131n\u0131 q\u0259tiyy\u0259tl\u0259 pisl\u0259yirik. \u201c\u0130ki sahil\u201d x\u0259b\u0259r verir ki,\u00a0bu bar\u0259d\u0259 Az\u0259rbaycan Respublikas\u0131 M\u00fcdafi\u0259 Nazirliyinin m\u0259lumat\u0131nda deyilir. &#8220;Bu suverenliyin v\u0259 \u0259razi b\u00fct\u00f6vl\u00fcy\u00fcn\u00fcn kobud \u015f\u0259kild\u0259 pozulmas\u0131d\u0131r. Bu kimi h\u0259r\u0259k\u0259tl\u0259r q\u0259buledilm\u0259z eskalasiyad\u0131r v\u0259 regional sabitliy\u0259 birba\u015fa t\u0259hl\u00fck\u0259dir. Qarda\u015f T\u00fcrkiy\u0259 il\u0259 h\u0259mr\u0259yliyimizi bir daha b\u0259yan edirik&#8221;.<\/p>\n","protected":false},"author":2,"featured_media":844453,"comment_status":"closed","ping_status":"closed","sticky":false,"template":"","format":"standard","meta":{"om_disable_all_campaigns":false,"_monsterinsights_skip_tracking":false,"_monsterinsights_sitenote_active":false,"_monsterinsights_sitenote_note":"","_monsterinsights_sitenote_category":0},"categories":[10],"tags":[],"aioseo_notices":[],"gutentor_comment":0,"rttpg_featured_image_url":{"full":["https:\/\/arantv.az\/wp-content\/uploads\/2026\/03\/3d324c28166333748477066171210762564-1.jpg",975,540,false],"landscape":["https:\/\/arantv.az\/wp-content\/uploads\/2026\/03\/3d324c28166333748477066171210762564-1.jpg",975,540,false],"portraits":["https:\/\/arantv.az\/wp-content\/uploads\/2026\/03\/3d324c28166333748477066171210762564-1.jpg",975,540,false],"thumbnail":["https:\/\/arantv.az\/wp-content\/uploads\/2026\/03\/3d324c28166333748477066171210762564-1-500x280.jpg",500,280,true],"medium":["https:\/\/arantv.az\/wp-content\/uploads\/2026\/03\/3d324c28166333748477066171210762564-1-660x365.jpg",660,365,true],"large":["https:\/\/arantv.az\/wp-content\/uploads\/2026\/03\/3d324c28166333748477066171210762564-1-840x465.jpg",640,354,true],"1536x1536":["https:\/\/arantv.az\/wp-content\/uploads\/2026\/03\/3d324c28166333748477066171210762564-1.jpg",975,540,false],"2048x2048":["https:\/\/arantv.az\/wp-content\/uploads\/2026\/03\/3d324c28166333748477066171210762564-1.jpg",975,540,false],"post-thumbnail":["https:\/\/arantv.az\/wp-content\/uploads\/2026\/03\/3d324c28166333748477066171210762564-1-240x172.jpg",240,172,true],"advps-thumb-one":["https:\/\/arantv.az\/wp-content\/uploads\/2026\/03\/3d324c28166333748477066171210762564-1.jpg",975,540,false]},"rttpg_author":{"display_name":"V\u00fcsal Rafiqo\u011flu","author_link":"https:\/\/arantv.az\/?author=2"},"rttpg_comment":0,"rttpg_category":"<a href=\"https:\/\/arantv.az\/?cat=10\" rel=\"category\">C\u0259bh\u0259d\u0259n X\u0259b\u0259r<\/a>","rttpg_excerpt":"Qarda\u015f T\u00fcrkiy\u0259nin \u0259razisin\u0259 qar\u015f\u0131 n\u00f6vb\u0259ti raket burax\u0131l\u0131\u015f\u0131n\u0131 q\u0259tiyy\u0259tl\u0259 pisl\u0259yirik. \u201c\u0130ki sahil\u201d x\u0259b\u0259r verir ki,\u00a0bu bar\u0259d\u0259 Az\u0259rbaycan Respublikas\u0131 M\u00fcdafi\u0259 Nazirliyinin m\u0259lumat\u0131nda deyilir. &#8220;Bu suverenliyin v\u0259 \u0259razi b\u00fct\u00f6vl\u00fcy\u00fcn\u00fcn kobud \u015f\u0259kild\u0259 pozulmas\u0131d\u0131r. Bu kimi h\u0259r\u0259k\u0259tl\u0259r q\u0259buledilm\u0259z eskalasiyad\u0131r v\u0259 regional sabitliy\u0259 birba\u015fa t\u0259hl\u00fck\u0259dir. Qarda\u015f T\u00fcrkiy\u0259 il\u0259 h\u0259mr\u0259yliyimizi bir daha b\u0259yan edirik&#8221;.","_links":{"self":[{"href":"https:\/\/arantv.az\/index.php?rest_route=\/wp\/v2\/posts\/844452"}],"collection":[{"href":"https:\/\/arantv.az\/index.php?rest_route=\/wp\/v2\/posts"}],"about":[{"href":"https:\/\/arantv.az\/index.php?rest_route=\/wp\/v2\/types\/post"}],"author":[{"embeddable":true,"href":"https:\/\/arantv.az\/index.php?rest_route=\/wp\/v2\/users\/2"}],"replies":[{"embeddable":true,"href":"https:\/\/arantv.az\/index.php?rest_route=%2Fwp%2Fv2%2Fcomments&post=844452"}],"version-history":[{"count":1,"href":"https:\/\/arantv.az\/index.php?rest_route=\/wp\/v2\/posts\/844452\/revisions"}],"predecessor-version":[{"id":844454,"href":"https:\/\/arantv.az\/index.php?rest_route=\/wp\/v2\/posts\/844452\/revisions\/844454"}],"wp:featuredmedia":[{"embeddable":true,"href":"https:\/\/arantv.az\/index.php?rest_route=\/wp\/v2\/media\/844453"}],"wp:attachment":[{"href":"https:\/\/arantv.az\/index.php?rest_route=%2Fwp%2Fv2%2Fmedia&parent=844452"}],"wp:term":[{"taxonomy":"category","embeddable":true,"href":"https:\/\/arantv.az\/index.php?rest_route=%2Fwp%2Fv2%2Fcategories&post=844452"},{"taxonomy":"post_tag","embeddable":true,"href":"https:\/\/arantv.az\/index.php?rest_route=%2Fwp%2Fv2%2Ftags&post=844452"}],"curies":[{"name":"wp","href":"https:\/\/api.w.org\/{rel}","templated":true}]}}