{"id":844458,"date":"2026-03-14T11:54:30","date_gmt":"2026-03-14T07:54:30","guid":{"rendered":"https:\/\/arantv.az\/?p=844458"},"modified":"2026-03-14T11:54:30","modified_gmt":"2026-03-14T07:54:30","slug":"az%c9%99rbaycan-xin-efiopiyaya-bassagligi-verib-2","status":"publish","type":"post","link":"https:\/\/arantv.az\/?p=844458","title":{"rendered":"Az\u0259rbaycan X\u0130N Efiopiyaya ba\u015fsa\u011fl\u0131\u011f\u0131 verib"},"content":{"rendered":"<p>Az\u0259rbaycan Xarici \u0130\u015fl\u0259r Nazirliyi (X\u0130N) Efiopiyaya ba\u015fsa\u011fl\u0131\u011f\u0131 verib.<\/p>\n<p><strong>\u201c\u0130ki sahil\u201d x\u0259b\u0259r verir ki,<\/strong>\u00a0bu bar\u0259d\u0259 nazirliyin &#8220;X&#8221; sosial media hesab\u0131nda\u00a0<a href=\"https:\/\/x.com\/AzerbaijanMFA\/status\/2032705472868782107?ref_src=twsrc%5Etfw%7Ctwcamp%5Etweetembed%7Ctwterm%5E2032705472868782107%7Ctwgr%5E69a3f69cdd90a1a26544557d42fb3a4e52ea2dc4%7Ctwcon%5Es1_&amp;ref_url=https%3A%2F%2Freport.az%2Fxarici-siyaset%2Fazerbaycan-xin-efiopiyaya-bassagligi-verib\">payla\u015f\u0131m<\/a>\u00a0edilib.<\/p>\n<p>&#8220;Efiopiyada ba\u015f ver\u0259n da\u011f\u0131d\u0131c\u0131 torpaq s\u00fcr\u00fc\u015fm\u0259l\u0259ri v\u0259 da\u015fq\u0131nlar n\u0259tic\u0259sind\u0259 insanlar\u0131n h\u0259lak olmas\u0131 v\u0259 \u00e7oxsayl\u0131 yaralanmalar bizi d\u0259rind\u0259n k\u0259d\u0259rl\u0259ndirdi.<\/p>\n<p>H\u0259yat\u0131n\u0131 itir\u0259nl\u0259rin ail\u0259l\u0259rin\u0259, Efiopiya h\u00f6kum\u0259tin\u0259 v\u0259 xalq\u0131na d\u0259rin h\u00fcznl\u0259 ba\u015fsa\u011fl\u0131\u011f\u0131 verir, bu f\u0259lak\u0259td\u0259n z\u0259r\u0259r \u00e7\u0259k\u0259n insanlarla h\u0259mr\u0259y oldu\u011fumuzu bildiririk. Yaralananlara tezlikl\u0259 v\u0259 tam sa\u011falma arzulay\u0131r\u0131q&#8221;, &#8211; payla\u015f\u0131mda qeyd olunub.<\/p>\n","protected":false},"excerpt":{"rendered":"<p>Az\u0259rbaycan Xarici \u0130\u015fl\u0259r Nazirliyi (X\u0130N) Efiopiyaya ba\u015fsa\u011fl\u0131\u011f\u0131 verib. \u201c\u0130ki sahil\u201d x\u0259b\u0259r verir ki,\u00a0bu bar\u0259d\u0259 nazirliyin &#8220;X&#8221; sosial media hesab\u0131nda\u00a0payla\u015f\u0131m\u00a0edilib. &#8220;Efiopiyada ba\u015f ver\u0259n da\u011f\u0131d\u0131c\u0131 torpaq s\u00fcr\u00fc\u015fm\u0259l\u0259ri v\u0259 da\u015fq\u0131nlar n\u0259tic\u0259sind\u0259 insanlar\u0131n h\u0259lak olmas\u0131 v\u0259 \u00e7oxsayl\u0131 yaralanmalar bizi d\u0259rind\u0259n k\u0259d\u0259rl\u0259ndirdi. H\u0259yat\u0131n\u0131 itir\u0259nl\u0259rin ail\u0259l\u0259rin\u0259, Efiopiya h\u00f6kum\u0259tin\u0259 v\u0259 xalq\u0131na d\u0259rin h\u00fcznl\u0259 ba\u015fsa\u011fl\u0131\u011f\u0131 verir, bu f\u0259lak\u0259td\u0259n z\u0259r\u0259r \u00e7\u0259k\u0259n insanlarla h\u0259mr\u0259y oldu\u011fumuzu bildiririk. Yaralananlara tezlikl\u0259 v\u0259 tam sa\u011falma arzulay\u0131r\u0131q&#8221;, &#8211; payla\u015f\u0131mda qeyd olunub.<\/p>\n","protected":false},"author":2,"featured_media":844459,"comment_status":"closed","ping_status":"closed","sticky":false,"template":"","format":"standard","meta":{"om_disable_all_campaigns":false,"_monsterinsights_skip_tracking":false,"_monsterinsights_sitenote_active":false,"_monsterinsights_sitenote_note":"","_monsterinsights_sitenote_category":0},"categories":[4],"tags":[],"aioseo_notices":[],"gutentor_comment":0,"rttpg_featured_image_url":{"full":["https:\/\/arantv.az\/wp-content\/uploads\/2026\/03\/3e441eec170517461522853934010527283-1.jpg",975,540,false],"landscape":["https:\/\/arantv.az\/wp-content\/uploads\/2026\/03\/3e441eec170517461522853934010527283-1.jpg",975,540,false],"portraits":["https:\/\/arantv.az\/wp-content\/uploads\/2026\/03\/3e441eec170517461522853934010527283-1.jpg",975,540,false],"thumbnail":["https:\/\/arantv.az\/wp-content\/uploads\/2026\/03\/3e441eec170517461522853934010527283-1-500x280.jpg",500,280,true],"medium":["https:\/\/arantv.az\/wp-content\/uploads\/2026\/03\/3e441eec170517461522853934010527283-1-660x365.jpg",660,365,true],"large":["https:\/\/arantv.az\/wp-content\/uploads\/2026\/03\/3e441eec170517461522853934010527283-1-840x465.jpg",640,354,true],"1536x1536":["https:\/\/arantv.az\/wp-content\/uploads\/2026\/03\/3e441eec170517461522853934010527283-1.jpg",975,540,false],"2048x2048":["https:\/\/arantv.az\/wp-content\/uploads\/2026\/03\/3e441eec170517461522853934010527283-1.jpg",975,540,false],"post-thumbnail":["https:\/\/arantv.az\/wp-content\/uploads\/2026\/03\/3e441eec170517461522853934010527283-1-240x172.jpg",240,172,true],"advps-thumb-one":["https:\/\/arantv.az\/wp-content\/uploads\/2026\/03\/3e441eec170517461522853934010527283-1.jpg",975,540,false]},"rttpg_author":{"display_name":"V\u00fcsal Rafiqo\u011flu","author_link":"https:\/\/arantv.az\/?author=2"},"rttpg_comment":0,"rttpg_category":"<a href=\"https:\/\/arantv.az\/?cat=4\" rel=\"category\">Siyas\u0259t<\/a>","rttpg_excerpt":"Az\u0259rbaycan Xarici \u0130\u015fl\u0259r Nazirliyi (X\u0130N) Efiopiyaya ba\u015fsa\u011fl\u0131\u011f\u0131 verib. \u201c\u0130ki sahil\u201d x\u0259b\u0259r verir ki,\u00a0bu bar\u0259d\u0259 nazirliyin &#8220;X&#8221; sosial media hesab\u0131nda\u00a0payla\u015f\u0131m\u00a0edilib. &#8220;Efiopiyada ba\u015f ver\u0259n da\u011f\u0131d\u0131c\u0131 torpaq s\u00fcr\u00fc\u015fm\u0259l\u0259ri v\u0259 da\u015fq\u0131nlar n\u0259tic\u0259sind\u0259 insanlar\u0131n h\u0259lak olmas\u0131 v\u0259 \u00e7oxsayl\u0131 yaralanmalar bizi d\u0259rind\u0259n k\u0259d\u0259rl\u0259ndirdi. H\u0259yat\u0131n\u0131 itir\u0259nl\u0259rin ail\u0259l\u0259rin\u0259, Efiopiya h\u00f6kum\u0259tin\u0259 v\u0259 xalq\u0131na d\u0259rin h\u00fcznl\u0259 ba\u015fsa\u011fl\u0131\u011f\u0131 verir, bu f\u0259lak\u0259td\u0259n z\u0259r\u0259r \u00e7\u0259k\u0259n insanlarla h\u0259mr\u0259y oldu\u011fumuzu&hellip;","_links":{"self":[{"href":"https:\/\/arantv.az\/index.php?rest_route=\/wp\/v2\/posts\/844458"}],"collection":[{"href":"https:\/\/arantv.az\/index.php?rest_route=\/wp\/v2\/posts"}],"about":[{"href":"https:\/\/arantv.az\/index.php?rest_route=\/wp\/v2\/types\/post"}],"author":[{"embeddable":true,"href":"https:\/\/arantv.az\/index.php?rest_route=\/wp\/v2\/users\/2"}],"replies":[{"embeddable":true,"href":"https:\/\/arantv.az\/index.php?rest_route=%2Fwp%2Fv2%2Fcomments&post=844458"}],"version-history":[{"count":1,"href":"https:\/\/arantv.az\/index.php?rest_route=\/wp\/v2\/posts\/844458\/revisions"}],"predecessor-version":[{"id":844460,"href":"https:\/\/arantv.az\/index.php?rest_route=\/wp\/v2\/posts\/844458\/revisions\/844460"}],"wp:featuredmedia":[{"embeddable":true,"href":"https:\/\/arantv.az\/index.php?rest_route=\/wp\/v2\/media\/844459"}],"wp:attachment":[{"href":"https:\/\/arantv.az\/index.php?rest_route=%2Fwp%2Fv2%2Fmedia&parent=844458"}],"wp:term":[{"taxonomy":"category","embeddable":true,"href":"https:\/\/arantv.az\/index.php?rest_route=%2Fwp%2Fv2%2Fcategories&post=844458"},{"taxonomy":"post_tag","embeddable":true,"href":"https:\/\/arantv.az\/index.php?rest_route=%2Fwp%2Fv2%2Ftags&post=844458"}],"curies":[{"name":"wp","href":"https:\/\/api.w.org\/{rel}","templated":true}]}}