{"id":844467,"date":"2026-03-15T10:38:16","date_gmt":"2026-03-15T06:38:16","guid":{"rendered":"https:\/\/arantv.az\/?p=844467"},"modified":"2026-03-15T10:38:16","modified_gmt":"2026-03-15T06:38:16","slug":"biz-muxt%c9%99lif-s%c9%99viyy%c9%99l%c9%99rd%c9%99-t%c9%99r%c9%99fdasligin-f%c9%99al-m%c9%99rh%c9%99l%c9%99sind%c9%99yik","status":"publish","type":"post","link":"https:\/\/arantv.az\/?p=844467","title":{"rendered":"Biz m\u00fcxt\u0259lif s\u0259viyy\u0259l\u0259rd\u0259 t\u0259r\u0259fda\u015fl\u0131\u011f\u0131n f\u0259al m\u0259rh\u0259l\u0259sind\u0259yik."},"content":{"rendered":"<p>Prezident \u0130lham \u018fliyevin 11 mart 2026-c\u0131 ild\u0259 Antonio Ko\u015ftan\u0131n Az\u0259rbaycana s\u0259f\u0259ri zaman\u0131 verdiyi b\u0259yanat Az\u0259rbaycan il\u0259 Avropa \u0130ttifaq\u0131 aras\u0131nda m\u00fcnasib\u0259tl\u0259rin haz\u0131rk\u0131 v\u0259ziyy\u0259tini v\u0259 g\u0259l\u0259c\u0259k inki\u015faf perspektivl\u0259rini \u0259hat\u0259 ed\u0259n m\u00fch\u00fcm siyasi mesajlarla z\u0259ngindir. D\u00f6vl\u0259t ba\u015f\u00e7\u0131s\u0131n\u0131n \u00e7\u0131x\u0131\u015f\u0131 iqtisadi \u0259m\u0259kda\u015fl\u0131q, enerji t\u0259hl\u00fck\u0259sizliyi, n\u0259qliyyat layih\u0259l\u0259ri, b\u0259rpaolunan enerji v\u0259 regionda s\u00fclh m\u0259s\u0259l\u0259l\u0259rini \u0259hat\u0259 ed\u0259n geni\u015f g\u00fcnd\u0259liyi \u0259ks etdirir. Prezident \u0130lham \u018fliyev \u00e7\u0131x\u0131\u015f\u0131nda Az\u0259rbaycan il\u0259 Avropa \u0130ttifaq\u0131 aras\u0131nda \u0259laq\u0259l\u0259rin haz\u0131rda f\u0259al t\u0259r\u0259fda\u015fl\u0131q m\u0259rh\u0259l\u0259sind\u0259 oldu\u011funu vur\u011fulad\u0131. O qeyd etdi ki, Avropa \u0130ttifaq\u0131 il\u0259 dialoq m\u00fcxt\u0259lif s\u0259viyy\u0259l\u0259rd\u0259 davam edir v\u0259 bu \u0259laq\u0259l\u0259r son ill\u0259rd\u0259 daha da intensiv xarakter al\u0131b. Avropa Komissiyas\u0131n\u0131n n\u00fcmay\u0259nd\u0259l\u0259rinin Az\u0259rbaycana ard\u0131c\u0131l s\u0259f\u0259rl\u0259ri v\u0259 qar\u015f\u0131l\u0131ql\u0131 g\u00f6r\u00fc\u015fl\u0259r \u0259m\u0259kda\u015fl\u0131\u011f\u0131n dinamik inki\u015faf etdiyini g\u00f6st\u0259rir. D\u00f6vl\u0259t ba\u015f\u00e7\u0131s\u0131n\u0131n s\u00f6zl\u0259rin\u0259 g\u00f6r\u0259 iqtisadi g\u00f6st\u0259ricil\u0259r d\u0259 bu \u0259m\u0259kda\u015fl\u0131\u011f\u0131n g\u00fccl\u0259ndiyini t\u0259sdiql\u0259yir. 2026-c\u0131 ilin yanvar ay\u0131nda Az\u0259rbaycan\u0131n \u00fcmumi ticar\u0259t d\u00f6vriyy\u0259sinin t\u0259xmin\u0259n 50 faizi Avropa \u0130ttifaq\u0131 \u00f6lk\u0259l\u0259ri il\u0259 apar\u0131lan ticar\u0259tin pay\u0131na d\u00fc\u015f\u00fcb. Bu fakt Avropa \u0130ttifaq\u0131n\u0131n Az\u0259rbaycan \u00fc\u00e7\u00fcn \u0259sas ticar\u0259t t\u0259r\u0259fda\u015f\u0131 oldu\u011funu bir daha n\u00fcmayi\u015f etdirir. Eyni zamanda, qar\u015f\u0131l\u0131ql\u0131 investisiya imkanlar\u0131 da geni\u015fl\u0259nir. Az\u0259rbaycan yaln\u0131z xarici s\u0259rmay\u0259l\u0259ri c\u0259lb ed\u0259n \u00f6lk\u0259 kimi deyil, h\u0259m d\u0259 Avropa \u00f6lk\u0259l\u0259rind\u0259 aktiv investisiya yat\u0131ran t\u0259r\u0259fda\u015f kimi \u00e7\u0131x\u0131\u015f edir. Bu is\u0259 t\u0259r\u0259fda\u015fl\u0131\u011f\u0131n daha balansl\u0131 v\u0259 uzunm\u00fcdd\u0259tli xarakter da\u015f\u0131d\u0131\u011f\u0131n\u0131 g\u00f6st\u0259rir. Az\u0259rbaycan il\u0259 Avropa \u0130ttifaq\u0131 aras\u0131nda \u0259m\u0259kda\u015fl\u0131\u011f\u0131n \u0259n m\u00fch\u00fcm istiqam\u0259tl\u0259rind\u0259n biri enerji sah\u0259sidir. Prezident \u0130lham \u018fliyev \u00e7\u0131x\u0131\u015f\u0131nda x\u00fcsusil\u0259 vur\u011fulad\u0131 ki, enerji \u0259m\u0259kda\u015fl\u0131\u011f\u0131 h\u0259r zaman t\u0259r\u0259fda\u015fl\u0131\u011f\u0131n \u0259sas s\u00fctunlar\u0131ndan biri olub v\u0259 g\u0259l\u0259c\u0259kd\u0259 d\u0259 bel\u0259 qalacaq. Bu \u0259m\u0259kda\u015fl\u0131\u011f\u0131n yeni m\u0259rh\u0259l\u0259si 2022-ci ild\u0259 Az\u0259rbaycan il\u0259 Avropa Komissiyas\u0131 aras\u0131nda imzalanm\u0131\u015f enerji sah\u0259sind\u0259 strateji t\u0259r\u0259fda\u015fl\u0131q s\u0259n\u0259dind\u0259n sonra daha da geni\u015fl\u0259nib. H\u0259min s\u0259n\u0259d Avropan\u0131n enerji t\u0259hl\u00fck\u0259sizliyinin t\u0259min edilm\u0259sind\u0259 Az\u0259rbaycan\u0131n rolunu g\u00fccl\u0259ndirib. Haz\u0131rda Avropa \u0130ttifaq\u0131n\u0131n 10 \u00fczv d\u00f6vl\u0259ti Az\u0259rbaycandan qaz al\u0131r v\u0259 \u00fcmumilikd\u0259 Az\u0259rbaycan qaz\u0131n\u0131 idxal ed\u0259n \u00f6lk\u0259l\u0259rin say\u0131 16-ya \u00e7at\u0131b. Bu g\u00f6st\u0259rici Az\u0259rbaycan\u0131n beyn\u0259lxalq enerji bazar\u0131nda m\u00fch\u00fcm m\u00f6vqey\u0259 malik oldu\u011funu g\u00f6st\u0259rir. Boru k\u0259m\u0259rl\u0259ri vasit\u0259sil\u0259 qaz t\u0259chiz ed\u0259n \u00f6lk\u0259l\u0259r aras\u0131nda Az\u0259rbaycan lider m\u00f6vqel\u0259rd\u0259n birini tutur. Prezident \u0130lham \u018fliyev bildirdi ki, yax\u0131n ill\u0259rd\u0259 qaz hasilat\u0131 daha da art\u0131r\u0131lacaq. Yeni yataqlar\u0131n istismara verilm\u0259si n\u0259tic\u0259sind\u0259 qar\u015f\u0131dak\u0131 iki-\u00fc\u00e7 il \u0259rzind\u0259 haz\u0131rk\u0131 h\u0259cml\u0259 m\u00fcqayis\u0259d\u0259 minimum 10 milyard kubmetr \u0259lav\u0259 qaz hasil edil\u0259c\u0259k. Bu is\u0259 Avropa bazar\u0131na ixrac imkanlar\u0131n\u0131n daha da geni\u015fl\u0259nm\u0259sin\u0259 \u015f\u0259rait yaradacaq. Enerji \u0259m\u0259kda\u015fl\u0131\u011f\u0131n\u0131n dig\u0259r m\u00fch\u00fcm istiqam\u0259ti b\u0259rpaolunan enerji sah\u0259si il\u0259 ba\u011fl\u0131d\u0131r. Prezident \u0130lham \u018fliyev Az\u0259rbaycan\u0131n bu sah\u0259d\u0259 b\u00f6y\u00fck potensiala malik oldu\u011funu qeyd etdi. Az\u0259rbaycan\u0131n iqlim \u015f\u0259raiti b\u0259rpaolunan enerji layih\u0259l\u0259rinin inki\u015faf\u0131 \u00fc\u00e7\u00fcn \u0259lveri\u015flidir. \u00d6lk\u0259d\u0259 ild\u0259 300-d\u0259n \u00e7ox g\u00fcn\u0259\u015fli g\u00fcn m\u00fc\u015fahid\u0259 olunur v\u0259 k\u00fcl\u0259k enerjisi \u00fc\u00e7\u00fcn d\u0259 \u0259lveri\u015fli \u015f\u0259rait m\u00f6vcuddur. Bu s\u0259b\u0259bd\u0259n Az\u0259rbaycan h\u00f6kum\u0259ti k\u00fcl\u0259k, g\u00fcn\u0259\u015f v\u0259 su elektrik enerjisi layih\u0259l\u0259rin\u0259 b\u00f6y\u00fck s\u0259rmay\u0259l\u0259r yat\u0131r\u0131r. D\u00f6vl\u0259t ba\u015f\u00e7\u0131s\u0131 qeyd etdi ki, qar\u015f\u0131dak\u0131 5\u20136 il \u0259rzind\u0259 Az\u0259rbaycan ixraca haz\u0131r olan 6\u20138 giqavat g\u00fcc\u00fcnd\u0259 b\u0259rpaolunan enerji istehsal etm\u0259yi planla\u015fd\u0131r\u0131r. Bu istiqam\u0259td\u0259 Avropa t\u0259r\u0259fda\u015flar\u0131 il\u0259 yeni enerji \u00f6t\u00fcrm\u0259 x\u0259tl\u0259ri, o c\u00fcml\u0259d\u0259n d\u0259nizalt\u0131 kabell\u0259r v\u0259 dig\u0259r enerji infrastrukturu layih\u0259l\u0259ri \u00fcz\u0259rind\u0259 i\u015f apar\u0131l\u0131r. Bu layih\u0259l\u0259r yaln\u0131z enerji \u0259m\u0259kda\u015fl\u0131\u011f\u0131n\u0131 g\u00fccl\u0259ndirmir, h\u0259m d\u0259 Avropan\u0131n ya\u015f\u0131l enerji strategiyas\u0131na t\u00f6hf\u0259 verir. Prezident \u0130lham \u018fliyevin \u00e7\u0131x\u0131\u015f\u0131nda regional t\u0259hl\u00fck\u0259sizlik v\u0259 s\u00fclh m\u0259s\u0259l\u0259l\u0259ri d\u0259 m\u00fch\u00fcm yer tutdu. D\u00f6vl\u0259t ba\u015f\u00e7\u0131s\u0131 bildirdi ki, Az\u0259rbaycan\u0131n m\u00fcst\u0259qilliyi 1991-ci ild\u0259 b\u0259rpa olunsa da, \u00f6lk\u0259 c\u0259mi yeddi ayd\u0131r ki, tam s\u00fclh \u015f\u0259raitind\u0259 ya\u015fay\u0131r. Az\u0259rbaycan v\u0259 Erm\u0259nistan aras\u0131nda paraflanm\u0131\u015f s\u00fclh sazi\u015fi regionda yeni \u0259m\u0259kda\u015fl\u0131q imkanlar\u0131 yarad\u0131r. Bu s\u00fclh prosesi n\u0259qliyyat v\u0259 logistika layih\u0259l\u0259rinin inki\u015faf\u0131na da m\u00fcsb\u0259t t\u0259sir g\u00f6st\u0259rir. Prezident qeyd etdi ki, art\u0131q Erm\u0259nistanla ticar\u0259t \u0259laq\u0259l\u0259rinin ba\u015flanmas\u0131 istiqam\u0259tind\u0259 m\u00fc\u0259yy\u0259n add\u0131mlar at\u0131l\u0131b. Az\u0259rbaycan Erm\u0259nistana b\u0259zi m\u00fch\u00fcm neft m\u0259hsullar\u0131n\u0131n t\u0259chizat\u0131na ba\u015flay\u0131b v\u0259 dig\u0259r \u00f6lk\u0259l\u0259rd\u0259n Erm\u0259nistana ged\u0259n y\u00fckl\u0259rin Az\u0259rbaycan \u0259razisind\u0259n tranzitin\u0259 qoyulan m\u0259hdudiyy\u0259tl\u0259r aradan qald\u0131r\u0131l\u0131b.<\/p>\n<p>Bu add\u0131mlar Az\u0259rbaycan\u0131n s\u00fclh prosesin\u0259 real v\u0259 praktik yana\u015fmas\u0131n\u0131n g\u00f6st\u0259ricisi kimi qiym\u0259tl\u0259ndirilir. Prezident \u0130lham \u018fliyev \u00e7\u0131x\u0131\u015f\u0131nda vur\u011fulad\u0131 ki, s\u00fclh yaln\u0131z siyasi s\u0259n\u0259dl\u0259rl\u0259 m\u0259hdudla\u015fmamal\u0131,real add\u0131mlar v\u0259 qar\u015f\u0131l\u0131ql\u0131 etimadla m\u00f6hk\u0259ml\u0259ndirilm\u0259lidir. Onun s\u00f6zl\u0259rin\u0259 g\u00f6r\u0259, d\u00f6vl\u0259tl\u0259r v\u0259 xalqlar aras\u0131nda bar\u0131\u015f\u0131\u011f\u0131n \u0259sas g\u00f6st\u0259ricisi siyasi irad\u0259 v\u0259 s\u00fclh\u0259 sadiqlikdir. D\u00f6vl\u0259t ba\u015f\u00e7\u0131s\u0131 m\u00fcharib\u0259nin a\u011f\u0131r n\u0259tic\u0259l\u0259rini ya\u015fam\u0131\u015f \u00f6lk\u0259 kimi Az\u0259rbaycan\u0131n s\u00fclh\u00fcn d\u0259y\u0259rini daha yax\u015f\u0131 anlad\u0131\u011f\u0131n\u0131 qeyd etdi. Buna g\u00f6r\u0259 d\u0259 regionda sabitlik v\u0259 \u0259m\u0259kda\u015fl\u0131\u011f\u0131n t\u0259min edilm\u0259si Az\u0259rbaycan\u0131n \u0259sas prioritetl\u0259rind\u0259n biridir. Prezident \u0130lham \u018fliyevin Avropa \u0130ttifaq\u0131 \u015euras\u0131n\u0131n Prezidenti Antonio Ko\u015ftan\u0131n Az\u0259rbaycana s\u0259f\u0259ri zaman\u0131 verdiyi b\u0259yanat Az\u0259rbaycan il\u0259 Avropa \u0130ttifaq\u0131 aras\u0131nda m\u00fcnasib\u0259tl\u0259rin strateji xarakter da\u015f\u0131d\u0131\u011f\u0131n\u0131 bir daha n\u00fcmayi\u015f etdirdi. Enerji \u0259m\u0259kda\u015fl\u0131\u011f\u0131, iqtisadi \u0259laq\u0259l\u0259r, b\u0259rpaolunan enerji layih\u0259l\u0259ri v\u0259 regional s\u00fclh t\u0259\u015f\u0259bb\u00fcsl\u0259ri bu t\u0259r\u0259fda\u015fl\u0131\u011f\u0131n \u0259sas istiqam\u0259tl\u0259rini t\u0259\u015fkil edir. Bu \u00e7\u0131x\u0131\u015f g\u00f6st\u0259rir ki, Az\u0259rbaycan h\u0259m Avropan\u0131n enerji t\u0259hl\u00fck\u0259sizliyind\u0259 m\u00fch\u00fcm rol oynayan etibarl\u0131 t\u0259r\u0259fda\u015f, h\u0259m d\u0259 regionda s\u00fclh v\u0259 \u0259m\u0259kda\u015fl\u0131\u011f\u0131n t\u0259\u015fviqind\u0259 aktiv i\u015ftirak ed\u0259n \u00f6lk\u0259 kimi beyn\u0259lxalq m\u00fcnasib\u0259tl\u0259r sistemind\u0259 \u00f6z m\u00f6vqeyini daha da g\u00fccl\u0259ndirir.<\/p>\n","protected":false},"excerpt":{"rendered":"<p>Prezident \u0130lham \u018fliyevin 11 mart 2026-c\u0131 ild\u0259 Antonio Ko\u015ftan\u0131n Az\u0259rbaycana s\u0259f\u0259ri zaman\u0131 verdiyi b\u0259yanat Az\u0259rbaycan il\u0259 Avropa \u0130ttifaq\u0131 aras\u0131nda m\u00fcnasib\u0259tl\u0259rin haz\u0131rk\u0131 v\u0259ziyy\u0259tini v\u0259 g\u0259l\u0259c\u0259k inki\u015faf perspektivl\u0259rini \u0259hat\u0259 ed\u0259n m\u00fch\u00fcm siyasi mesajlarla z\u0259ngindir. D\u00f6vl\u0259t ba\u015f\u00e7\u0131s\u0131n\u0131n \u00e7\u0131x\u0131\u015f\u0131 iqtisadi \u0259m\u0259kda\u015fl\u0131q, enerji t\u0259hl\u00fck\u0259sizliyi, n\u0259qliyyat layih\u0259l\u0259ri, b\u0259rpaolunan enerji v\u0259 regionda s\u00fclh m\u0259s\u0259l\u0259l\u0259rini \u0259hat\u0259 ed\u0259n geni\u015f g\u00fcnd\u0259liyi \u0259ks etdirir. Prezident \u0130lham \u018fliyev \u00e7\u0131x\u0131\u015f\u0131nda Az\u0259rbaycan il\u0259 Avropa \u0130ttifaq\u0131 aras\u0131nda \u0259laq\u0259l\u0259rin haz\u0131rda f\u0259al t\u0259r\u0259fda\u015fl\u0131q m\u0259rh\u0259l\u0259sind\u0259 oldu\u011funu vur\u011fulad\u0131. O qeyd etdi ki, Avropa \u0130ttifaq\u0131 il\u0259 dialoq m\u00fcxt\u0259lif s\u0259viyy\u0259l\u0259rd\u0259 davam edir v\u0259 bu \u0259laq\u0259l\u0259r son ill\u0259rd\u0259 daha da intensiv xarakter&hellip;<\/p>\n","protected":false},"author":2,"featured_media":844468,"comment_status":"closed","ping_status":"closed","sticky":false,"template":"","format":"standard","meta":{"om_disable_all_campaigns":false,"_monsterinsights_skip_tracking":false,"_monsterinsights_sitenote_active":false,"_monsterinsights_sitenote_note":"","_monsterinsights_sitenote_category":0},"categories":[2],"tags":[],"aioseo_notices":[],"gutentor_comment":0,"rttpg_featured_image_url":{"full":["https:\/\/arantv.az\/wp-content\/uploads\/2026\/03\/FB_IMG_1773556625587.jpg",1200,608,false],"landscape":["https:\/\/arantv.az\/wp-content\/uploads\/2026\/03\/FB_IMG_1773556625587.jpg",1200,608,false],"portraits":["https:\/\/arantv.az\/wp-content\/uploads\/2026\/03\/FB_IMG_1773556625587.jpg",1200,608,false],"thumbnail":["https:\/\/arantv.az\/wp-content\/uploads\/2026\/03\/FB_IMG_1773556625587-500x280.jpg",500,280,true],"medium":["https:\/\/arantv.az\/wp-content\/uploads\/2026\/03\/FB_IMG_1773556625587-660x334.jpg",660,334,true],"large":["https:\/\/arantv.az\/wp-content\/uploads\/2026\/03\/FB_IMG_1773556625587-840x426.jpg",640,325,true],"1536x1536":["https:\/\/arantv.az\/wp-content\/uploads\/2026\/03\/FB_IMG_1773556625587.jpg",1200,608,false],"2048x2048":["https:\/\/arantv.az\/wp-content\/uploads\/2026\/03\/FB_IMG_1773556625587.jpg",1200,608,false],"post-thumbnail":["https:\/\/arantv.az\/wp-content\/uploads\/2026\/03\/FB_IMG_1773556625587-240x172.jpg",240,172,true],"advps-thumb-one":["https:\/\/arantv.az\/wp-content\/uploads\/2026\/03\/FB_IMG_1773556625587.jpg",1200,608,false]},"rttpg_author":{"display_name":"V\u00fcsal Rafiqo\u011flu","author_link":"https:\/\/arantv.az\/?author=2"},"rttpg_comment":0,"rttpg_category":"<a href=\"https:\/\/arantv.az\/?cat=2\" rel=\"category\">Region X\u0259b\u0259rl\u0259ri<\/a>","rttpg_excerpt":"Prezident \u0130lham \u018fliyevin 11 mart 2026-c\u0131 ild\u0259 Antonio Ko\u015ftan\u0131n Az\u0259rbaycana s\u0259f\u0259ri zaman\u0131 verdiyi b\u0259yanat Az\u0259rbaycan il\u0259 Avropa \u0130ttifaq\u0131 aras\u0131nda m\u00fcnasib\u0259tl\u0259rin haz\u0131rk\u0131 v\u0259ziyy\u0259tini v\u0259 g\u0259l\u0259c\u0259k inki\u015faf perspektivl\u0259rini \u0259hat\u0259 ed\u0259n m\u00fch\u00fcm siyasi mesajlarla z\u0259ngindir. D\u00f6vl\u0259t ba\u015f\u00e7\u0131s\u0131n\u0131n \u00e7\u0131x\u0131\u015f\u0131 iqtisadi \u0259m\u0259kda\u015fl\u0131q, enerji t\u0259hl\u00fck\u0259sizliyi, n\u0259qliyyat layih\u0259l\u0259ri, b\u0259rpaolunan enerji v\u0259 regionda s\u00fclh m\u0259s\u0259l\u0259l\u0259rini \u0259hat\u0259 ed\u0259n geni\u015f g\u00fcnd\u0259liyi \u0259ks etdirir. Prezident \u0130lham&hellip;","_links":{"self":[{"href":"https:\/\/arantv.az\/index.php?rest_route=\/wp\/v2\/posts\/844467"}],"collection":[{"href":"https:\/\/arantv.az\/index.php?rest_route=\/wp\/v2\/posts"}],"about":[{"href":"https:\/\/arantv.az\/index.php?rest_route=\/wp\/v2\/types\/post"}],"author":[{"embeddable":true,"href":"https:\/\/arantv.az\/index.php?rest_route=\/wp\/v2\/users\/2"}],"replies":[{"embeddable":true,"href":"https:\/\/arantv.az\/index.php?rest_route=%2Fwp%2Fv2%2Fcomments&post=844467"}],"version-history":[{"count":1,"href":"https:\/\/arantv.az\/index.php?rest_route=\/wp\/v2\/posts\/844467\/revisions"}],"predecessor-version":[{"id":844469,"href":"https:\/\/arantv.az\/index.php?rest_route=\/wp\/v2\/posts\/844467\/revisions\/844469"}],"wp:featuredmedia":[{"embeddable":true,"href":"https:\/\/arantv.az\/index.php?rest_route=\/wp\/v2\/media\/844468"}],"wp:attachment":[{"href":"https:\/\/arantv.az\/index.php?rest_route=%2Fwp%2Fv2%2Fmedia&parent=844467"}],"wp:term":[{"taxonomy":"category","embeddable":true,"href":"https:\/\/arantv.az\/index.php?rest_route=%2Fwp%2Fv2%2Fcategories&post=844467"},{"taxonomy":"post_tag","embeddable":true,"href":"https:\/\/arantv.az\/index.php?rest_route=%2Fwp%2Fv2%2Ftags&post=844467"}],"curies":[{"name":"wp","href":"https:\/\/api.w.org\/{rel}","templated":true}]}}