{"id":844599,"date":"2026-03-16T15:01:05","date_gmt":"2026-03-16T11:01:05","guid":{"rendered":"https:\/\/arantv.az\/?p=844599"},"modified":"2026-03-16T15:01:05","modified_gmt":"2026-03-16T11:01:05","slug":"bakida-fransa-casusuna-hokm-oxundu","status":"publish","type":"post","link":"https:\/\/arantv.az\/?p=844599","title":{"rendered":"Bak\u0131da Fransa casusuna h\u00f6km oxundu"},"content":{"rendered":"<p><strong>Bak\u0131 A\u011f\u0131r Cinay\u0259tl\u0259r M\u0259hk\u0259m\u0259sind\u0259 hakim Elmin R\u00fcst\u0259movun s\u0259drliyi il\u0259 Fransaya casusluqda ittiham edil\u0259r\u0259k h\u0259bs olunan Martin Ryan\u0131n cinay\u0259t i\u015fi \u00fczr\u0259 m\u0259hk\u0259m\u0259 prosesi yekunla\u015f\u0131b.<\/strong><\/p>\n<p><strong>Musavat.com<\/strong>\u00a0x\u0259b\u0259r verir ki, Martin Ryan hakim qar\u015f\u0131s\u0131na t\u0259k \u00e7\u0131xar\u0131lmay\u0131b.<\/p>\n<p>O, m\u00fctt\u0259him k\u00fcrs\u00fcs\u00fcn\u00fc d\u00f6vl\u0259t\u0259 x\u0259yan\u0259td\u0259 ittiham olunan Azad M\u0259mm\u0259dli il\u0259 b\u00f6l\u00fc\u015f\u00fcb. H\u0259r iki \u015f\u0259xs bar\u0259sind\u0259 cinay\u0259t i\u015fi Az\u0259rbaycan Respublikas\u0131 D\u00f6vl\u0259t T\u0259hl\u00fck\u0259sizliyi Xidm\u0259tind\u0259 istintaq olunub.<\/p>\n<p>M\u0259hk\u0259m\u0259 prosesind\u0259 yerli v\u0259 xarici media n\u00fcmay\u0259nd\u0259l\u0259ri, xarici s\u0259firlikl\u0259rin \u0259m\u0259kda\u015flar\u0131 i\u015ftirak edibl\u0259r.<\/p>\n<p><strong>Prosesd\u0259 h\u00f6km elan olunub. H\u00f6km\u0259 \u0259sas\u0259n, Martin Ryan 10 il, Azad M\u0259mm\u0259dli is\u0259 12 il m\u00fcdd\u0259tin\u0259 azadl\u0131qdan m\u0259hrum edilib.<\/strong>\u00a0H\u0259r iki \u015f\u0259xs c\u0259zas\u0131n\u0131 ciddi rejimli c\u0259za\u00e7\u0259km\u0259 m\u00fc\u0259ssis\u0259sind\u0259 \u00e7\u0259k\u0259c\u0259k. H\u0259m\u00e7inin m\u0259hk\u0259m\u0259 q\u0259rar q\u0259bul edib ki, Martin Ryan c\u0259zas\u0131n\u0131 \u00e7\u0259kib ba\u015fa vurduqdan sonra Az\u0259rbaycan Respublikas\u0131n\u0131n h\u00fcdudlar\u0131ndan k\u0259nara \u00e7\u0131xar\u0131lacaq.<\/p>\n<p>\u0130ttiham akt\u0131na g\u00f6r\u0259, Martin Ryan\u0131n Az\u0259rbaycan Respublikas\u0131nda istehsal edil\u0259n silah-sursatlar, 2020-ci il 44 g\u00fcnl\u00fck V\u0259t\u0259n m\u00fcharib\u0259si zaman\u0131 Az\u0259rbaycan Ordusunun komplektl\u0259\u015fdirilm\u0259si, Az\u0259rbaycan Silahl\u0131 Q\u00fcvv\u0259l\u0259rind\u0259 h\u0259rbi xidm\u0259td\u0259 olan v\u0259 ya ehtiyata burax\u0131lm\u0131\u015f \u0259laq\u0259y\u0259 c\u0259lb edilm\u0259si m\u00fcmk\u00fcn olan \u015f\u0259xsl\u0259r, xaricd\u0259 frans\u0131z dilind\u0259 t\u0259hsil alm\u0131\u015f \u015f\u0259xsl\u0259r, Az\u0259rbaycanda f\u0259aliyy\u0259t g\u00f6st\u0259r\u0259n xarici \u00f6lk\u0259 v\u0259t\u0259nda\u015flar\u0131 v\u0259 h\u00fcquqi \u015f\u0259xsl\u0259r, Fransa x\u00fcsusi xidm\u0259t orqan\u0131n\u0131n tap\u015f\u0131r\u0131\u011f\u0131 il\u0259 Az\u0259rbaycan \u00fcz\u0259rind\u0259n dig\u0259r \u00f6lk\u0259l\u0259r\u0259 gizli pul k\u00f6\u00e7\u00fcr\u00fclm\u0259sinin t\u0259\u015fkili imkanlar\u0131, B\u00f6y\u00fck Britaniya, \u018flc\u0259zair, T\u00fcrkiy\u0259, Pakistan, \u0130ran, \u00c7in, Somali, M\u0259rk\u0259zi Asiya d\u00f6vl\u0259tl\u0259ri v\u0259 dig\u0259r d\u00f6vl\u0259tl\u0259rl\u0259 Az\u0259rbaycan aras\u0131nda m\u00fcnasib\u0259t v\u0259 \u0259laq\u0259l\u0259r, h\u0259rbi \u0259m\u0259kda\u015fl\u0131q planlar\u0131, Az\u0259rbaycana idxal olunan silah-sursat bar\u0259d\u0259 m\u0259lumatlar\u0131n \u0259ld\u0259 edilm\u0259sin\u0259 dair tap\u015f\u0131r\u0131qlar almas\u0131na v\u0259 bu istiqam\u0259tl\u0259rd\u0259 f\u0259aliyy\u0259tin\u0259 \u0259sasl\u0131 \u015f\u00fcbh\u0259l\u0259r m\u00fc\u0259yy\u0259n edilib.<\/p>\n<p><strong>Qeyd ed\u0259k ki, t\u0259qsirl\u0259ndiril\u0259n \u015f\u0259xsl\u0259r DTX t\u0259r\u0259find\u0259n 2023-c\u00fc il dekabr\u0131n 4-d\u0259 h\u0259bs olunublar. &#8220;Merkorama&#8221; MMC-nin ba\u015f direktoru olan Martin Ryana qar\u015f\u0131 casusluq ittiham\u0131 ir\u0259li s\u00fcr\u00fcl\u00fcb.<\/strong><\/p>\n<p>\u0130ttihama g\u00f6r\u0259, Martin Ryan onu m\u0259xfi \u0259m\u0259kda\u015fl\u0131\u011fa c\u0259lb ed\u0259n, sonradan Bak\u0131dan &#8220;persona non-grata&#8221; elan edil\u0259r\u0259k qovulmu\u015f Fransan\u0131n DGSE (Xarici T\u0259hl\u00fck\u0259sizlik Ba\u015f \u0130dar\u0259si) \u0259m\u0259kda\u015flar\u0131 t\u0259r\u0259find\u0259n agent-casus kimi istifad\u0259 edilib. H\u0259min cinay\u0259t i\u015fi \u00fczr\u0259 Martin Ryanla yana\u015f\u0131, Az\u0259rbaycan Respublikas\u0131n\u0131n v\u0259t\u0259nda\u015f\u0131 Azad M\u0259mm\u0259dliy\u0259 AR Cinay\u0259t M\u0259c\u0259ll\u0259sinin 274-c\u00fc madd\u0259si (d\u00f6vl\u0259t\u0259 x\u0259yan\u0259t) il\u0259 ittiham ir\u0259li s\u00fcr\u00fcl\u00fcb.<\/p>\n","protected":false},"excerpt":{"rendered":"<p>Bak\u0131 A\u011f\u0131r Cinay\u0259tl\u0259r M\u0259hk\u0259m\u0259sind\u0259 hakim Elmin R\u00fcst\u0259movun s\u0259drliyi il\u0259 Fransaya casusluqda ittiham edil\u0259r\u0259k h\u0259bs olunan Martin Ryan\u0131n cinay\u0259t i\u015fi \u00fczr\u0259 m\u0259hk\u0259m\u0259 prosesi yekunla\u015f\u0131b. Musavat.com\u00a0x\u0259b\u0259r verir ki, Martin Ryan hakim qar\u015f\u0131s\u0131na t\u0259k \u00e7\u0131xar\u0131lmay\u0131b. O, m\u00fctt\u0259him k\u00fcrs\u00fcs\u00fcn\u00fc d\u00f6vl\u0259t\u0259 x\u0259yan\u0259td\u0259 ittiham olunan Azad M\u0259mm\u0259dli il\u0259 b\u00f6l\u00fc\u015f\u00fcb. H\u0259r iki \u015f\u0259xs bar\u0259sind\u0259 cinay\u0259t i\u015fi Az\u0259rbaycan Respublikas\u0131 D\u00f6vl\u0259t T\u0259hl\u00fck\u0259sizliyi Xidm\u0259tind\u0259 istintaq olunub. M\u0259hk\u0259m\u0259 prosesind\u0259 yerli v\u0259 xarici media n\u00fcmay\u0259nd\u0259l\u0259ri, xarici s\u0259firlikl\u0259rin \u0259m\u0259kda\u015flar\u0131 i\u015ftirak edibl\u0259r. Prosesd\u0259 h\u00f6km elan olunub. H\u00f6km\u0259 \u0259sas\u0259n, Martin Ryan 10 il, Azad M\u0259mm\u0259dli is\u0259 12 il m\u00fcdd\u0259tin\u0259 azadl\u0131qdan m\u0259hrum edilib.\u00a0H\u0259r iki \u015f\u0259xs c\u0259zas\u0131n\u0131&hellip;<\/p>\n","protected":false},"author":2,"featured_media":844600,"comment_status":"closed","ping_status":"closed","sticky":false,"template":"","format":"standard","meta":{"om_disable_all_campaigns":false,"_monsterinsights_skip_tracking":false,"_monsterinsights_sitenote_active":false,"_monsterinsights_sitenote_note":"","_monsterinsights_sitenote_category":0},"categories":[3],"tags":[],"aioseo_notices":[],"gutentor_comment":0,"rttpg_featured_image_url":{"full":["https:\/\/arantv.az\/wp-content\/uploads\/2026\/03\/dc52d66dbd581000e0fc4238ec45cd17.jpg",870,500,false],"landscape":["https:\/\/arantv.az\/wp-content\/uploads\/2026\/03\/dc52d66dbd581000e0fc4238ec45cd17.jpg",870,500,false],"portraits":["https:\/\/arantv.az\/wp-content\/uploads\/2026\/03\/dc52d66dbd581000e0fc4238ec45cd17.jpg",870,500,false],"thumbnail":["https:\/\/arantv.az\/wp-content\/uploads\/2026\/03\/dc52d66dbd581000e0fc4238ec45cd17-500x280.jpg",500,280,true],"medium":["https:\/\/arantv.az\/wp-content\/uploads\/2026\/03\/dc52d66dbd581000e0fc4238ec45cd17-635x365.jpg",635,365,true],"large":["https:\/\/arantv.az\/wp-content\/uploads\/2026\/03\/dc52d66dbd581000e0fc4238ec45cd17-840x483.jpg",640,368,true],"1536x1536":["https:\/\/arantv.az\/wp-content\/uploads\/2026\/03\/dc52d66dbd581000e0fc4238ec45cd17.jpg",870,500,false],"2048x2048":["https:\/\/arantv.az\/wp-content\/uploads\/2026\/03\/dc52d66dbd581000e0fc4238ec45cd17.jpg",870,500,false],"post-thumbnail":["https:\/\/arantv.az\/wp-content\/uploads\/2026\/03\/dc52d66dbd581000e0fc4238ec45cd17-240x172.jpg",240,172,true],"advps-thumb-one":["https:\/\/arantv.az\/wp-content\/uploads\/2026\/03\/dc52d66dbd581000e0fc4238ec45cd17.jpg",870,500,false]},"rttpg_author":{"display_name":"V\u00fcsal Rafiqo\u011flu","author_link":"https:\/\/arantv.az\/?author=2"},"rttpg_comment":0,"rttpg_category":"<a href=\"https:\/\/arantv.az\/?cat=3\" rel=\"category\">Kriminal<\/a>","rttpg_excerpt":"Bak\u0131 A\u011f\u0131r Cinay\u0259tl\u0259r M\u0259hk\u0259m\u0259sind\u0259 hakim Elmin R\u00fcst\u0259movun s\u0259drliyi il\u0259 Fransaya casusluqda ittiham edil\u0259r\u0259k h\u0259bs olunan Martin Ryan\u0131n cinay\u0259t i\u015fi \u00fczr\u0259 m\u0259hk\u0259m\u0259 prosesi yekunla\u015f\u0131b. Musavat.com\u00a0x\u0259b\u0259r verir ki, Martin Ryan hakim qar\u015f\u0131s\u0131na t\u0259k \u00e7\u0131xar\u0131lmay\u0131b. O, m\u00fctt\u0259him k\u00fcrs\u00fcs\u00fcn\u00fc d\u00f6vl\u0259t\u0259 x\u0259yan\u0259td\u0259 ittiham olunan Azad M\u0259mm\u0259dli il\u0259 b\u00f6l\u00fc\u015f\u00fcb. H\u0259r iki \u015f\u0259xs bar\u0259sind\u0259 cinay\u0259t i\u015fi Az\u0259rbaycan Respublikas\u0131 D\u00f6vl\u0259t T\u0259hl\u00fck\u0259sizliyi Xidm\u0259tind\u0259 istintaq&hellip;","_links":{"self":[{"href":"https:\/\/arantv.az\/index.php?rest_route=\/wp\/v2\/posts\/844599"}],"collection":[{"href":"https:\/\/arantv.az\/index.php?rest_route=\/wp\/v2\/posts"}],"about":[{"href":"https:\/\/arantv.az\/index.php?rest_route=\/wp\/v2\/types\/post"}],"author":[{"embeddable":true,"href":"https:\/\/arantv.az\/index.php?rest_route=\/wp\/v2\/users\/2"}],"replies":[{"embeddable":true,"href":"https:\/\/arantv.az\/index.php?rest_route=%2Fwp%2Fv2%2Fcomments&post=844599"}],"version-history":[{"count":1,"href":"https:\/\/arantv.az\/index.php?rest_route=\/wp\/v2\/posts\/844599\/revisions"}],"predecessor-version":[{"id":844601,"href":"https:\/\/arantv.az\/index.php?rest_route=\/wp\/v2\/posts\/844599\/revisions\/844601"}],"wp:featuredmedia":[{"embeddable":true,"href":"https:\/\/arantv.az\/index.php?rest_route=\/wp\/v2\/media\/844600"}],"wp:attachment":[{"href":"https:\/\/arantv.az\/index.php?rest_route=%2Fwp%2Fv2%2Fmedia&parent=844599"}],"wp:term":[{"taxonomy":"category","embeddable":true,"href":"https:\/\/arantv.az\/index.php?rest_route=%2Fwp%2Fv2%2Fcategories&post=844599"},{"taxonomy":"post_tag","embeddable":true,"href":"https:\/\/arantv.az\/index.php?rest_route=%2Fwp%2Fv2%2Ftags&post=844599"}],"curies":[{"name":"wp","href":"https:\/\/api.w.org\/{rel}","templated":true}]}}