{"id":844602,"date":"2026-03-16T15:02:57","date_gmt":"2026-03-16T11:02:57","guid":{"rendered":"https:\/\/arantv.az\/?p=844602"},"modified":"2026-03-16T15:02:57","modified_gmt":"2026-03-16T11:02:57","slug":"iran-kurdl%c9%99rind%c9%99n-az%c9%99rbaycanlilara-sok-muraci%c9%99t-reaksiya","status":"publish","type":"post","link":"https:\/\/arantv.az\/?p=844602","title":{"rendered":"\u0130ran k\u00fcrdl\u0259rind\u0259n az\u0259rbaycanl\u0131lara \u015eOK m\u00fcraci\u0259t \u2013 REAKS\u0130YA"},"content":{"rendered":"<p><strong>\u0130randa f\u0259aliyy\u0259t g\u00f6st\u0259r\u0259n bir s\u0131ra k\u00fcrd qrupla\u015fmalar\u0131 \u00f6lk\u0259d\u0259ki m\u00f6vcud hakimiyy\u0259t\u0259 qar\u015f\u0131 b\u0259yanatla \u00e7\u0131x\u0131\u015f edib.<\/strong><\/p>\n<p><strong>Musavat.com<\/strong>\u00a0x\u0259b\u0259r verir ki, yay\u0131lan b\u0259yanatda \u0130ran\u0131n haz\u0131rk\u0131 siyasi sistemin\u0259 qar\u015f\u0131 \u00e7\u0131x\u0131laraq \u00f6lk\u0259d\u0259 siyasi qurulu\u015fun d\u0259yi\u015fdirilm\u0259sinin vacibliyi vur\u011fulan\u0131b.<\/p>\n<p>Qrupla\u015fmalar bildiribl\u0259r ki, \u00f6lk\u0259d\u0259 demokratik idar\u0259etm\u0259 sistemi qurulmal\u0131, m\u00fcxt\u0259lif xalqlar\u0131n milli h\u00fcquqlar\u0131 tan\u0131nmal\u0131d\u0131r. B\u0259yanatda G\u00fcney az\u0259rbaycanl\u0131lara da m\u00fcraci\u0259t yer al\u0131b.<\/p>\n<p>M\u0259lumat \u00fc\u00e7\u00fcn qeyd ed\u0259k ki, \u0130ran\u0131n q\u0259rb v\u0259 \u015fimal-q\u0259rb b\u00f6lg\u0259l\u0259rind\u0259 \u2013 x\u00fcsusil\u0259 K\u00fcrd\u00fcstan vilay\u0259ti, Q\u0259rbi Az\u0259rbaycan vilay\u0259ti v\u0259 Kerman\u015fah vilay\u0259ti \u0259razil\u0259rind\u0259 m\u00fcxt\u0259lif qanunsuz k\u00fcrd silahl\u0131 d\u0259st\u0259l\u0259ri f\u0259aliyy\u0259t g\u00f6st\u0259rir. Bu qruplar\u0131n bir qismi Tehran hakimiyy\u0259ti t\u0259r\u0259find\u0259n terror t\u0259\u015fkilatlar\u0131 kimi qiym\u0259tl\u0259ndirilir v\u0259 \u00f6lk\u0259d\u0259ki sabitliy\u0259 ciddi t\u0259hdid say\u0131l\u0131r. \u018fn tan\u0131nm\u0131\u015f qruplar s\u0131ras\u0131nda K\u00fcrd\u00fcstan Azad H\u0259yat Partiyas\u0131 (PJAK) var. 2004-c\u00fc ild\u0259 yarad\u0131lan PJAK \u0130ran\u0131n k\u00fcrd b\u00f6lg\u0259l\u0259rind\u0259 silahl\u0131 f\u0259aliyy\u0259t g\u00f6st\u0259rir. T\u0259\u015fkilat ideoloji v\u0259 t\u0259\u015fkilati bax\u0131mdan PKK il\u0259 \u0259laq\u0259lidir v\u0259 Tehran onu terror\u00e7u t\u0259\u015fkilat kimi tan\u0131y\u0131r.<\/p>\n<p>\u0130ran K\u00fcrd\u00fcstan Demokrat Partiyas\u0131 (KDPI) 1945-ci ild\u0259n f\u0259aliyy\u0259t g\u00f6st\u0259rir. Bu t\u0259\u015fkilat \u0130slam \u0130nqilab\u0131ndan sonra Tehranla silahl\u0131 toqqu\u015fmalara girmi\u015f, \u0259sas\u0259n \u0130raq\u0131n \u015fimal\u0131ndak\u0131 d\u00fc\u015f\u0259rg\u0259l\u0259rd\u0259n idar\u0259 olunur. K\u00fcrd\u00fcstan Azadl\u0131q Partiyas\u0131 (PAK) \u0130ran k\u00fcrdl\u0259rinin h\u00fcquqlar\u0131 u\u011frunda m\u00fcbariz\u0259 apard\u0131qlar\u0131n\u0131 iddia ed\u0259n silahl\u0131 qrupla\u015fmad\u0131r. B\u0259zi d\u00f6vrl\u0259rd\u0259 \u0130raq\u0131n \u015fimal\u0131ndak\u0131 k\u00fcrd q\u00fcvv\u0259l\u0259ri il\u0259 \u0259m\u0259kda\u015fl\u0131q etdiyi bildirilir.<\/p>\n<p>\u201cKomala\u201d adl\u0131 k\u00fcrd qrupla\u015fmas\u0131 Marksist ideologiyaya yax\u0131n siyasi v\u0259 silahl\u0131 qruplardan ibar\u0259t t\u0259\u015fkilatd\u0131r. 1980-ci ill\u0259rd\u0259 Tehranla silahl\u0131 qar\u015f\u0131durmalarda i\u015ftirak edib. \u0130ran hakimiyy\u0259ti bu qruplar\u0131n bir hiss\u0259sinin \u0130raq\u0131n \u015fimal\u0131ndak\u0131 k\u00fcrd muxtariyy\u0259t b\u00f6lg\u0259l\u0259rind\u0259n \u0130ran \u0259razisin\u0259 qar\u015f\u0131 f\u0259aliyy\u0259t g\u00f6st\u0259rdiyini bildirir. Tehran d\u0259f\u0259l\u0259rl\u0259 h\u0259min d\u00fc\u015f\u0259rg\u0259l\u0259r\u0259 qar\u015f\u0131 h\u0259rbi \u0259m\u0259liyyatlar h\u0259yata ke\u00e7irib. B\u0259zi qruplar\u0131n T\u00fcrkiy\u0259d\u0259 f\u0259aliyy\u0259t g\u00f6st\u0259r\u0259n PKK strukturlar\u0131 il\u0259 \u0259laq\u0259l\u0259ri oldu\u011fu iddia edilir ki, bu da regional t\u0259hl\u00fck\u0259sizliyi daha da m\u00fcr\u0259kk\u0259bl\u0259\u015fdirir.<\/p>\n<p>Bel\u0259likl\u0259, Tehran \u00fc\u00e7\u00fcn bu silahl\u0131 d\u0259st\u0259l\u0259r yaln\u0131z daxili sabitliyi pozan deyil, h\u0259m d\u0259 regional t\u0259hl\u00fck\u0259sizlik \u00fc\u00e7\u00fcn ciddi t\u0259hdid m\u0259nb\u0259yidir. Yay\u0131lan b\u0259yanatda k\u00fcrd qrupla\u015fmalar\u0131 az\u0259rbaycanl\u0131lar\u0131 \u0259m\u0259kda\u015fl\u0131\u011fa v\u0259 dialoqa \u00e7a\u011f\u0131raraq, k\u00fcrdl\u0259r v\u0259 az\u0259rbaycanl\u0131lar\u0131n birg\u0259 ya\u015fad\u0131\u011f\u0131 b\u00f6lg\u0259l\u0259rd\u0259 ortaq yerli idar\u0259etm\u0259 modelinin m\u00fcmk\u00fcnl\u00fcy\u00fcn\u00fc qeyd edibl\u0259r. Az\u0259rbaycanl\u0131lar k\u00fcrdl\u0259rin \u00e7a\u011f\u0131r\u0131\u015f\u0131na d\u0259st\u0259k ver\u0259 bil\u0259rmi?<\/p>\n<p><img src=\"https:\/\/visiontv.az\/storage\/news\/images\/2021\/3\/news\/Kenan4656.jpg\" \/><\/p>\n<p><strong>Yax\u0131n \u015e\u0259rq m\u0259s\u0259l\u0259l\u0259ri \u00fczr\u0259 siyasi \u015f\u0259rh\u00e7i K\u0259nan R\u00f6v\u015f\u0259no\u011flu Musavat.com-a<\/strong>\u00a0deyib ki, bu bir ne\u00e7\u0259 amil\u0259 g\u00f6r\u0259 praktiki olaraq m\u00fcmk\u00fcn deyil: \u201cBirincisi, k\u00fcrdl\u0259rin \u0259sas h\u0259d\u0259fi &#8211; onlar bunu gizl\u0259tmir &#8211; \u0130ran\u0131n \u015fimal-q\u0259rbind\u0259, y\u0259ni konkret olaraq Q\u0259rbi Az\u0259rbaycan-Urmiya vilay\u0259tini d\u0259 i\u00e7\u0259risin\u0259 alan bir \u0259razid\u0259 k\u00fcrd d\u00f6vl\u0259ti v\u0259 ya muxtariyy\u0259ti qurmaqd\u0131r. Son ill\u0259r d\u0259rc olunan b\u00fct\u00fcn &#8220;K\u00fcrd\u00fcstan&#8221; x\u0259rit\u0259l\u0259rind\u0259 bu \u0259razil\u0259r \u00f6zl\u0259rin\u0259 qat\u0131blar. Bunu C\u0259nubi Az\u0259rbaycanda \u00e7ox yax\u015f\u0131 bilirl\u0259r. Urmiyada k\u00fcrdl\u0259rin say\u0131n\u0131n atmas\u0131 art\u0131q \u00e7oxdan ciddi narahatl\u0131q do\u011furur.<\/p>\n<p>\u00dcst\u0259lik, \u015e\u0259rqi Az\u0259rbaycan vilay\u0259tin\u0259, x\u00fcsus\u0259n d\u0259 T\u0259briz\u0259 k\u00fcrd k\u00f6\u00e7\u00fcn\u00fcn nec\u0259 reaksiya do\u011furdu\u011funu g\u00f6st\u0259r\u0259n videolar bir ne\u00e7\u0259 il \u0259vv\u0259l sosial \u015f\u0259b\u0259k\u0259l\u0259rd\u0259 yay\u0131l\u0131b. Y\u0259ni \u0130ran az\u0259rbayacanl\u0131lar\u0131 bu ittifaqa getm\u0259si, \u0259n az\u0131 k\u00fctl\u0259vi \u015f\u0259kild\u0259 m\u00fcmk\u00fcn deyil. \u0130kincisi, k\u00fcrdl\u0259rin indiki \u015f\u0259raitd\u0259 m\u0259qs\u0259di faktiki olaraq AB\u015e v\u0259 \u0130srailin \u0130ran\u0131 i\u015f\u011fal plan\u0131na xidm\u0259t etm\u0259sidir, ba\u015fqa s\u00f6zl\u0259, Suriyada oldu\u011fu kimi, \u0130randa da AB\u015e-\u0131n quru q\u00fcvv\u0259l\u0259ri rolunu \u00fcz\u0259ril\u0259rin\u0259 almaqd\u0131r.<\/p>\n<p>Haz\u0131rda \u0130randa k\u00fctl\u0259nin b\u00f6y\u00fck \u0259ks\u0259riyy\u0259ti xarici m\u00fcdaxil\u0259y\u0259 qar\u015f\u0131 birl\u0259\u015fib. Bel\u0259 bir \u015f\u0259raitd\u0259 separat\u00e7\u0131 k\u00fcrd d\u0259st\u0259l\u0259rin\u0259 qo\u015fulub \u00f6z \u00f6lk\u0259sini da\u011f\u0131tma\u011fa k\u00fctl\u0259vi meyl olmas\u0131 real v\u0259 inand\u0131r\u0131c\u0131 deyil. Onu da n\u0259z\u0259r\u0259 almaq laz\u0131md\u0131r ki, k\u00fcrdl\u0259rd\u0259n f\u0259rqli olaraq az\u0259rbaycanl\u0131lar \u00f6zl\u0259rini \u0130randa azl\u0131q v\u0259 ya ki\u00e7ik etnik qrup qismind\u0259 g\u00f6rm\u00fcr. Onlar\u0131n gedib k\u00fcrdl\u0259rin yan\u0131nda yer almas\u0131 real deyil. Tarixd\u0259 d\u0259 bel\u0259 t\u0259cr\u00fcb\u0259 olmay\u0131b\u201d.<\/p>\n<p>Siyasi \u015f\u0259rh\u00e7i hesab edir ki, bunun \u0259ksi ola bil\u0259r: \u201cK\u00fcrdl\u0259r g\u0259lib az\u0259rbaycanl\u0131lar\u0131n yan\u0131nda yer ala bil\u0259r. Bu is\u0259 h\u0259l\u0259lik dediyim kimi yoxdur. \u00dc\u00e7\u00fcnc\u00fcs\u00fc, \u0259sas k\u00fcrd qruplar\u0131 bilindiyi kimi, \u0130rana qar\u015f\u0131 quru \u0259m\u0259liyyat\u0131na qo\u015fulmaqdan imtina edib. Y\u0259ni, bel\u0259 bir \u00e7a\u011f\u0131r\u0131\u015f varsa da, real deyil, provokasiya ola bil\u0259r. Bu m\u0259nada Az\u0259rbaycan \u0259halisinin etik separat\u00e7\u0131 k\u00fcrd silahl\u0131 d\u0259st\u0259l\u0259rin\u0259 qo\u015fularaq, haz\u0131rk\u0131 hakimiyy\u0259t\u0259 qar\u015f\u0131 \u00e7\u0131xaca\u011f\u0131 real say\u0131lm\u0131r. \u018fn az\u0131 k\u00fctl\u0259vi \u015f\u0259kild\u0259 bu m\u00fcmk\u00fcn deyil\u201d.<\/p>\n<p><strong>E.M\u0259mm\u0259d\u0259liyev,<\/strong><br \/>\n<strong>Musavat.com<\/strong><\/p>\n","protected":false},"excerpt":{"rendered":"<p>\u0130randa f\u0259aliyy\u0259t g\u00f6st\u0259r\u0259n bir s\u0131ra k\u00fcrd qrupla\u015fmalar\u0131 \u00f6lk\u0259d\u0259ki m\u00f6vcud hakimiyy\u0259t\u0259 qar\u015f\u0131 b\u0259yanatla \u00e7\u0131x\u0131\u015f edib. Musavat.com\u00a0x\u0259b\u0259r verir ki, yay\u0131lan b\u0259yanatda \u0130ran\u0131n haz\u0131rk\u0131 siyasi sistemin\u0259 qar\u015f\u0131 \u00e7\u0131x\u0131laraq \u00f6lk\u0259d\u0259 siyasi qurulu\u015fun d\u0259yi\u015fdirilm\u0259sinin vacibliyi vur\u011fulan\u0131b. Qrupla\u015fmalar bildiribl\u0259r ki, \u00f6lk\u0259d\u0259 demokratik idar\u0259etm\u0259 sistemi qurulmal\u0131, m\u00fcxt\u0259lif xalqlar\u0131n milli h\u00fcquqlar\u0131 tan\u0131nmal\u0131d\u0131r. B\u0259yanatda G\u00fcney az\u0259rbaycanl\u0131lara da m\u00fcraci\u0259t yer al\u0131b. M\u0259lumat \u00fc\u00e7\u00fcn qeyd ed\u0259k ki, \u0130ran\u0131n q\u0259rb v\u0259 \u015fimal-q\u0259rb b\u00f6lg\u0259l\u0259rind\u0259 \u2013 x\u00fcsusil\u0259 K\u00fcrd\u00fcstan vilay\u0259ti, Q\u0259rbi Az\u0259rbaycan vilay\u0259ti v\u0259 Kerman\u015fah vilay\u0259ti \u0259razil\u0259rind\u0259 m\u00fcxt\u0259lif qanunsuz k\u00fcrd silahl\u0131 d\u0259st\u0259l\u0259ri f\u0259aliyy\u0259t g\u00f6st\u0259rir. Bu qruplar\u0131n bir qismi Tehran hakimiyy\u0259ti t\u0259r\u0259find\u0259n terror t\u0259\u015fkilatlar\u0131 kimi qiym\u0259tl\u0259ndirilir&hellip;<\/p>\n","protected":false},"author":2,"featured_media":844603,"comment_status":"closed","ping_status":"closed","sticky":false,"template":"","format":"standard","meta":{"om_disable_all_campaigns":false,"_monsterinsights_skip_tracking":false,"_monsterinsights_sitenote_active":false,"_monsterinsights_sitenote_note":"","_monsterinsights_sitenote_category":0},"categories":[19],"tags":[],"aioseo_notices":[],"gutentor_comment":0,"rttpg_featured_image_url":{"full":["https:\/\/arantv.az\/wp-content\/uploads\/2026\/03\/f06e2a1626888e49b6e6b2d53c64a267.jpg",870,500,false],"landscape":["https:\/\/arantv.az\/wp-content\/uploads\/2026\/03\/f06e2a1626888e49b6e6b2d53c64a267.jpg",870,500,false],"portraits":["https:\/\/arantv.az\/wp-content\/uploads\/2026\/03\/f06e2a1626888e49b6e6b2d53c64a267.jpg",870,500,false],"thumbnail":["https:\/\/arantv.az\/wp-content\/uploads\/2026\/03\/f06e2a1626888e49b6e6b2d53c64a267-500x280.jpg",500,280,true],"medium":["https:\/\/arantv.az\/wp-content\/uploads\/2026\/03\/f06e2a1626888e49b6e6b2d53c64a267-635x365.jpg",635,365,true],"large":["https:\/\/arantv.az\/wp-content\/uploads\/2026\/03\/f06e2a1626888e49b6e6b2d53c64a267-840x483.jpg",640,368,true],"1536x1536":["https:\/\/arantv.az\/wp-content\/uploads\/2026\/03\/f06e2a1626888e49b6e6b2d53c64a267.jpg",870,500,false],"2048x2048":["https:\/\/arantv.az\/wp-content\/uploads\/2026\/03\/f06e2a1626888e49b6e6b2d53c64a267.jpg",870,500,false],"post-thumbnail":["https:\/\/arantv.az\/wp-content\/uploads\/2026\/03\/f06e2a1626888e49b6e6b2d53c64a267-240x172.jpg",240,172,true],"advps-thumb-one":["https:\/\/arantv.az\/wp-content\/uploads\/2026\/03\/f06e2a1626888e49b6e6b2d53c64a267.jpg",870,500,false]},"rttpg_author":{"display_name":"V\u00fcsal Rafiqo\u011flu","author_link":"https:\/\/arantv.az\/?author=2"},"rttpg_comment":0,"rttpg_category":"<a href=\"https:\/\/arantv.az\/?cat=19\" rel=\"category\">G\u00fcnd\u0259m<\/a>","rttpg_excerpt":"\u0130randa f\u0259aliyy\u0259t g\u00f6st\u0259r\u0259n bir s\u0131ra k\u00fcrd qrupla\u015fmalar\u0131 \u00f6lk\u0259d\u0259ki m\u00f6vcud hakimiyy\u0259t\u0259 qar\u015f\u0131 b\u0259yanatla \u00e7\u0131x\u0131\u015f edib. Musavat.com\u00a0x\u0259b\u0259r verir ki, yay\u0131lan b\u0259yanatda \u0130ran\u0131n haz\u0131rk\u0131 siyasi sistemin\u0259 qar\u015f\u0131 \u00e7\u0131x\u0131laraq \u00f6lk\u0259d\u0259 siyasi qurulu\u015fun d\u0259yi\u015fdirilm\u0259sinin vacibliyi vur\u011fulan\u0131b. Qrupla\u015fmalar bildiribl\u0259r ki, \u00f6lk\u0259d\u0259 demokratik idar\u0259etm\u0259 sistemi qurulmal\u0131, m\u00fcxt\u0259lif xalqlar\u0131n milli h\u00fcquqlar\u0131 tan\u0131nmal\u0131d\u0131r. B\u0259yanatda G\u00fcney az\u0259rbaycanl\u0131lara da m\u00fcraci\u0259t yer al\u0131b. M\u0259lumat \u00fc\u00e7\u00fcn qeyd ed\u0259k&hellip;","_links":{"self":[{"href":"https:\/\/arantv.az\/index.php?rest_route=\/wp\/v2\/posts\/844602"}],"collection":[{"href":"https:\/\/arantv.az\/index.php?rest_route=\/wp\/v2\/posts"}],"about":[{"href":"https:\/\/arantv.az\/index.php?rest_route=\/wp\/v2\/types\/post"}],"author":[{"embeddable":true,"href":"https:\/\/arantv.az\/index.php?rest_route=\/wp\/v2\/users\/2"}],"replies":[{"embeddable":true,"href":"https:\/\/arantv.az\/index.php?rest_route=%2Fwp%2Fv2%2Fcomments&post=844602"}],"version-history":[{"count":1,"href":"https:\/\/arantv.az\/index.php?rest_route=\/wp\/v2\/posts\/844602\/revisions"}],"predecessor-version":[{"id":844604,"href":"https:\/\/arantv.az\/index.php?rest_route=\/wp\/v2\/posts\/844602\/revisions\/844604"}],"wp:featuredmedia":[{"embeddable":true,"href":"https:\/\/arantv.az\/index.php?rest_route=\/wp\/v2\/media\/844603"}],"wp:attachment":[{"href":"https:\/\/arantv.az\/index.php?rest_route=%2Fwp%2Fv2%2Fmedia&parent=844602"}],"wp:term":[{"taxonomy":"category","embeddable":true,"href":"https:\/\/arantv.az\/index.php?rest_route=%2Fwp%2Fv2%2Fcategories&post=844602"},{"taxonomy":"post_tag","embeddable":true,"href":"https:\/\/arantv.az\/index.php?rest_route=%2Fwp%2Fv2%2Ftags&post=844602"}],"curies":[{"name":"wp","href":"https:\/\/api.w.org\/{rel}","templated":true}]}}