{"id":844642,"date":"2026-03-16T17:03:35","date_gmt":"2026-03-16T13:03:35","guid":{"rendered":"https:\/\/arantv.az\/?p=844642"},"modified":"2026-03-16T17:03:35","modified_gmt":"2026-03-16T13:03:35","slug":"samir-nuriyev-xocav%c9%99ndd%c9%99-iclas-kecirdi-m%c9%99murlara-tapsiriqlar-verildi-fotolar","status":"publish","type":"post","link":"https:\/\/arantv.az\/?p=844642","title":{"rendered":"Samir Nuriyev Xocav\u0259ndd\u0259 iclas ke\u00e7irdi &#8211; M\u0259murlara tap\u015f\u0131r\u0131qlar verildi &#8211; FOTOLAR"},"content":{"rendered":"<p><strong>Prezident Administrasiyas\u0131n\u0131n v\u0259 Az\u0259rbaycan Respublikas\u0131n\u0131n i\u015f\u011faldan azad edilmi\u015f \u0259razil\u0259rind\u0259 m\u0259s\u0259l\u0259l\u0259rin m\u0259rk\u0259zl\u0259\u015fdirilmi\u015f qaydada h\u0259lli il\u0259 ba\u011fl\u0131 \u018flaq\u0259l\u0259ndirm\u0259 Q\u0259rargah\u0131n\u0131n r\u0259hb\u0259ri Samir Nuriyevin s\u0259drliyi il\u0259 Xocav\u0259nd \u015f\u0259h\u0259rind\u0259 Q\u0259rargah\u0131n n\u00f6vb\u0259ti iclas\u0131 ke\u00e7irilib.<\/strong><\/p>\n<p><strong>Musavat.com<\/strong>\u00a0x\u0259b\u0259r verir ki, iclasda \u00e7\u0131x\u0131\u015f ed\u0259n Samir Nuriyev i\u015f\u011faldan azad olunmu\u015f \u0259razil\u0259r\u0259 B\u00f6y\u00fck Qay\u0131d\u0131\u015f prosesinin Az\u0259rbaycan Prezidenti \u0130lham \u018fliyevin r\u0259hb\u0259rliyi il\u0259 h\u0259yata ke\u00e7iril\u0259n d\u00f6vl\u0259t siyas\u0259tinin v\u0259 \u00f6lk\u0259nin uzunm\u00fcdd\u0259tli inki\u015faf strategiyas\u0131n\u0131n \u0259sas istiqam\u0259tl\u0259rind\u0259n biri oldu\u011funu bildirib.<\/p>\n<p>S.Nuriyev deyib ki, bu proses yaln\u0131z \u0259razil\u0259rin fiziki bax\u0131mdan b\u0259rpas\u0131n\u0131 deyil, h\u0259min torpaqlarda h\u0259yat\u0131n yenid\u0259n qurulmas\u0131n\u0131, dayan\u0131ql\u0131 sosial-iqtisadi inki\u015faf\u0131n t\u0259min olunmas\u0131n\u0131 v\u0259 ke\u00e7mi\u015f m\u0259cburi k\u00f6\u00e7k\u00fcnl\u0259rin do\u011fma yurdlar\u0131na l\u0259yaq\u0259tli qay\u0131d\u0131\u015f\u0131n\u0131 n\u0259z\u0259rd\u0259 tutan kompleks yana\u015fman\u0131 \u0259hat\u0259 edir.<\/p>\n<p>Q\u0259rargah r\u0259hb\u0259rinin s\u00f6zl\u0259rin\u0259 g\u00f6r\u0259, i\u015f\u011faldan azad edilmi\u015f \u0259razil\u0259rd\u0259 son ill\u0259r h\u0259yata ke\u00e7iril\u0259n geni\u015fmiqyasl\u0131 b\u0259rpa-quruculuq i\u015fl\u0259rind\u0259 \u0259sas prioritet baza infrastrukturunun yarad\u0131lmas\u0131 olub. Elektrik enerjisi, qaz v\u0259 su t\u0259chizat\u0131 infrastrukturunun yenid\u0259n qurulmas\u0131, yollar\u0131n, k\u00f6rp\u00fcl\u0259rin v\u0259 tunell\u0259rin in\u015fas\u0131 regionda h\u0259yat\u0131n b\u0259rpas\u0131 \u00fc\u00e7\u00fcn ilkin z\u0259ruri \u015f\u0259raiti formala\u015fd\u0131r\u0131b. Haz\u0131rk\u0131 m\u0259rh\u0259l\u0259d\u0259 is\u0259 d\u00f6vl\u0259t t\u0259r\u0259find\u0259n ayr\u0131lan resurslar\u0131n m\u00fch\u00fcm hiss\u0259si ya\u015fay\u0131\u015f fondunun geni\u015fl\u0259ndirilm\u0259sin\u0259, f\u0259rdi v\u0259 \u00e7oxm\u0259nzilli evl\u0259rin tikintisin\u0259 v\u0259 b\u0259rpas\u0131na y\u00f6n\u0259ldilir. Bununla yana\u015f\u0131, m\u0259kt\u0259bl\u0259r, u\u015faq ba\u011f\u00e7alar\u0131, tibb m\u0259nt\u0259q\u0259l\u0259ri v\u0259 d\u00f6vl\u0259t xidm\u0259tl\u0259ri m\u0259rk\u0259zl\u0259ri kimi sosial obyektl\u0259rin f\u0259aliyy\u0259tl\u0259rinin t\u0259\u015fkili paralel \u015f\u0259kild\u0259 h\u0259yata ke\u00e7irilir. Qeyd olunub ki, bu yana\u015fma \u00f6z do\u011fma torpaqlar\u0131na qay\u0131dan ke\u00e7mi\u015f m\u0259cburi k\u00f6\u00e7k\u00fcnl\u0259rin ilk g\u00fcnd\u0259n normal h\u0259yat \u015f\u0259raitin\u0259 s\u00fcr\u0259tli adaptasiyas\u0131na imkan verir.<\/p>\n<p>\u0130\u015f\u011faldan azad edilmi\u015f \u0259razil\u0259rd\u0259 bu g\u00fcn\u0259d\u0259k \u00fcmumilikd\u0259 41 ya\u015fay\u0131\u015f m\u0259nt\u0259q\u0259sinin tikil\u0259r\u0259k v\u0259 b\u0259rpa edil\u0259r\u0259k istifad\u0259y\u0259 verildiyini, h\u0259min \u0259razil\u0259r\u0259 ke\u00e7mi\u015f m\u0259cburi k\u00f6\u00e7k\u00fcnl\u0259rin qay\u0131d\u0131\u015f\u0131n\u0131n t\u0259min olundu\u011funu vur\u011fulayan q\u0259rargah r\u0259hb\u0259ri g\u00f6r\u00fcl\u0259n i\u015fl\u0259r n\u0259tic\u0259sind\u0259 haz\u0131rda d\u00f6vl\u0259t v\u0259 \u00f6z\u0259l sektorlarda i\u015fl\u0259y\u0259nl\u0259r, h\u0259m\u00e7inin t\u0259hsil alanlar da daxil olmaqla, i\u015f\u011faldan azad edilmi\u015f \u0259razil\u0259rd\u0259 \u00fcmumilikd\u0259 80 mind\u0259n \u00e7ox insan\u0131n ya\u015fad\u0131\u011f\u0131n\u0131 v\u0259 f\u0259aliyy\u0259t g\u00f6st\u0259rdiyini iclas i\u015ftirak\u00e7\u0131lar\u0131n\u0131n diqq\u0259tin\u0259 \u00e7atd\u0131r\u0131b. Qeyd edilib ki, qar\u015f\u0131dak\u0131 d\u00f6vrd\u0259 apar\u0131lan geni\u015fmiqyasl\u0131 b\u0259rpa-quruculuq i\u015fl\u0259ri n\u0259tic\u0259sind\u0259 k\u00f6\u00e7 prosesi daha da s\u00fcr\u0259tl\u0259n\u0259c\u0259k v\u0259 B\u00f6y\u00fck Qay\u0131d\u0131\u015f Proqram\u0131n\u0131n miqyas\u0131 geni\u015fl\u0259n\u0259c\u0259k.<\/p>\n<p>Bildirilib ki, i\u015f\u011faldan azad edilmi\u015f \u0259razil\u0259rd\u0259 layih\u0259l\u0259rin icras\u0131 B\u00f6y\u00fck Qay\u0131d\u0131\u015fa dair I D\u00f6vl\u0259t Proqram\u0131 \u00e7\u0259r\u00e7iv\u0259sind\u0259 h\u0259yata ke\u00e7irilir. Proqramda n\u0259z\u0259rd\u0259 tutulmu\u015f t\u0259dbirl\u0259r ard\u0131c\u0131l \u015f\u0259kild\u0259 icra olunur, bu is\u0259 qar\u015f\u0131ya qoyulan m\u0259qs\u0259dl\u0259r\u0259 m\u0259rh\u0259l\u0259li \u015f\u0259kild\u0259 nail olunmas\u0131na v\u0259 b\u0259rpa-quruculuq prosesinin u\u011furla davam etdirilm\u0259sin\u0259 imkan yarad\u0131r.<\/p>\n<p>S.Nuriyev vur\u011fulay\u0131b ki, m\u0259skunla\u015fman\u0131n dayan\u0131ql\u0131l\u0131\u011f\u0131 birba\u015fa m\u0259\u015f\u011fulluq imkanlar\u0131n\u0131n yarad\u0131lmas\u0131 il\u0259 ba\u011fl\u0131d\u0131r. Bu bax\u0131mdan yeni i\u015f yerl\u0259rinin a\u00e7\u0131lmas\u0131, k\u0259nd t\u0259s\u0259rr\u00fcfat\u0131, xidm\u0259t sektoru, istehsal, tikinti v\u0259 logistika sah\u0259l\u0259rind\u0259 f\u0259aliyy\u0259t imkanlar\u0131n\u0131n geni\u015fl\u0259ndirilm\u0259si, h\u0259m\u00e7inin sahibkarl\u0131\u011f\u0131n t\u0259\u015fviqi, investorlar\u0131n c\u0259lb olunmas\u0131 v\u0259 d\u0259st\u0259k mexanizml\u0259rinin t\u0259tbiqi m\u00fch\u00fcm \u0259h\u0259miyy\u0259t da\u015f\u0131y\u0131r.<\/p>\n<p>Q\u0259rargah r\u0259hb\u0259ri tarixi, m\u0259d\u0259ni v\u0259 dini abid\u0259l\u0259rin b\u0259rpas\u0131n\u0131n B\u00f6y\u00fck Qay\u0131d\u0131\u015f prosesinin m\u00fch\u00fcm istiqam\u0259tl\u0259rind\u0259n biri oldu\u011funu qeyd ed\u0259r\u0259k, bunun milli-m\u0259d\u0259ni irsin qorunmas\u0131 v\u0259 g\u0259l\u0259c\u0259k n\u0259sill\u0259r\u0259 \u00f6t\u00fcr\u00fclm\u0259si bax\u0131m\u0131ndan x\u00fcsusi \u0259h\u0259miyy\u0259t da\u015f\u0131d\u0131\u011f\u0131n\u0131 bildirib.<\/p>\n<p>Daha sonra iclas\u0131n g\u00fcnd\u0259liyin\u0259 uy\u011fun olaraq, \u018flaq\u0259l\u0259ndirm\u0259 Q\u0259rargah\u0131n\u0131n \u0130dar\u0259l\u0259raras\u0131 M\u0259rk\u0259zinin f\u0259aliyy\u0259ti, habel\u0259 B\u00f6y\u00fck Qay\u0131d\u0131\u015fa dair I D\u00f6vl\u0259t Proqram\u0131 \u00e7\u0259r\u00e7iv\u0259sind\u0259 g\u00f6r\u00fcl\u0259n i\u015fl\u0259r bar\u0259d\u0259 m\u0259lumatlar t\u0259qdim olunub. M\u0259skunla\u015fma, iqtisadi f\u0259all\u0131\u011f\u0131n art\u0131r\u0131lmas\u0131, sahibkarl\u0131\u011f\u0131n inki\u015faf\u0131 v\u0259 m\u0259d\u0259ni irsin b\u0259rpas\u0131 istiqam\u0259tind\u0259 apar\u0131lan i\u015fl\u0259r\u0259 dair m\u0259ruz\u0259l\u0259r dinl\u0259nilib.<\/p>\n<p>\u0130clas\u0131n yekununda Prezident t\u0259r\u0259find\u0259n m\u00fc\u0259yy\u0259n edilmi\u015f strateji v\u0259zif\u0259l\u0259rin s\u0259m\u0259r\u0259li icras\u0131 \u00fc\u00e7\u00fcn z\u0259ruri t\u0259dbirl\u0259rin vaxt\u0131nda h\u0259yata ke\u00e7irilm\u0259sinin vacibliyi vur\u011fulan\u0131b. Qeyd olunub ki, h\u0259r bir m\u0259s\u0259l\u0259 \u00fczr\u0259 konkret add\u0131mlar at\u0131lmal\u0131 v\u0259 verilmi\u015f tap\u015f\u0131r\u0131qlar operativ \u015f\u0259kild\u0259 icra olunmal\u0131d\u0131r.<\/p>\n<div><\/div>\n<div><img class=\"img-responsive\" title=\"\" src=\"https:\/\/qafqazinfo.az\/uploads\/1773658163\/1773655998436939644_1200x630.jpg\" alt=\"\" \/><br \/>\n<img class=\"img-responsive\" title=\"\" src=\"https:\/\/qafqazinfo.az\/uploads\/1773658163\/17736559984228032294_1200x630.jpg\" alt=\"\" \/><br \/>\n<img class=\"img-responsive\" title=\"\" src=\"https:\/\/qafqazinfo.az\/uploads\/1773658163\/17736559986152155245_1200x630.jpg\" alt=\"\" \/><br \/>\n<img class=\"img-responsive\" title=\"\" src=\"https:\/\/qafqazinfo.az\/uploads\/1773658163\/1773655998520845054_1200x630.jpeg\" alt=\"\" \/><br \/>\n<img class=\"img-responsive\" title=\"\" src=\"https:\/\/qafqazinfo.az\/uploads\/1773658163\/17736559982256040499_1200x630.jpg\" alt=\"\" \/><br \/>\n<img class=\"img-responsive\" title=\"\" src=\"https:\/\/qafqazinfo.az\/uploads\/1773658163\/1773655998986247184_1200x630.jpeg\" alt=\"\" \/><br \/>\n<img class=\"img-responsive\" title=\"\" src=\"https:\/\/qafqazinfo.az\/uploads\/1773658163\/17736559984976956726_1200x630.jpeg\" alt=\"\" \/><br \/>\n<img class=\"img-responsive\" title=\"\" src=\"https:\/\/qafqazinfo.az\/uploads\/1773658163\/1773655998414176487_1200x630.jpeg\" alt=\"\" \/><br \/>\n<img class=\"img-responsive\" title=\"\" src=\"https:\/\/qafqazinfo.az\/uploads\/1773658163\/17736559981088557732_1200x630.jpeg\" alt=\"\" \/><br \/>\n<img class=\"img-responsive\" title=\"\" src=\"https:\/\/qafqazinfo.az\/uploads\/1773658163\/17736559981043758318_1200x630.jpeg\" alt=\"\" \/><br \/>\n<img class=\"img-responsive\" title=\"\" src=\"https:\/\/qafqazinfo.az\/uploads\/1773658163\/17736559985905211973_1200x630.jpg\" alt=\"\" \/><br \/>\n<img class=\"img-responsive\" title=\"\" src=\"https:\/\/qafqazinfo.az\/uploads\/1773658163\/17736559982919612933_1200x630.jpg\" alt=\"\" \/><br \/>\n<img class=\"img-responsive\" title=\"\" src=\"https:\/\/qafqazinfo.az\/uploads\/1773658163\/1773655998226242961_1200x630.jpg\" alt=\"\" \/><br \/>\n<img class=\"img-responsive\" title=\"\" src=\"https:\/\/qafqazinfo.az\/uploads\/1773658163\/17736559984559821577_1200x630.jpg\" alt=\"\" \/><br \/>\n<img class=\"img-responsive\" title=\"\" src=\"https:\/\/qafqazinfo.az\/uploads\/1773658163\/1773655998654368263_1200x630.jpg\" alt=\"\" \/><br \/>\n<img class=\"img-responsive\" title=\"\" src=\"https:\/\/qafqazinfo.az\/uploads\/1773658163\/17736559986298946418_1200x630.jpg\" alt=\"\" \/><\/div>\n","protected":false},"excerpt":{"rendered":"<p>Prezident Administrasiyas\u0131n\u0131n v\u0259 Az\u0259rbaycan Respublikas\u0131n\u0131n i\u015f\u011faldan azad edilmi\u015f \u0259razil\u0259rind\u0259 m\u0259s\u0259l\u0259l\u0259rin m\u0259rk\u0259zl\u0259\u015fdirilmi\u015f qaydada h\u0259lli il\u0259 ba\u011fl\u0131 \u018flaq\u0259l\u0259ndirm\u0259 Q\u0259rargah\u0131n\u0131n r\u0259hb\u0259ri Samir Nuriyevin s\u0259drliyi il\u0259 Xocav\u0259nd \u015f\u0259h\u0259rind\u0259 Q\u0259rargah\u0131n n\u00f6vb\u0259ti iclas\u0131 ke\u00e7irilib. Musavat.com\u00a0x\u0259b\u0259r verir ki, iclasda \u00e7\u0131x\u0131\u015f ed\u0259n Samir Nuriyev i\u015f\u011faldan azad olunmu\u015f \u0259razil\u0259r\u0259 B\u00f6y\u00fck Qay\u0131d\u0131\u015f prosesinin Az\u0259rbaycan Prezidenti \u0130lham \u018fliyevin r\u0259hb\u0259rliyi il\u0259 h\u0259yata ke\u00e7iril\u0259n d\u00f6vl\u0259t siyas\u0259tinin v\u0259 \u00f6lk\u0259nin uzunm\u00fcdd\u0259tli inki\u015faf strategiyas\u0131n\u0131n \u0259sas istiqam\u0259tl\u0259rind\u0259n biri oldu\u011funu bildirib. S.Nuriyev deyib ki, bu proses yaln\u0131z \u0259razil\u0259rin fiziki bax\u0131mdan b\u0259rpas\u0131n\u0131 deyil, h\u0259min torpaqlarda h\u0259yat\u0131n yenid\u0259n qurulmas\u0131n\u0131, dayan\u0131ql\u0131 sosial-iqtisadi inki\u015faf\u0131n t\u0259min olunmas\u0131n\u0131 v\u0259 ke\u00e7mi\u015f m\u0259cburi k\u00f6\u00e7k\u00fcnl\u0259rin do\u011fma yurdlar\u0131na&hellip;<\/p>\n","protected":false},"author":2,"featured_media":844643,"comment_status":"closed","ping_status":"closed","sticky":false,"template":"","format":"standard","meta":{"om_disable_all_campaigns":false,"_monsterinsights_skip_tracking":false,"_monsterinsights_sitenote_active":false,"_monsterinsights_sitenote_note":"","_monsterinsights_sitenote_category":0},"categories":[4],"tags":[],"aioseo_notices":[],"gutentor_comment":0,"rttpg_featured_image_url":{"full":["https:\/\/arantv.az\/wp-content\/uploads\/2026\/03\/c611975fb7e01a7ecdc4f9b574c25412.jpg",637,400,false],"landscape":["https:\/\/arantv.az\/wp-content\/uploads\/2026\/03\/c611975fb7e01a7ecdc4f9b574c25412.jpg",637,400,false],"portraits":["https:\/\/arantv.az\/wp-content\/uploads\/2026\/03\/c611975fb7e01a7ecdc4f9b574c25412.jpg",637,400,false],"thumbnail":["https:\/\/arantv.az\/wp-content\/uploads\/2026\/03\/c611975fb7e01a7ecdc4f9b574c25412-500x280.jpg",500,280,true],"medium":["https:\/\/arantv.az\/wp-content\/uploads\/2026\/03\/c611975fb7e01a7ecdc4f9b574c25412-581x365.jpg",581,365,true],"large":["https:\/\/arantv.az\/wp-content\/uploads\/2026\/03\/c611975fb7e01a7ecdc4f9b574c25412.jpg",637,400,false],"1536x1536":["https:\/\/arantv.az\/wp-content\/uploads\/2026\/03\/c611975fb7e01a7ecdc4f9b574c25412.jpg",637,400,false],"2048x2048":["https:\/\/arantv.az\/wp-content\/uploads\/2026\/03\/c611975fb7e01a7ecdc4f9b574c25412.jpg",637,400,false],"post-thumbnail":["https:\/\/arantv.az\/wp-content\/uploads\/2026\/03\/c611975fb7e01a7ecdc4f9b574c25412-240x172.jpg",240,172,true],"advps-thumb-one":["https:\/\/arantv.az\/wp-content\/uploads\/2026\/03\/c611975fb7e01a7ecdc4f9b574c25412.jpg",637,400,false]},"rttpg_author":{"display_name":"V\u00fcsal Rafiqo\u011flu","author_link":"https:\/\/arantv.az\/?author=2"},"rttpg_comment":0,"rttpg_category":"<a href=\"https:\/\/arantv.az\/?cat=4\" rel=\"category\">Siyas\u0259t<\/a>","rttpg_excerpt":"Prezident Administrasiyas\u0131n\u0131n v\u0259 Az\u0259rbaycan Respublikas\u0131n\u0131n i\u015f\u011faldan azad edilmi\u015f \u0259razil\u0259rind\u0259 m\u0259s\u0259l\u0259l\u0259rin m\u0259rk\u0259zl\u0259\u015fdirilmi\u015f qaydada h\u0259lli il\u0259 ba\u011fl\u0131 \u018flaq\u0259l\u0259ndirm\u0259 Q\u0259rargah\u0131n\u0131n r\u0259hb\u0259ri Samir Nuriyevin s\u0259drliyi il\u0259 Xocav\u0259nd \u015f\u0259h\u0259rind\u0259 Q\u0259rargah\u0131n n\u00f6vb\u0259ti iclas\u0131 ke\u00e7irilib. Musavat.com\u00a0x\u0259b\u0259r verir ki, iclasda \u00e7\u0131x\u0131\u015f ed\u0259n Samir Nuriyev i\u015f\u011faldan azad olunmu\u015f \u0259razil\u0259r\u0259 B\u00f6y\u00fck Qay\u0131d\u0131\u015f prosesinin Az\u0259rbaycan Prezidenti \u0130lham \u018fliyevin r\u0259hb\u0259rliyi il\u0259 h\u0259yata ke\u00e7iril\u0259n d\u00f6vl\u0259t siyas\u0259tinin v\u0259 \u00f6lk\u0259nin&hellip;","_links":{"self":[{"href":"https:\/\/arantv.az\/index.php?rest_route=\/wp\/v2\/posts\/844642"}],"collection":[{"href":"https:\/\/arantv.az\/index.php?rest_route=\/wp\/v2\/posts"}],"about":[{"href":"https:\/\/arantv.az\/index.php?rest_route=\/wp\/v2\/types\/post"}],"author":[{"embeddable":true,"href":"https:\/\/arantv.az\/index.php?rest_route=\/wp\/v2\/users\/2"}],"replies":[{"embeddable":true,"href":"https:\/\/arantv.az\/index.php?rest_route=%2Fwp%2Fv2%2Fcomments&post=844642"}],"version-history":[{"count":1,"href":"https:\/\/arantv.az\/index.php?rest_route=\/wp\/v2\/posts\/844642\/revisions"}],"predecessor-version":[{"id":844644,"href":"https:\/\/arantv.az\/index.php?rest_route=\/wp\/v2\/posts\/844642\/revisions\/844644"}],"wp:featuredmedia":[{"embeddable":true,"href":"https:\/\/arantv.az\/index.php?rest_route=\/wp\/v2\/media\/844643"}],"wp:attachment":[{"href":"https:\/\/arantv.az\/index.php?rest_route=%2Fwp%2Fv2%2Fmedia&parent=844642"}],"wp:term":[{"taxonomy":"category","embeddable":true,"href":"https:\/\/arantv.az\/index.php?rest_route=%2Fwp%2Fv2%2Fcategories&post=844642"},{"taxonomy":"post_tag","embeddable":true,"href":"https:\/\/arantv.az\/index.php?rest_route=%2Fwp%2Fv2%2Ftags&post=844642"}],"curies":[{"name":"wp","href":"https:\/\/api.w.org\/{rel}","templated":true}]}}