{"id":844732,"date":"2026-03-17T11:12:44","date_gmt":"2026-03-17T07:12:44","guid":{"rendered":"https:\/\/arantv.az\/?p=844732"},"modified":"2026-03-17T11:12:44","modified_gmt":"2026-03-17T07:12:44","slug":"ceyhun-bayramov-pakistanli-h%c9%99mkari-il%c9%99-danisdi","status":"publish","type":"post","link":"https:\/\/arantv.az\/?p=844732","title":{"rendered":"Ceyhun Bayramov pakistanl\u0131 h\u0259mkar\u0131 il\u0259 dan\u0131\u015fd\u0131"},"content":{"rendered":"<p><strong>Az\u0259rbaycan\u0131n xarici i\u015fl\u0259r naziri Ceyhun Bayramov il\u0259 Pakistan Ba\u015f nazirinin m\u00fcavini, xarici i\u015fl\u0259r naziri M\u0259h\u0259mm\u0259d \u0130shaq Dar aras\u0131nda telefon dan\u0131\u015f\u0131\u011f\u0131 olub.<\/strong><\/p>\n<p>Bu bar\u0259d\u0259 Pakistan Xarici \u0130\u015fl\u0259r Nazirliyinin &#8220;X&#8221;d\u0259ki hesab\u0131nda m\u0259lumat yay\u0131l\u0131b.<\/p>\n<p>Bildirilib ki, nazirl\u0259r regionda davam ed\u0259n v\u0259ziyy\u0259tin son inki\u015faflar\u0131 bar\u0259d\u0259 fikir m\u00fcbadil\u0259si apar\u0131b v\u0259 qar\u015f\u0131l\u0131ql\u0131 maraq do\u011furan ikit\u0259r\u0259fli m\u0259s\u0259l\u0259l\u0259ri m\u00fczakir\u0259 edibl\u0259r. (Report)<\/p>\n","protected":false},"excerpt":{"rendered":"<p>Az\u0259rbaycan\u0131n xarici i\u015fl\u0259r naziri Ceyhun Bayramov il\u0259 Pakistan Ba\u015f nazirinin m\u00fcavini, xarici i\u015fl\u0259r naziri M\u0259h\u0259mm\u0259d \u0130shaq Dar aras\u0131nda telefon dan\u0131\u015f\u0131\u011f\u0131 olub. Bu bar\u0259d\u0259 Pakistan Xarici \u0130\u015fl\u0259r Nazirliyinin &#8220;X&#8221;d\u0259ki hesab\u0131nda m\u0259lumat yay\u0131l\u0131b. Bildirilib ki, nazirl\u0259r regionda davam ed\u0259n v\u0259ziyy\u0259tin son inki\u015faflar\u0131 bar\u0259d\u0259 fikir m\u00fcbadil\u0259si apar\u0131b v\u0259 qar\u015f\u0131l\u0131ql\u0131 maraq do\u011furan ikit\u0259r\u0259fli m\u0259s\u0259l\u0259l\u0259ri m\u00fczakir\u0259 edibl\u0259r. (Report)<\/p>\n","protected":false},"author":2,"featured_media":844733,"comment_status":"closed","ping_status":"closed","sticky":false,"template":"","format":"standard","meta":{"om_disable_all_campaigns":false,"_monsterinsights_skip_tracking":false,"_monsterinsights_sitenote_active":false,"_monsterinsights_sitenote_note":"","_monsterinsights_sitenote_category":0},"categories":[4],"tags":[],"aioseo_notices":[],"gutentor_comment":0,"rttpg_featured_image_url":{"full":["https:\/\/arantv.az\/wp-content\/uploads\/2026\/03\/3a028a7df0f9a0640b4e9b513e32006b.jpg",870,500,false],"landscape":["https:\/\/arantv.az\/wp-content\/uploads\/2026\/03\/3a028a7df0f9a0640b4e9b513e32006b.jpg",870,500,false],"portraits":["https:\/\/arantv.az\/wp-content\/uploads\/2026\/03\/3a028a7df0f9a0640b4e9b513e32006b.jpg",870,500,false],"thumbnail":["https:\/\/arantv.az\/wp-content\/uploads\/2026\/03\/3a028a7df0f9a0640b4e9b513e32006b-500x280.jpg",500,280,true],"medium":["https:\/\/arantv.az\/wp-content\/uploads\/2026\/03\/3a028a7df0f9a0640b4e9b513e32006b-635x365.jpg",635,365,true],"large":["https:\/\/arantv.az\/wp-content\/uploads\/2026\/03\/3a028a7df0f9a0640b4e9b513e32006b-840x483.jpg",640,368,true],"1536x1536":["https:\/\/arantv.az\/wp-content\/uploads\/2026\/03\/3a028a7df0f9a0640b4e9b513e32006b.jpg",870,500,false],"2048x2048":["https:\/\/arantv.az\/wp-content\/uploads\/2026\/03\/3a028a7df0f9a0640b4e9b513e32006b.jpg",870,500,false],"post-thumbnail":["https:\/\/arantv.az\/wp-content\/uploads\/2026\/03\/3a028a7df0f9a0640b4e9b513e32006b-240x172.jpg",240,172,true],"advps-thumb-one":["https:\/\/arantv.az\/wp-content\/uploads\/2026\/03\/3a028a7df0f9a0640b4e9b513e32006b.jpg",870,500,false]},"rttpg_author":{"display_name":"V\u00fcsal Rafiqo\u011flu","author_link":"https:\/\/arantv.az\/?author=2"},"rttpg_comment":0,"rttpg_category":"<a href=\"https:\/\/arantv.az\/?cat=4\" rel=\"category\">Siyas\u0259t<\/a>","rttpg_excerpt":"Az\u0259rbaycan\u0131n xarici i\u015fl\u0259r naziri Ceyhun Bayramov il\u0259 Pakistan Ba\u015f nazirinin m\u00fcavini, xarici i\u015fl\u0259r naziri M\u0259h\u0259mm\u0259d \u0130shaq Dar aras\u0131nda telefon dan\u0131\u015f\u0131\u011f\u0131 olub. Bu bar\u0259d\u0259 Pakistan Xarici \u0130\u015fl\u0259r Nazirliyinin &#8220;X&#8221;d\u0259ki hesab\u0131nda m\u0259lumat yay\u0131l\u0131b. Bildirilib ki, nazirl\u0259r regionda davam ed\u0259n v\u0259ziyy\u0259tin son inki\u015faflar\u0131 bar\u0259d\u0259 fikir m\u00fcbadil\u0259si apar\u0131b v\u0259 qar\u015f\u0131l\u0131ql\u0131 maraq do\u011furan ikit\u0259r\u0259fli m\u0259s\u0259l\u0259l\u0259ri m\u00fczakir\u0259 edibl\u0259r. (Report)","_links":{"self":[{"href":"https:\/\/arantv.az\/index.php?rest_route=\/wp\/v2\/posts\/844732"}],"collection":[{"href":"https:\/\/arantv.az\/index.php?rest_route=\/wp\/v2\/posts"}],"about":[{"href":"https:\/\/arantv.az\/index.php?rest_route=\/wp\/v2\/types\/post"}],"author":[{"embeddable":true,"href":"https:\/\/arantv.az\/index.php?rest_route=\/wp\/v2\/users\/2"}],"replies":[{"embeddable":true,"href":"https:\/\/arantv.az\/index.php?rest_route=%2Fwp%2Fv2%2Fcomments&post=844732"}],"version-history":[{"count":1,"href":"https:\/\/arantv.az\/index.php?rest_route=\/wp\/v2\/posts\/844732\/revisions"}],"predecessor-version":[{"id":844734,"href":"https:\/\/arantv.az\/index.php?rest_route=\/wp\/v2\/posts\/844732\/revisions\/844734"}],"wp:featuredmedia":[{"embeddable":true,"href":"https:\/\/arantv.az\/index.php?rest_route=\/wp\/v2\/media\/844733"}],"wp:attachment":[{"href":"https:\/\/arantv.az\/index.php?rest_route=%2Fwp%2Fv2%2Fmedia&parent=844732"}],"wp:term":[{"taxonomy":"category","embeddable":true,"href":"https:\/\/arantv.az\/index.php?rest_route=%2Fwp%2Fv2%2Fcategories&post=844732"},{"taxonomy":"post_tag","embeddable":true,"href":"https:\/\/arantv.az\/index.php?rest_route=%2Fwp%2Fv2%2Ftags&post=844732"}],"curies":[{"name":"wp","href":"https:\/\/api.w.org\/{rel}","templated":true}]}}