{"id":844739,"date":"2026-03-17T11:14:46","date_gmt":"2026-03-17T07:14:46","guid":{"rendered":"https:\/\/arantv.az\/?p=844739"},"modified":"2026-03-17T11:14:46","modified_gmt":"2026-03-17T07:14:46","slug":"qarabagdan-gund%c9%99md%c9%99n-dusm%c9%99y%c9%99n-transfer-x%c9%99b%c9%99ri-il%c9%99-bagli-aciqlama","status":"publish","type":"post","link":"https:\/\/arantv.az\/?p=844739","title":{"rendered":"&#8220;Qaraba\u011f&#8221;dan g\u00fcnd\u0259md\u0259n d\u00fc\u015fm\u0259y\u0259n TRANSFER X\u018fB\u018fR\u0130 il\u0259 ba\u011fl\u0131 A\u00c7IQLAMA"},"content":{"rendered":"<p><strong>&#8220;Levski&#8221;nin forvard\u0131 Mustafa Sanqarenin &#8220;Qaraba\u011f&#8221;\u0131n maraq dair\u0259sin\u0259 d\u00fc\u015fm\u0259si iddia olunur.<\/strong><\/p>\n<p>Bu bar\u0259d\u0259 &#8220;TransferFeed&#8221; yaz\u0131b.<\/p>\n<p>Portal\u0131n x\u0259b\u0259rin\u0259 g\u00f6r\u0259, malili h\u00fccum\u00e7unun karyeras\u0131n\u0131 Az\u0259rbaycan \u00e7empionunun hey\u0259tind\u0259 davam etdir\u0259 bil\u0259c\u0259yi g\u00f6zl\u0259nilir.<\/p>\n<p>M\u0259nb\u0259nin m\u0259lumat\u0131na g\u00f6r\u0259, t\u0259r\u0259fl\u0259r art\u0131q bir ne\u00e7\u0259 g\u00fcnd\u00fcr dan\u0131\u015f\u0131qlar apar\u0131r.<\/p>\n<p>27 ya\u015fl\u0131 oyun\u00e7unun bu yax\u0131nlarda dizind\u0259n z\u0259d\u0259 almas\u0131na baxmayaraq, &#8220;Qaraba\u011f&#8221;\u0131n ona mara\u011f\u0131 azalmay\u0131b v\u0259 klub oyun\u00e7unu m\u00f6vs\u00fcm\u00fcn sonunda hey\u0259tin\u0259 qatmaq \u00fc\u00e7\u00fcn ciddi s\u0259y g\u00f6st\u0259rir.<\/p>\n<p>Mali millisinin \u00fczv\u00fc \u00f6z\u00fc d\u0259 yax\u0131n vaxtlarda Bolqar\u0131stan \u00e7empionat\u0131n\u0131 t\u0259rk etm\u0259yi planla\u015fd\u0131r\u0131r.<\/p>\n<p>&#8220;Qaraba\u011f&#8221;\u0131n direktoru \u018fmrah \u00c7\u0259lik\u0259l bu bar\u0259d\u0259 sportinfo.az-a\u00a0a\u00e7\u0131qlama verib.<\/p>\n<p><strong>T\u0259cr\u00fcb\u0259li funksioner afrikal\u0131 forvard\u0131n onlar\u0131n g\u00fcnd\u0259mind\u0259 olmad\u0131\u011f\u0131n\u0131 s\u00f6yl\u0259yib:<\/strong><\/p>\n<p>&#8220;Klubumuz t\u0259r\u0259find\u0259n indiy\u0259d\u0259k onunla he\u00e7 bir s\u0259viyy\u0259d\u0259 dan\u0131\u015f\u0131qlar apar\u0131lmay\u0131b. Yay\u0131lan x\u0259b\u0259rl\u0259r h\u0259qiq\u0259ti \u0259ks etdirmir&#8221;.<\/p>\n<p>&#8220;Transfermarkt&#8221; Sanqareni 1,5 milyon avro d\u0259y\u0259rind\u0259 qiym\u0259tl\u0259ndirir. Onun &#8220;Levski&#8221; il\u0259 m\u00fcqavil\u0259si 2027-ci ilin yay\u0131na q\u0259d\u0259rdir.<\/p>\n<p>Cari m\u00f6vs\u00fcmd\u0259 ke\u00e7irdiyi 20 oyunda 9 qol v\u0259 3 m\u0259hsuldar \u00f6t\u00fcrm\u0259 il\u0259 yadda qalan &#8220;Betmen&#8221; l\u0259q\u0259bli h\u00fccum\u00e7u daha \u0259vv\u0259l Fransan\u0131n &#8220;Amyen&#8221; klubunda da \u00e7\u0131x\u0131\u015f edib.<\/p>\n","protected":false},"excerpt":{"rendered":"<p>&#8220;Levski&#8221;nin forvard\u0131 Mustafa Sanqarenin &#8220;Qaraba\u011f&#8221;\u0131n maraq dair\u0259sin\u0259 d\u00fc\u015fm\u0259si iddia olunur. Bu bar\u0259d\u0259 &#8220;TransferFeed&#8221; yaz\u0131b. Portal\u0131n x\u0259b\u0259rin\u0259 g\u00f6r\u0259, malili h\u00fccum\u00e7unun karyeras\u0131n\u0131 Az\u0259rbaycan \u00e7empionunun hey\u0259tind\u0259 davam etdir\u0259 bil\u0259c\u0259yi g\u00f6zl\u0259nilir. M\u0259nb\u0259nin m\u0259lumat\u0131na g\u00f6r\u0259, t\u0259r\u0259fl\u0259r art\u0131q bir ne\u00e7\u0259 g\u00fcnd\u00fcr dan\u0131\u015f\u0131qlar apar\u0131r. 27 ya\u015fl\u0131 oyun\u00e7unun bu yax\u0131nlarda dizind\u0259n z\u0259d\u0259 almas\u0131na baxmayaraq, &#8220;Qaraba\u011f&#8221;\u0131n ona mara\u011f\u0131 azalmay\u0131b v\u0259 klub oyun\u00e7unu m\u00f6vs\u00fcm\u00fcn sonunda hey\u0259tin\u0259 qatmaq \u00fc\u00e7\u00fcn ciddi s\u0259y g\u00f6st\u0259rir. Mali millisinin \u00fczv\u00fc \u00f6z\u00fc d\u0259 yax\u0131n vaxtlarda Bolqar\u0131stan \u00e7empionat\u0131n\u0131 t\u0259rk etm\u0259yi planla\u015fd\u0131r\u0131r. &#8220;Qaraba\u011f&#8221;\u0131n direktoru \u018fmrah \u00c7\u0259lik\u0259l bu bar\u0259d\u0259 sportinfo.az-a\u00a0a\u00e7\u0131qlama verib. T\u0259cr\u00fcb\u0259li funksioner afrikal\u0131 forvard\u0131n onlar\u0131n g\u00fcnd\u0259mind\u0259 olmad\u0131\u011f\u0131n\u0131 s\u00f6yl\u0259yib: &#8220;Klubumuz&hellip;<\/p>\n","protected":false},"author":2,"featured_media":844740,"comment_status":"closed","ping_status":"closed","sticky":false,"template":"","format":"standard","meta":{"om_disable_all_campaigns":false,"_monsterinsights_skip_tracking":false,"_monsterinsights_sitenote_active":false,"_monsterinsights_sitenote_note":"","_monsterinsights_sitenote_category":0},"categories":[6],"tags":[],"aioseo_notices":[],"gutentor_comment":0,"rttpg_featured_image_url":{"full":["https:\/\/arantv.az\/wp-content\/uploads\/2026\/03\/abcacd96b042c01cb0596e148abf977f.jpg",870,500,false],"landscape":["https:\/\/arantv.az\/wp-content\/uploads\/2026\/03\/abcacd96b042c01cb0596e148abf977f.jpg",870,500,false],"portraits":["https:\/\/arantv.az\/wp-content\/uploads\/2026\/03\/abcacd96b042c01cb0596e148abf977f.jpg",870,500,false],"thumbnail":["https:\/\/arantv.az\/wp-content\/uploads\/2026\/03\/abcacd96b042c01cb0596e148abf977f-500x280.jpg",500,280,true],"medium":["https:\/\/arantv.az\/wp-content\/uploads\/2026\/03\/abcacd96b042c01cb0596e148abf977f-635x365.jpg",635,365,true],"large":["https:\/\/arantv.az\/wp-content\/uploads\/2026\/03\/abcacd96b042c01cb0596e148abf977f-840x483.jpg",640,368,true],"1536x1536":["https:\/\/arantv.az\/wp-content\/uploads\/2026\/03\/abcacd96b042c01cb0596e148abf977f.jpg",870,500,false],"2048x2048":["https:\/\/arantv.az\/wp-content\/uploads\/2026\/03\/abcacd96b042c01cb0596e148abf977f.jpg",870,500,false],"post-thumbnail":["https:\/\/arantv.az\/wp-content\/uploads\/2026\/03\/abcacd96b042c01cb0596e148abf977f-240x172.jpg",240,172,true],"advps-thumb-one":["https:\/\/arantv.az\/wp-content\/uploads\/2026\/03\/abcacd96b042c01cb0596e148abf977f.jpg",870,500,false]},"rttpg_author":{"display_name":"V\u00fcsal Rafiqo\u011flu","author_link":"https:\/\/arantv.az\/?author=2"},"rttpg_comment":0,"rttpg_category":"<a href=\"https:\/\/arantv.az\/?cat=6\" rel=\"category\">\u0130dman<\/a>","rttpg_excerpt":"&#8220;Levski&#8221;nin forvard\u0131 Mustafa Sanqarenin &#8220;Qaraba\u011f&#8221;\u0131n maraq dair\u0259sin\u0259 d\u00fc\u015fm\u0259si iddia olunur. Bu bar\u0259d\u0259 &#8220;TransferFeed&#8221; yaz\u0131b. Portal\u0131n x\u0259b\u0259rin\u0259 g\u00f6r\u0259, malili h\u00fccum\u00e7unun karyeras\u0131n\u0131 Az\u0259rbaycan \u00e7empionunun hey\u0259tind\u0259 davam etdir\u0259 bil\u0259c\u0259yi g\u00f6zl\u0259nilir. M\u0259nb\u0259nin m\u0259lumat\u0131na g\u00f6r\u0259, t\u0259r\u0259fl\u0259r art\u0131q bir ne\u00e7\u0259 g\u00fcnd\u00fcr dan\u0131\u015f\u0131qlar apar\u0131r. 27 ya\u015fl\u0131 oyun\u00e7unun bu yax\u0131nlarda dizind\u0259n z\u0259d\u0259 almas\u0131na baxmayaraq, &#8220;Qaraba\u011f&#8221;\u0131n ona mara\u011f\u0131 azalmay\u0131b v\u0259 klub oyun\u00e7unu m\u00f6vs\u00fcm\u00fcn sonunda&hellip;","_links":{"self":[{"href":"https:\/\/arantv.az\/index.php?rest_route=\/wp\/v2\/posts\/844739"}],"collection":[{"href":"https:\/\/arantv.az\/index.php?rest_route=\/wp\/v2\/posts"}],"about":[{"href":"https:\/\/arantv.az\/index.php?rest_route=\/wp\/v2\/types\/post"}],"author":[{"embeddable":true,"href":"https:\/\/arantv.az\/index.php?rest_route=\/wp\/v2\/users\/2"}],"replies":[{"embeddable":true,"href":"https:\/\/arantv.az\/index.php?rest_route=%2Fwp%2Fv2%2Fcomments&post=844739"}],"version-history":[{"count":1,"href":"https:\/\/arantv.az\/index.php?rest_route=\/wp\/v2\/posts\/844739\/revisions"}],"predecessor-version":[{"id":844741,"href":"https:\/\/arantv.az\/index.php?rest_route=\/wp\/v2\/posts\/844739\/revisions\/844741"}],"wp:featuredmedia":[{"embeddable":true,"href":"https:\/\/arantv.az\/index.php?rest_route=\/wp\/v2\/media\/844740"}],"wp:attachment":[{"href":"https:\/\/arantv.az\/index.php?rest_route=%2Fwp%2Fv2%2Fmedia&parent=844739"}],"wp:term":[{"taxonomy":"category","embeddable":true,"href":"https:\/\/arantv.az\/index.php?rest_route=%2Fwp%2Fv2%2Fcategories&post=844739"},{"taxonomy":"post_tag","embeddable":true,"href":"https:\/\/arantv.az\/index.php?rest_route=%2Fwp%2Fv2%2Ftags&post=844739"}],"curies":[{"name":"wp","href":"https:\/\/api.w.org\/{rel}","templated":true}]}}