{"id":84846,"date":"2019-10-11T09:45:15","date_gmt":"2019-10-11T06:45:15","guid":{"rendered":"http:\/\/arantv.az\/?p=84846"},"modified":"2019-10-11T09:45:15","modified_gmt":"2019-10-11T06:45:15","slug":"az%c9%99rbaycan-v%c9%99-cin-iqtisadiyyat-v%c9%99-siyas%c9%99t-sah%c9%99l%c9%99rind%c9%99-%c9%99m%c9%99kdasliq-ucun-boyuk-perspektiv%c9%99-malikdir","status":"publish","type":"post","link":"https:\/\/arantv.az\/?p=84846","title":{"rendered":"&#8220;Az\u0259rbaycan v\u0259 \u00c7in iqtisadiyyat v\u0259 siyas\u0259t sah\u0259l\u0259rind\u0259 \u0259m\u0259kda\u015fl\u0131q \u00fc\u00e7\u00fcn b\u00f6y\u00fck perspektiv\u0259 malikdir&#8221;"},"content":{"rendered":"<blockquote><p><em><strong>Az\u0259rbaycanla \u00c7in aras\u0131ndak\u0131 m\u00fcnasib\u0259tl\u0259r son ill\u0259rd\u0259 bir \u00e7ox m\u0259s\u0259l\u0259l\u0259r \u00fczr\u0259 ard\u0131c\u0131ll\u0131q v\u0259 qar\u015f\u0131l\u0131ql\u0131 anla\u015fma il\u0259 xarakteriz\u0259 olunur, &#8220;\u0130p\u0259k Yolu \u0130qtisadi K\u0259m\u0259ri&#8221; layih\u0259sinin icras\u0131 is\u0259 ikit\u0259r\u0259fli m\u00fcnasib\u0259tl\u0259rin inki\u015faf\u0131na ciddi t\u0259kan verir v\u0259 Az\u0259rbaycan\u0131n C\u0259nubi Qafqaz regionunda lider \u00f6lk\u0259 kimi \u0259h\u0259miyy\u0259tini art\u0131r\u0131r.<\/strong><\/em><\/p><\/blockquote>\n<p><strong>ARANTV.AZ<\/strong> x\u0259b\u0259r verir ki, bunu\u00a0<a href=\"https:\/\/az.trend.az\/\" target=\"_blank\" rel=\"noopener\">Trend<\/a>-\u0259 Q\u0259rb Universitetinin professoru, ekspert Fikr\u0259t Sad\u0131qov deyib.<\/p>\n<p>Onun s\u00f6zl\u0259rin\u0259 g\u00f6r\u0259, \u00c7in bu layih\u0259d\u0259 \u00e7ox maraql\u0131d\u0131r, \u00e7\u00fcnki bu, \u00c7in y\u00fckl\u0259rinin \u00f6lk\u0259mizin \u0259razisind\u0259n ke\u00e7m\u0259sini n\u0259z\u0259rd\u0259 tutur:<\/p>\n<p>&#8220;\u00dcmumilikd\u0259 \u00c7inl\u0259 Az\u0259rbaycan aras\u0131nda qar\u015f\u0131l\u0131ql\u0131 m\u00fcnasib\u0259tl\u0259r ticari-iqtisadi, humanitar sah\u0259l\u0259rd\u0259 \u0259m\u0259kda\u015fl\u0131\u011f\u0131n geni\u015f spektri, el\u0259c\u0259 d\u0259 irimiqyasl\u0131 beyn\u0259lxalq \u0259h\u0259miyy\u0259tli layih\u0259l\u0259rin realla\u015fd\u0131r\u0131lmas\u0131 say\u0259sind\u0259 kifay\u0259t q\u0259d\u0259r perspektivlidir. \u00c7in Az\u0259rbaycanla \u0259m\u0259kda\u015fl\u0131\u011fa a\u015fkar maraq g\u00f6st\u0259rir, \u00e7\u00fcnki \u00f6lk\u0259miz faktiki olaraq Avropa v\u0259 Asiya aras\u0131nda beyn\u0259lxalq y\u00fckda\u015f\u0131malar \u00fc\u00e7\u00fcn n\u0259qliyyat qov\u015fa\u011f\u0131na \u00e7evrilib&#8221;.<\/p>\n<p>Ekspert h\u0259m\u00e7inin Az\u0259rbaycanla \u00c7in aras\u0131nda siyasi \u0259laq\u0259l\u0259rin y\u00fcks\u0259k \u0259h\u0259miyy\u0259tini qeyd edib:<\/p>\n<p>&#8220;\u00c7in \u0259razi b\u00fct\u00f6vl\u00fcy\u00fc m\u0259s\u0259l\u0259sind\u0259 Az\u0259rbaycan\u0131 d\u0259st\u0259kl\u0259yir v\u0259 d\u00f6vl\u0259timizin milli s\u0259rh\u0259dl\u0259rinin toxunulmazl\u0131\u011f\u0131n\u0131n t\u0259r\u0259fdar\u0131d\u0131r. Bizim \u00fc\u00e7\u00fcn \u00c7inin bu fakt\u0131 tan\u0131mas\u0131 b\u00f6y\u00fck \u0259h\u0259miyy\u0259t k\u0259sb edir, bu, \u00f6z n\u00f6vb\u0259sind\u0259 siyasi dialoqun d\u0259st\u0259kl\u0259nm\u0259si \u00fc\u00e7\u00fcn stimuldur&#8221;.<\/p>\n","protected":false},"excerpt":{"rendered":"<p>Az\u0259rbaycanla \u00c7in aras\u0131ndak\u0131 m\u00fcnasib\u0259tl\u0259r son ill\u0259rd\u0259 bir \u00e7ox m\u0259s\u0259l\u0259l\u0259r \u00fczr\u0259 ard\u0131c\u0131ll\u0131q v\u0259 qar\u015f\u0131l\u0131ql\u0131 anla\u015fma il\u0259 xarakteriz\u0259 olunur, &#8220;\u0130p\u0259k Yolu \u0130qtisadi K\u0259m\u0259ri&#8221; layih\u0259sinin icras\u0131 is\u0259 ikit\u0259r\u0259fli m\u00fcnasib\u0259tl\u0259rin inki\u015faf\u0131na ciddi t\u0259kan verir v\u0259 Az\u0259rbaycan\u0131n C\u0259nubi Qafqaz regionunda lider \u00f6lk\u0259 kimi \u0259h\u0259miyy\u0259tini art\u0131r\u0131r. ARANTV.AZ x\u0259b\u0259r verir ki, bunu\u00a0Trend-\u0259 Q\u0259rb Universitetinin professoru, ekspert Fikr\u0259t Sad\u0131qov deyib. Onun s\u00f6zl\u0259rin\u0259 g\u00f6r\u0259, \u00c7in bu layih\u0259d\u0259 \u00e7ox maraql\u0131d\u0131r, \u00e7\u00fcnki bu, \u00c7in y\u00fckl\u0259rinin \u00f6lk\u0259mizin \u0259razisind\u0259n ke\u00e7m\u0259sini n\u0259z\u0259rd\u0259 tutur: &#8220;\u00dcmumilikd\u0259 \u00c7inl\u0259 Az\u0259rbaycan aras\u0131nda qar\u015f\u0131l\u0131ql\u0131 m\u00fcnasib\u0259tl\u0259r ticari-iqtisadi, humanitar sah\u0259l\u0259rd\u0259 \u0259m\u0259kda\u015fl\u0131\u011f\u0131n geni\u015f spektri, el\u0259c\u0259 d\u0259 irimiqyasl\u0131 beyn\u0259lxalq \u0259h\u0259miyy\u0259tli layih\u0259l\u0259rin realla\u015fd\u0131r\u0131lmas\u0131 say\u0259sind\u0259 kifay\u0259t&hellip;<\/p>\n","protected":false},"author":2,"featured_media":84847,"comment_status":"closed","ping_status":"closed","sticky":false,"template":"","format":"standard","meta":{"om_disable_all_campaigns":false,"_monsterinsights_skip_tracking":false,"_monsterinsights_sitenote_active":false,"_monsterinsights_sitenote_note":"","_monsterinsights_sitenote_category":0},"categories":[4],"tags":[],"aioseo_notices":[],"gutentor_comment":0,"rttpg_featured_image_url":{"full":["https:\/\/arantv.az\/wp-content\/uploads\/2019\/10\/793346.jpg",800,600,false],"landscape":["https:\/\/arantv.az\/wp-content\/uploads\/2019\/10\/793346.jpg",800,600,false],"portraits":["https:\/\/arantv.az\/wp-content\/uploads\/2019\/10\/793346.jpg",800,600,false],"thumbnail":["https:\/\/arantv.az\/wp-content\/uploads\/2019\/10\/793346-150x150.jpg",150,150,true],"medium":["https:\/\/arantv.az\/wp-content\/uploads\/2019\/10\/793346-300x225.jpg",300,225,true],"large":["https:\/\/arantv.az\/wp-content\/uploads\/2019\/10\/793346.jpg",640,480,false],"1536x1536":["https:\/\/arantv.az\/wp-content\/uploads\/2019\/10\/793346.jpg",800,600,false],"2048x2048":["https:\/\/arantv.az\/wp-content\/uploads\/2019\/10\/793346.jpg",800,600,false],"post-thumbnail":["https:\/\/arantv.az\/wp-content\/uploads\/2019\/10\/793346-240x172.jpg",240,172,true],"advps-thumb-one":["https:\/\/arantv.az\/wp-content\/uploads\/2019\/10\/793346.jpg",800,600,false]},"rttpg_author":{"display_name":"V\u00fcsal Rafiqo\u011flu","author_link":"https:\/\/arantv.az\/?author=2"},"rttpg_comment":0,"rttpg_category":"<a href=\"https:\/\/arantv.az\/?cat=4\" rel=\"category\">Siyas\u0259t<\/a>","rttpg_excerpt":"Az\u0259rbaycanla \u00c7in aras\u0131ndak\u0131 m\u00fcnasib\u0259tl\u0259r son ill\u0259rd\u0259 bir \u00e7ox m\u0259s\u0259l\u0259l\u0259r \u00fczr\u0259 ard\u0131c\u0131ll\u0131q v\u0259 qar\u015f\u0131l\u0131ql\u0131 anla\u015fma il\u0259 xarakteriz\u0259 olunur, &#8220;\u0130p\u0259k Yolu \u0130qtisadi K\u0259m\u0259ri&#8221; layih\u0259sinin icras\u0131 is\u0259 ikit\u0259r\u0259fli m\u00fcnasib\u0259tl\u0259rin inki\u015faf\u0131na ciddi t\u0259kan verir v\u0259 Az\u0259rbaycan\u0131n C\u0259nubi Qafqaz regionunda lider \u00f6lk\u0259 kimi \u0259h\u0259miyy\u0259tini art\u0131r\u0131r. ARANTV.AZ x\u0259b\u0259r verir ki, bunu\u00a0Trend-\u0259 Q\u0259rb Universitetinin professoru, ekspert Fikr\u0259t Sad\u0131qov deyib. Onun s\u00f6zl\u0259rin\u0259 g\u00f6r\u0259,&hellip;","_links":{"self":[{"href":"https:\/\/arantv.az\/index.php?rest_route=\/wp\/v2\/posts\/84846"}],"collection":[{"href":"https:\/\/arantv.az\/index.php?rest_route=\/wp\/v2\/posts"}],"about":[{"href":"https:\/\/arantv.az\/index.php?rest_route=\/wp\/v2\/types\/post"}],"author":[{"embeddable":true,"href":"https:\/\/arantv.az\/index.php?rest_route=\/wp\/v2\/users\/2"}],"replies":[{"embeddable":true,"href":"https:\/\/arantv.az\/index.php?rest_route=%2Fwp%2Fv2%2Fcomments&post=84846"}],"version-history":[{"count":0,"href":"https:\/\/arantv.az\/index.php?rest_route=\/wp\/v2\/posts\/84846\/revisions"}],"wp:featuredmedia":[{"embeddable":true,"href":"https:\/\/arantv.az\/index.php?rest_route=\/wp\/v2\/media\/84847"}],"wp:attachment":[{"href":"https:\/\/arantv.az\/index.php?rest_route=%2Fwp%2Fv2%2Fmedia&parent=84846"}],"wp:term":[{"taxonomy":"category","embeddable":true,"href":"https:\/\/arantv.az\/index.php?rest_route=%2Fwp%2Fv2%2Fcategories&post=84846"},{"taxonomy":"post_tag","embeddable":true,"href":"https:\/\/arantv.az\/index.php?rest_route=%2Fwp%2Fv2%2Ftags&post=84846"}],"curies":[{"name":"wp","href":"https:\/\/api.w.org\/{rel}","templated":true}]}}