{"id":84850,"date":"2019-10-11T09:47:39","date_gmt":"2019-10-11T06:47:39","guid":{"rendered":"http:\/\/arantv.az\/?p=84850"},"modified":"2019-10-11T09:47:39","modified_gmt":"2019-10-11T06:47:39","slug":"les-tofiqd%c9%99n-sonra-les-elgun-d%c9%99-%c9%99l%c9%99-kecdi-video","status":"publish","type":"post","link":"https:\/\/arantv.az\/?p=84850","title":{"rendered":"&#8220;Le\u015f Tofiq&#8221;d\u0259n sonra &#8220;Le\u015f Elg\u00fcn&#8221; d\u0259 \u0259l\u0259 ke\u00e7di &#8211; V\u0130DEO"},"content":{"rendered":"<p>Balak\u0259nd\u0259 qanunsuz \u0259t k\u0259simi il\u0259 m\u0259\u015f\u011ful olan &#8220;Le\u015f Elg\u00fcn&#8221; l\u0259q\u0259bli q\u0259ssab saxlan\u0131l\u0131b.<\/p>\n<p><b>ARANTV.AZ<\/b>\u00a0apa-ya istinadla verir ki, Balak\u0259n rayon Polis \u015e\u00f6b\u0259sin\u0259 Balak\u0259n \u015f\u0259h\u0259ri, Tofiq Quliyev k\u00fc\u00e7\u0259sind\u0259 ya\u015fayan v\u0259 rayonda &#8220;Le\u015f Elg\u00fcn&#8221; kimi tan\u0131nan 33 ya\u015fl\u0131 \u00c7onpuzov Elg\u00fcn Zeyn\u0259ddin o\u011flunun m\u0259n\u015f\u0259yi m\u0259lum olmayan \u0259t k\u0259simi il\u0259 m\u0259\u015f\u011ful olmas\u0131 bar\u0259d\u0259 m\u0259lumat daxil olub.<\/p>\n<div id=\"AdviadNativeVideo0\" class=\"AdviadNativeVideo\"><\/div>\n<p>Ke\u00e7irilmi\u015f t\u0259dbir zaman\u0131 Elg\u00fcn \u00c7onpuzovun ya\u015fad\u0131\u011f\u0131 \u00fcnvanda qanunsuz k\u0259sdiyi bir ba\u015f at v\u0259 64 kq at \u0259ti a\u015fkar edilib.<\/p>\n<p>K\u0259silmi\u015f le\u015fi m\u00fcayin\u0259 etm\u0259k \u00fc\u00e7\u00fcn hadis\u0259 yerin\u0259 Az\u0259rbaycan Qida T\u0259hl\u00fck\u0259sizliyi Agentliyi v\u0259 aidiyy\u0259ti qurumlar\u0131n \u0259m\u0259kda\u015flar\u0131 polis t\u0259r\u0259find\u0259n d\u0259v\u0259t edilib. Heyvan c\u0259md\u0259yin\u0259 bax\u0131\u015f ke\u00e7iril\u0259n zaman onun bakterioloji \u00e7irkl\u0259nm\u0259y\u0259 m\u0259ruz qald\u0131\u011f\u0131 \u015f\u00fcbh\u0259si yaran\u0131b.<\/p>\n<p>Heyvan c\u0259md\u0259kl\u0259rind\u0259n n\u00fcmun\u0259l\u0259r g\u00f6t\u00fcr\u00fcl\u0259r\u0259k, ekspertizadan ke\u00e7irilm\u0259si \u00fc\u00e7\u00fcn Az\u0259rbaycan Qida T\u0259hl\u00fck\u0259sizliyi \u0130nstitutunun laboratoriyas\u0131na g\u00f6nd\u0259rilib.<\/p>\n<p>Haz\u0131rda faktla ba\u011fl\u0131 ara\u015fd\u0131rma davam etdirilir.<\/p>\n<div class=\"embed-responsive embed-responsive-16by9\"><iframe loading=\"lazy\" id=\"nmqembedid\" class=\"embed-responsive-item\" title=\"video player\" src=\"https:\/\/izle.az\/embed\/qyyxDXL2NnAzrCzLqUwGAA~~\" width=\"600\" height=\"340\" frameborder=\"0\" scrolling=\"no\" allowfullscreen=\"allowfullscreen\" data-mce-fragment=\"1\"><\/iframe><\/div>\n<div class=\"datespan clearfix\"><\/div>\n","protected":false},"excerpt":{"rendered":"<p>Balak\u0259nd\u0259 qanunsuz \u0259t k\u0259simi il\u0259 m\u0259\u015f\u011ful olan &#8220;Le\u015f Elg\u00fcn&#8221; l\u0259q\u0259bli q\u0259ssab saxlan\u0131l\u0131b. ARANTV.AZ\u00a0apa-ya istinadla verir ki, Balak\u0259n rayon Polis \u015e\u00f6b\u0259sin\u0259 Balak\u0259n \u015f\u0259h\u0259ri, Tofiq Quliyev k\u00fc\u00e7\u0259sind\u0259 ya\u015fayan v\u0259 rayonda &#8220;Le\u015f Elg\u00fcn&#8221; kimi tan\u0131nan 33 ya\u015fl\u0131 \u00c7onpuzov Elg\u00fcn Zeyn\u0259ddin o\u011flunun m\u0259n\u015f\u0259yi m\u0259lum olmayan \u0259t k\u0259simi il\u0259 m\u0259\u015f\u011ful olmas\u0131 bar\u0259d\u0259 m\u0259lumat daxil olub. Ke\u00e7irilmi\u015f t\u0259dbir zaman\u0131 Elg\u00fcn \u00c7onpuzovun ya\u015fad\u0131\u011f\u0131 \u00fcnvanda qanunsuz k\u0259sdiyi bir ba\u015f at v\u0259 64 kq at \u0259ti a\u015fkar edilib. K\u0259silmi\u015f le\u015fi m\u00fcayin\u0259 etm\u0259k \u00fc\u00e7\u00fcn hadis\u0259 yerin\u0259 Az\u0259rbaycan Qida T\u0259hl\u00fck\u0259sizliyi Agentliyi v\u0259 aidiyy\u0259ti qurumlar\u0131n \u0259m\u0259kda\u015flar\u0131 polis t\u0259r\u0259find\u0259n d\u0259v\u0259t edilib. Heyvan c\u0259md\u0259yin\u0259&hellip;<\/p>\n","protected":false},"author":2,"featured_media":84851,"comment_status":"closed","ping_status":"closed","sticky":false,"template":"","format":"standard","meta":{"om_disable_all_campaigns":false,"_monsterinsights_skip_tracking":false,"_monsterinsights_sitenote_active":false,"_monsterinsights_sitenote_note":"","_monsterinsights_sitenote_category":0},"categories":[1],"tags":[],"aioseo_notices":[],"gutentor_comment":0,"rttpg_featured_image_url":{"full":["https:\/\/arantv.az\/wp-content\/uploads\/2019\/10\/1570767722_maxresdefault.jpg",649,365,false],"landscape":["https:\/\/arantv.az\/wp-content\/uploads\/2019\/10\/1570767722_maxresdefault.jpg",649,365,false],"portraits":["https:\/\/arantv.az\/wp-content\/uploads\/2019\/10\/1570767722_maxresdefault.jpg",649,365,false],"thumbnail":["https:\/\/arantv.az\/wp-content\/uploads\/2019\/10\/1570767722_maxresdefault-150x150.jpg",150,150,true],"medium":["https:\/\/arantv.az\/wp-content\/uploads\/2019\/10\/1570767722_maxresdefault-300x169.jpg",300,169,true],"large":["https:\/\/arantv.az\/wp-content\/uploads\/2019\/10\/1570767722_maxresdefault.jpg",640,360,false],"1536x1536":["https:\/\/arantv.az\/wp-content\/uploads\/2019\/10\/1570767722_maxresdefault.jpg",649,365,false],"2048x2048":["https:\/\/arantv.az\/wp-content\/uploads\/2019\/10\/1570767722_maxresdefault.jpg",649,365,false],"post-thumbnail":["https:\/\/arantv.az\/wp-content\/uploads\/2019\/10\/1570767722_maxresdefault-240x172.jpg",240,172,true],"advps-thumb-one":["https:\/\/arantv.az\/wp-content\/uploads\/2019\/10\/1570767722_maxresdefault.jpg",649,365,false]},"rttpg_author":{"display_name":"V\u00fcsal Rafiqo\u011flu","author_link":"https:\/\/arantv.az\/?author=2"},"rttpg_comment":0,"rttpg_category":"<a href=\"https:\/\/arantv.az\/?cat=1\" rel=\"category\">C\u0259miyy\u0259t<\/a>","rttpg_excerpt":"Balak\u0259nd\u0259 qanunsuz \u0259t k\u0259simi il\u0259 m\u0259\u015f\u011ful olan &#8220;Le\u015f Elg\u00fcn&#8221; l\u0259q\u0259bli q\u0259ssab saxlan\u0131l\u0131b. ARANTV.AZ\u00a0apa-ya istinadla verir ki, Balak\u0259n rayon Polis \u015e\u00f6b\u0259sin\u0259 Balak\u0259n \u015f\u0259h\u0259ri, Tofiq Quliyev k\u00fc\u00e7\u0259sind\u0259 ya\u015fayan v\u0259 rayonda &#8220;Le\u015f Elg\u00fcn&#8221; kimi tan\u0131nan 33 ya\u015fl\u0131 \u00c7onpuzov Elg\u00fcn Zeyn\u0259ddin o\u011flunun m\u0259n\u015f\u0259yi m\u0259lum olmayan \u0259t k\u0259simi il\u0259 m\u0259\u015f\u011ful olmas\u0131 bar\u0259d\u0259 m\u0259lumat daxil olub. Ke\u00e7irilmi\u015f t\u0259dbir zaman\u0131 Elg\u00fcn \u00c7onpuzovun&hellip;","_links":{"self":[{"href":"https:\/\/arantv.az\/index.php?rest_route=\/wp\/v2\/posts\/84850"}],"collection":[{"href":"https:\/\/arantv.az\/index.php?rest_route=\/wp\/v2\/posts"}],"about":[{"href":"https:\/\/arantv.az\/index.php?rest_route=\/wp\/v2\/types\/post"}],"author":[{"embeddable":true,"href":"https:\/\/arantv.az\/index.php?rest_route=\/wp\/v2\/users\/2"}],"replies":[{"embeddable":true,"href":"https:\/\/arantv.az\/index.php?rest_route=%2Fwp%2Fv2%2Fcomments&post=84850"}],"version-history":[{"count":0,"href":"https:\/\/arantv.az\/index.php?rest_route=\/wp\/v2\/posts\/84850\/revisions"}],"wp:featuredmedia":[{"embeddable":true,"href":"https:\/\/arantv.az\/index.php?rest_route=\/wp\/v2\/media\/84851"}],"wp:attachment":[{"href":"https:\/\/arantv.az\/index.php?rest_route=%2Fwp%2Fv2%2Fmedia&parent=84850"}],"wp:term":[{"taxonomy":"category","embeddable":true,"href":"https:\/\/arantv.az\/index.php?rest_route=%2Fwp%2Fv2%2Fcategories&post=84850"},{"taxonomy":"post_tag","embeddable":true,"href":"https:\/\/arantv.az\/index.php?rest_route=%2Fwp%2Fv2%2Ftags&post=84850"}],"curies":[{"name":"wp","href":"https:\/\/api.w.org\/{rel}","templated":true}]}}