{"id":849460,"date":"2026-04-24T12:59:05","date_gmt":"2026-04-24T08:59:05","guid":{"rendered":"https:\/\/arantv.az\/?p=849460"},"modified":"2026-04-24T12:59:05","modified_gmt":"2026-04-24T08:59:05","slug":"az%c9%99rbaycan-xin-erm%c9%99nistanda-turkiy%c9%99-bayraginin-yandirilmasini-pisl%c9%99yib","status":"publish","type":"post","link":"https:\/\/arantv.az\/?p=849460","title":{"rendered":"Az\u0259rbaycan X\u0130N Erm\u0259nistanda T\u00fcrkiy\u0259 bayra\u011f\u0131n\u0131n yand\u0131r\u0131lmas\u0131n\u0131 pisl\u0259yib"},"content":{"rendered":"<p>Az\u0259rbaycan Xarici \u0130\u015fl\u0259r Nazirliyi (X\u0130N) Erm\u0259nistanda T\u00fcrkiy\u0259 bayra\u011f\u0131n\u0131n yand\u0131r\u0131lmas\u0131n\u0131 pisl\u0259yib.<\/p>\n<p><strong>\u201c\u0130ki sahil\u201d x\u0259b\u0259r verir ki,\u00a0<\/strong>bu bar\u0259d\u0259 X\u0130N b\u0259yanat yay\u0131b.<\/p>\n<p>B\u0259yanatda qeyd olunub ki, Erm\u0259nistan\u0131n paytaxt\u0131 \u0130r\u0259van \u015f\u0259h\u0259rind\u0259 &#8220;m\u0259\u015f\u0259l y\u00fcr\u00fc\u015f\u00fc&#8221; zaman\u0131 T\u00fcrkiy\u0259 bayra\u011f\u0131n\u0131n yand\u0131r\u0131lmas\u0131 Az\u0259rbaycan X\u0130N t\u0259r\u0259find\u0259n q\u0259tiyy\u0259tl\u0259 pisl\u0259nilir.<\/p>\n<p>&#8220;Erm\u0259nistan h\u00f6kum\u0259ti etnik z\u0259mind\u0259 k\u00f6k salm\u0131\u015f nifr\u0259tin t\u0259c\u0259ss\u00fcm\u00fc olan bu kimi kampaniyan\u0131n qar\u015f\u0131s\u0131n\u0131 vaxt\u0131nda almal\u0131 v\u0259 m\u00fcvafiq t\u0259hl\u00fck\u0259sizlik t\u0259dbirl\u0259ri g\u00f6rm\u0259li idi.<\/p>\n<p>Bu kimi q\u0259buledilm\u0259z aktlara demokratik normalar, s\u0259rb\u0259st topla\u015fmaq v\u0259 fikir azadl\u0131qlar\u0131 \u0259sas g\u0259tiril\u0259r\u0259k g\u00f6z yumulmas\u0131 tamamil\u0259 q\u0259buledilm\u0259zdir.<\/p>\n<p>Erm\u0259nistanda h\u0259l\u0259 d\u0259 g\u00fccl\u00fc \u015f\u0259kild\u0259 revan\u015fist v\u0259 etnik nifr\u0259t\u0259 \u0259saslanan fa\u015fist d\u00fc\u015f\u00fcnc\u0259nin a\u00e7\u0131q t\u0259zah\u00fcr\u00fc olan bu kimi aktlar beyn\u0259lxalq s\u0259viyy\u0259d\u0259 pisl\u0259nm\u0259li v\u0259 qar\u015f\u0131s\u0131 al\u0131nmal\u0131d\u0131r.<\/p>\n<p>Erm\u0259nistan h\u00f6kum\u0259tini bu h\u0259r\u0259k\u0259tl\u0259ri t\u00f6r\u0259tmi\u015f \u015f\u0259xsl\u0259ri m\u0259suliyy\u0259t\u0259 c\u0259lb etm\u0259y\u0259 \u00e7a\u011f\u0131r\u0131r\u0131q&#8221;, &#8211; b\u0259yanatda qeyd olunub.<\/p>\n","protected":false},"excerpt":{"rendered":"<p>Az\u0259rbaycan Xarici \u0130\u015fl\u0259r Nazirliyi (X\u0130N) Erm\u0259nistanda T\u00fcrkiy\u0259 bayra\u011f\u0131n\u0131n yand\u0131r\u0131lmas\u0131n\u0131 pisl\u0259yib. \u201c\u0130ki sahil\u201d x\u0259b\u0259r verir ki,\u00a0bu bar\u0259d\u0259 X\u0130N b\u0259yanat yay\u0131b. B\u0259yanatda qeyd olunub ki, Erm\u0259nistan\u0131n paytaxt\u0131 \u0130r\u0259van \u015f\u0259h\u0259rind\u0259 &#8220;m\u0259\u015f\u0259l y\u00fcr\u00fc\u015f\u00fc&#8221; zaman\u0131 T\u00fcrkiy\u0259 bayra\u011f\u0131n\u0131n yand\u0131r\u0131lmas\u0131 Az\u0259rbaycan X\u0130N t\u0259r\u0259find\u0259n q\u0259tiyy\u0259tl\u0259 pisl\u0259nilir. &#8220;Erm\u0259nistan h\u00f6kum\u0259ti etnik z\u0259mind\u0259 k\u00f6k salm\u0131\u015f nifr\u0259tin t\u0259c\u0259ss\u00fcm\u00fc olan bu kimi kampaniyan\u0131n qar\u015f\u0131s\u0131n\u0131 vaxt\u0131nda almal\u0131 v\u0259 m\u00fcvafiq t\u0259hl\u00fck\u0259sizlik t\u0259dbirl\u0259ri g\u00f6rm\u0259li idi. Bu kimi q\u0259buledilm\u0259z aktlara demokratik normalar, s\u0259rb\u0259st topla\u015fmaq v\u0259 fikir azadl\u0131qlar\u0131 \u0259sas g\u0259tiril\u0259r\u0259k g\u00f6z yumulmas\u0131 tamamil\u0259 q\u0259buledilm\u0259zdir. Erm\u0259nistanda h\u0259l\u0259 d\u0259 g\u00fccl\u00fc \u015f\u0259kild\u0259 revan\u015fist v\u0259 etnik nifr\u0259t\u0259 \u0259saslanan fa\u015fist d\u00fc\u015f\u00fcnc\u0259nin a\u00e7\u0131q t\u0259zah\u00fcr\u00fc&hellip;<\/p>\n","protected":false},"author":2,"featured_media":849461,"comment_status":"closed","ping_status":"closed","sticky":false,"template":"","format":"standard","meta":{"om_disable_all_campaigns":false,"_monsterinsights_skip_tracking":false,"_monsterinsights_sitenote_active":false,"_monsterinsights_sitenote_note":"","_monsterinsights_sitenote_category":0},"categories":[4],"tags":[],"aioseo_notices":[],"gutentor_comment":0,"rttpg_featured_image_url":{"full":["https:\/\/arantv.az\/wp-content\/uploads\/2026\/04\/61019031169804584219734158110736110-1.jpg",975,540,false],"landscape":["https:\/\/arantv.az\/wp-content\/uploads\/2026\/04\/61019031169804584219734158110736110-1.jpg",975,540,false],"portraits":["https:\/\/arantv.az\/wp-content\/uploads\/2026\/04\/61019031169804584219734158110736110-1.jpg",975,540,false],"thumbnail":["https:\/\/arantv.az\/wp-content\/uploads\/2026\/04\/61019031169804584219734158110736110-1-500x280.jpg",500,280,true],"medium":["https:\/\/arantv.az\/wp-content\/uploads\/2026\/04\/61019031169804584219734158110736110-1-660x365.jpg",660,365,true],"large":["https:\/\/arantv.az\/wp-content\/uploads\/2026\/04\/61019031169804584219734158110736110-1-840x465.jpg",640,354,true],"1536x1536":["https:\/\/arantv.az\/wp-content\/uploads\/2026\/04\/61019031169804584219734158110736110-1.jpg",975,540,false],"2048x2048":["https:\/\/arantv.az\/wp-content\/uploads\/2026\/04\/61019031169804584219734158110736110-1.jpg",975,540,false],"post-thumbnail":["https:\/\/arantv.az\/wp-content\/uploads\/2026\/04\/61019031169804584219734158110736110-1-240x172.jpg",240,172,true],"advps-thumb-one":["https:\/\/arantv.az\/wp-content\/uploads\/2026\/04\/61019031169804584219734158110736110-1.jpg",975,540,false]},"rttpg_author":{"display_name":"V\u00fcsal Rafiqo\u011flu","author_link":"https:\/\/arantv.az\/?author=2"},"rttpg_comment":0,"rttpg_category":"<a href=\"https:\/\/arantv.az\/?cat=4\" rel=\"category\">Siyas\u0259t<\/a>","rttpg_excerpt":"Az\u0259rbaycan Xarici \u0130\u015fl\u0259r Nazirliyi (X\u0130N) Erm\u0259nistanda T\u00fcrkiy\u0259 bayra\u011f\u0131n\u0131n yand\u0131r\u0131lmas\u0131n\u0131 pisl\u0259yib. \u201c\u0130ki sahil\u201d x\u0259b\u0259r verir ki,\u00a0bu bar\u0259d\u0259 X\u0130N b\u0259yanat yay\u0131b. B\u0259yanatda qeyd olunub ki, Erm\u0259nistan\u0131n paytaxt\u0131 \u0130r\u0259van \u015f\u0259h\u0259rind\u0259 &#8220;m\u0259\u015f\u0259l y\u00fcr\u00fc\u015f\u00fc&#8221; zaman\u0131 T\u00fcrkiy\u0259 bayra\u011f\u0131n\u0131n yand\u0131r\u0131lmas\u0131 Az\u0259rbaycan X\u0130N t\u0259r\u0259find\u0259n q\u0259tiyy\u0259tl\u0259 pisl\u0259nilir. &#8220;Erm\u0259nistan h\u00f6kum\u0259ti etnik z\u0259mind\u0259 k\u00f6k salm\u0131\u015f nifr\u0259tin t\u0259c\u0259ss\u00fcm\u00fc olan bu kimi kampaniyan\u0131n qar\u015f\u0131s\u0131n\u0131 vaxt\u0131nda almal\u0131 v\u0259 m\u00fcvafiq&hellip;","_links":{"self":[{"href":"https:\/\/arantv.az\/index.php?rest_route=\/wp\/v2\/posts\/849460"}],"collection":[{"href":"https:\/\/arantv.az\/index.php?rest_route=\/wp\/v2\/posts"}],"about":[{"href":"https:\/\/arantv.az\/index.php?rest_route=\/wp\/v2\/types\/post"}],"author":[{"embeddable":true,"href":"https:\/\/arantv.az\/index.php?rest_route=\/wp\/v2\/users\/2"}],"replies":[{"embeddable":true,"href":"https:\/\/arantv.az\/index.php?rest_route=%2Fwp%2Fv2%2Fcomments&post=849460"}],"version-history":[{"count":1,"href":"https:\/\/arantv.az\/index.php?rest_route=\/wp\/v2\/posts\/849460\/revisions"}],"predecessor-version":[{"id":849462,"href":"https:\/\/arantv.az\/index.php?rest_route=\/wp\/v2\/posts\/849460\/revisions\/849462"}],"wp:featuredmedia":[{"embeddable":true,"href":"https:\/\/arantv.az\/index.php?rest_route=\/wp\/v2\/media\/849461"}],"wp:attachment":[{"href":"https:\/\/arantv.az\/index.php?rest_route=%2Fwp%2Fv2%2Fmedia&parent=849460"}],"wp:term":[{"taxonomy":"category","embeddable":true,"href":"https:\/\/arantv.az\/index.php?rest_route=%2Fwp%2Fv2%2Fcategories&post=849460"},{"taxonomy":"post_tag","embeddable":true,"href":"https:\/\/arantv.az\/index.php?rest_route=%2Fwp%2Fv2%2Ftags&post=849460"}],"curies":[{"name":"wp","href":"https:\/\/api.w.org\/{rel}","templated":true}]}}