{"id":849683,"date":"2026-04-26T11:36:22","date_gmt":"2026-04-26T07:36:22","guid":{"rendered":"https:\/\/arantv.az\/?p=849683"},"modified":"2026-04-26T11:36:22","modified_gmt":"2026-04-26T07:36:22","slug":"prezident-ilham-%c9%99liyev-vasinqtondaki-bu-cur-zorakiliq-h%c9%99r%c9%99k%c9%99tl%c9%99ri-q%c9%99buledilm%c9%99zdir-v%c9%99-q%c9%99ti-s%c9%99kild%c9%99-pisl%c9%99nm%c9%99lidir","status":"publish","type":"post","link":"https:\/\/arantv.az\/?p=849683","title":{"rendered":"Prezident \u0130lham \u018fliyev: Va\u015finqtondak\u0131 bu c\u00fcr zorak\u0131l\u0131q h\u0259r\u0259k\u0259tl\u0259ri q\u0259buledilm\u0259zdir v\u0259 q\u0259ti \u015f\u0259kild\u0259 pisl\u0259nm\u0259lidir"},"content":{"rendered":"<p><strong>Va\u015finqtonda ke\u00e7iril\u0259n A\u011f Ev M\u00fcxbirl\u0259ri Assosiasiyas\u0131n\u0131n \u015fam yem\u0259yind\u0259 ba\u015f ver\u0259n at\u0131\u015fma m\u0259ni d\u0259rind\u0259n sars\u0131td\u0131.<\/strong><\/p>\n<p><strong>Musavat.com<\/strong>\u00a0x\u0259b\u0259r verir ki, bu bar\u0259d\u0259 Prezident \u0130lham \u018fliyev X-da payla\u015f\u0131m\u0131nda bildirib.<\/p>\n<p>\u201cBel\u0259 zorak\u0131l\u0131q hallar\u0131 q\u0259buledilm\u0259zdir v\u0259 q\u0259ti \u015f\u0259kild\u0259 pisl\u0259nm\u0259lidir. Prezident Tramp\u0131n, Birinci xan\u0131m\u0131n v\u0259 b\u00fct\u00fcn i\u015ftirak\u00e7\u0131lar\u0131n t\u0259hl\u00fck\u0259siz olmas\u0131 sevindiricidir. Onlara davaml\u0131 t\u0259hl\u00fck\u0259sizlik v\u0259 rifah arzulay\u0131ram\u201d, &#8211; dey\u0259 d\u00f6vl\u0259t ba\u015f\u00e7\u0131s\u0131 vur\u011fulay\u0131b.<\/p>\n","protected":false},"excerpt":{"rendered":"<p>Va\u015finqtonda ke\u00e7iril\u0259n A\u011f Ev M\u00fcxbirl\u0259ri Assosiasiyas\u0131n\u0131n \u015fam yem\u0259yind\u0259 ba\u015f ver\u0259n at\u0131\u015fma m\u0259ni d\u0259rind\u0259n sars\u0131td\u0131. Musavat.com\u00a0x\u0259b\u0259r verir ki, bu bar\u0259d\u0259 Prezident \u0130lham \u018fliyev X-da payla\u015f\u0131m\u0131nda bildirib. \u201cBel\u0259 zorak\u0131l\u0131q hallar\u0131 q\u0259buledilm\u0259zdir v\u0259 q\u0259ti \u015f\u0259kild\u0259 pisl\u0259nm\u0259lidir. Prezident Tramp\u0131n, Birinci xan\u0131m\u0131n v\u0259 b\u00fct\u00fcn i\u015ftirak\u00e7\u0131lar\u0131n t\u0259hl\u00fck\u0259siz olmas\u0131 sevindiricidir. Onlara davaml\u0131 t\u0259hl\u00fck\u0259sizlik v\u0259 rifah arzulay\u0131ram\u201d, &#8211; dey\u0259 d\u00f6vl\u0259t ba\u015f\u00e7\u0131s\u0131 vur\u011fulay\u0131b.<\/p>\n","protected":false},"author":2,"featured_media":849684,"comment_status":"closed","ping_status":"closed","sticky":false,"template":"","format":"standard","meta":{"om_disable_all_campaigns":false,"_monsterinsights_skip_tracking":false,"_monsterinsights_sitenote_active":false,"_monsterinsights_sitenote_note":"","_monsterinsights_sitenote_category":0},"categories":[4],"tags":[],"aioseo_notices":[],"gutentor_comment":0,"rttpg_featured_image_url":{"full":["https:\/\/arantv.az\/wp-content\/uploads\/2026\/04\/9783c723aa4c7fa58120225f282e564e.jpg",870,500,false],"landscape":["https:\/\/arantv.az\/wp-content\/uploads\/2026\/04\/9783c723aa4c7fa58120225f282e564e.jpg",870,500,false],"portraits":["https:\/\/arantv.az\/wp-content\/uploads\/2026\/04\/9783c723aa4c7fa58120225f282e564e.jpg",870,500,false],"thumbnail":["https:\/\/arantv.az\/wp-content\/uploads\/2026\/04\/9783c723aa4c7fa58120225f282e564e-500x280.jpg",500,280,true],"medium":["https:\/\/arantv.az\/wp-content\/uploads\/2026\/04\/9783c723aa4c7fa58120225f282e564e-635x365.jpg",635,365,true],"large":["https:\/\/arantv.az\/wp-content\/uploads\/2026\/04\/9783c723aa4c7fa58120225f282e564e-840x483.jpg",640,368,true],"1536x1536":["https:\/\/arantv.az\/wp-content\/uploads\/2026\/04\/9783c723aa4c7fa58120225f282e564e.jpg",870,500,false],"2048x2048":["https:\/\/arantv.az\/wp-content\/uploads\/2026\/04\/9783c723aa4c7fa58120225f282e564e.jpg",870,500,false],"post-thumbnail":["https:\/\/arantv.az\/wp-content\/uploads\/2026\/04\/9783c723aa4c7fa58120225f282e564e-240x172.jpg",240,172,true],"advps-thumb-one":["https:\/\/arantv.az\/wp-content\/uploads\/2026\/04\/9783c723aa4c7fa58120225f282e564e.jpg",870,500,false]},"rttpg_author":{"display_name":"V\u00fcsal Rafiqo\u011flu","author_link":"https:\/\/arantv.az\/?author=2"},"rttpg_comment":0,"rttpg_category":"<a href=\"https:\/\/arantv.az\/?cat=4\" rel=\"category\">Siyas\u0259t<\/a>","rttpg_excerpt":"Va\u015finqtonda ke\u00e7iril\u0259n A\u011f Ev M\u00fcxbirl\u0259ri Assosiasiyas\u0131n\u0131n \u015fam yem\u0259yind\u0259 ba\u015f ver\u0259n at\u0131\u015fma m\u0259ni d\u0259rind\u0259n sars\u0131td\u0131. Musavat.com\u00a0x\u0259b\u0259r verir ki, bu bar\u0259d\u0259 Prezident \u0130lham \u018fliyev X-da payla\u015f\u0131m\u0131nda bildirib. \u201cBel\u0259 zorak\u0131l\u0131q hallar\u0131 q\u0259buledilm\u0259zdir v\u0259 q\u0259ti \u015f\u0259kild\u0259 pisl\u0259nm\u0259lidir. Prezident Tramp\u0131n, Birinci xan\u0131m\u0131n v\u0259 b\u00fct\u00fcn i\u015ftirak\u00e7\u0131lar\u0131n t\u0259hl\u00fck\u0259siz olmas\u0131 sevindiricidir. Onlara davaml\u0131 t\u0259hl\u00fck\u0259sizlik v\u0259 rifah arzulay\u0131ram\u201d, &#8211; dey\u0259 d\u00f6vl\u0259t ba\u015f\u00e7\u0131s\u0131 vur\u011fulay\u0131b.","_links":{"self":[{"href":"https:\/\/arantv.az\/index.php?rest_route=\/wp\/v2\/posts\/849683"}],"collection":[{"href":"https:\/\/arantv.az\/index.php?rest_route=\/wp\/v2\/posts"}],"about":[{"href":"https:\/\/arantv.az\/index.php?rest_route=\/wp\/v2\/types\/post"}],"author":[{"embeddable":true,"href":"https:\/\/arantv.az\/index.php?rest_route=\/wp\/v2\/users\/2"}],"replies":[{"embeddable":true,"href":"https:\/\/arantv.az\/index.php?rest_route=%2Fwp%2Fv2%2Fcomments&post=849683"}],"version-history":[{"count":1,"href":"https:\/\/arantv.az\/index.php?rest_route=\/wp\/v2\/posts\/849683\/revisions"}],"predecessor-version":[{"id":849685,"href":"https:\/\/arantv.az\/index.php?rest_route=\/wp\/v2\/posts\/849683\/revisions\/849685"}],"wp:featuredmedia":[{"embeddable":true,"href":"https:\/\/arantv.az\/index.php?rest_route=\/wp\/v2\/media\/849684"}],"wp:attachment":[{"href":"https:\/\/arantv.az\/index.php?rest_route=%2Fwp%2Fv2%2Fmedia&parent=849683"}],"wp:term":[{"taxonomy":"category","embeddable":true,"href":"https:\/\/arantv.az\/index.php?rest_route=%2Fwp%2Fv2%2Fcategories&post=849683"},{"taxonomy":"post_tag","embeddable":true,"href":"https:\/\/arantv.az\/index.php?rest_route=%2Fwp%2Fv2%2Ftags&post=849683"}],"curies":[{"name":"wp","href":"https:\/\/api.w.org\/{rel}","templated":true}]}}