{"id":849686,"date":"2026-04-26T11:37:59","date_gmt":"2026-04-26T07:37:59","guid":{"rendered":"https:\/\/arantv.az\/?p=849686"},"modified":"2026-04-26T11:37:59","modified_gmt":"2026-04-26T07:37:59","slug":"zelenskinin-baki-s%c9%99f%c9%99ri-strateji-t%c9%99r%c9%99fdasliq-humanitar-missiya-v%c9%99-balans-siyas%c9%99ti","status":"publish","type":"post","link":"https:\/\/arantv.az\/?p=849686","title":{"rendered":"Zelenskinin Bak\u0131 s\u0259f\u0259ri: strateji t\u0259r\u0259fda\u015fl\u0131q, humanitar missiya v\u0259 balans siyas\u0259ti"},"content":{"rendered":"<p><strong>Ukrayna Prezidenti Volodimir Zelenskinin Az\u0259rbaycana s\u0259f\u0259ri Bak\u0131\u2013Kiyev m\u00fcnasib\u0259tl\u0259rinin \u00e7ox\u015fax\u0259li v\u0259 d\u0259rin mahiyy\u0259tini bir daha n\u00fcmayi\u015f etdirdi.<\/strong><\/p>\n<p><strong>Musavat.com<\/strong>\u00a0x\u0259b\u0259r verir ki, bu s\u0259f\u0259r t\u0259kc\u0259 diplomatik protokol \u00e7\u0259r\u00e7iv\u0259sind\u0259 ba\u015f tutan g\u00f6r\u00fc\u015fl\u0259rl\u0259 m\u0259hdudla\u015fm\u0131r, h\u0259m d\u0259 iki \u00f6lk\u0259 aras\u0131nda uzun ill\u0259r\u0259 s\u00f6yk\u0259n\u0259n strateji t\u0259r\u0259fda\u015fl\u0131\u011f\u0131n yeni m\u0259rh\u0259l\u0259sini formala\u015fd\u0131ran m\u00fch\u00fcm siyasi hadis\u0259 kimi qiym\u0259tl\u0259ndirilir. M\u00f6vcud reall\u0131qlar fonunda bu s\u0259f\u0259r h\u0259m regional, h\u0259m d\u0259 beyn\u0259lxalq kontekstd\u0259 diqq\u0259tl\u0259 t\u0259hlil olunur v\u0259 onun n\u0259tic\u0259l\u0259ri yaln\u0131z bug\u00fcnk\u00fc deyil, g\u0259l\u0259c\u0259k \u0259m\u0259kda\u015fl\u0131q perspektivl\u0259rini d\u0259 m\u00fc\u0259yy\u0259nl\u0259\u015fdirir.<br \/>\n<img src=\"https:\/\/jam-news.net\/app\/uploads\/2026\/04\/website-format-2026-04-25T232804.556-1024x576.png\" alt=\"Zelenski Az\u0259rbaycan s\u0259f\u0259ri - JAMnews\" \/><\/p>\n<p>Az\u0259rbaycan il\u0259 Ukrayna aras\u0131nda m\u00fcnasib\u0259tl\u0259r t\u0259sad\u00fcfi xarakter da\u015f\u0131m\u0131r v\u0259 bu \u0259laq\u0259l\u0259r konkret h\u00fcquqi-siyasi baza \u00fcz\u0259rind\u0259 qurulub. H\u0259l\u0259 2008-ci ild\u0259 d\u00f6vl\u0259t ba\u015f\u00e7\u0131lar\u0131 s\u0259viyy\u0259sind\u0259 imzalanm\u0131\u015f strateji t\u0259r\u0259fda\u015fl\u0131q haqq\u0131nda birg\u0259 b\u0259yannam\u0259 iki \u00f6lk\u0259 aras\u0131nda m\u00fcnasib\u0259tl\u0259rin istiqam\u0259tini m\u00fc\u0259yy\u0259n ed\u0259n \u0259sas s\u0259n\u0259d kimi \u00e7\u0131x\u0131\u015f edir. Prezident \u0130lham \u018fliyevin h\u0259yata ke\u00e7irdiyi ard\u0131c\u0131l xarici siyas\u0259t kursu n\u0259tic\u0259sind\u0259 bu m\u00fcnasib\u0259tl\u0259r ill\u0259r \u0259rzind\u0259 inki\u015faf ed\u0259r\u0259k daha da m\u00f6hk\u0259ml\u0259nib. Zelenskinin s\u0259f\u0259ri d\u0259 m\u0259hz bu davaml\u0131 x\u0259ttin n\u00f6vb\u0259ti m\u0259rh\u0259l\u0259si kimi \u00e7\u0131x\u0131\u015f edir v\u0259 g\u00f6st\u0259rir ki, Bak\u0131 il\u0259 Kiyev aras\u0131nda \u0259m\u0259kda\u015fl\u0131q q\u0131sam\u00fcdd\u0259tli siyasi prosesl\u0259rd\u0259n as\u0131l\u0131 deyil, uzunm\u00fcdd\u0259tli strateji maraqlara \u0259saslan\u0131r.<\/p>\n<p>Bu m\u00fcnasib\u0259tl\u0259rin \u0259n diqq\u0259t\u00e7\u0259k\u0259n x\u00fcsusiyy\u0259tl\u0259rind\u0259n biri onlar\u0131n yaln\u0131z siyasi v\u0259 iqtisadi sah\u0259l\u0259rl\u0259 m\u0259hdudla\u015fmamas\u0131, eyni zamanda humanitar m\u00fcst\u0259vini d\u0259 \u0259hat\u0259 etm\u0259sidir. Az\u0259rbaycan d\u00f6vl\u0259ti m\u00fcnaqi\u015f\u0259l\u0259rd\u0259n \u0259ziyy\u0259t \u00e7\u0259k\u0259n xalqlara d\u0259st\u0259k g\u00f6st\u0259rm\u0259yi \u00f6z xarici siyas\u0259tinin m\u00fch\u00fcm istiqam\u0259tl\u0259rind\u0259n biri kimi m\u00fc\u0259yy\u0259n edib v\u0259 bu yana\u015fma Ukrayna il\u0259 m\u00fcnasib\u0259tl\u0259rd\u0259 d\u0259 a\u00e7\u0131q \u015f\u0259kild\u0259 hiss olunur. Az\u0259rbaycan\u0131n uzun ill\u0259r \u0259razi b\u00fct\u00f6vl\u00fcy\u00fcn\u00fcn pozulmas\u0131 il\u0259 \u00fczl\u0259\u015fmi\u015f \u00f6lk\u0259 kimi m\u00fcharib\u0259nin humanitar f\u0259sadlar\u0131n\u0131 d\u0259rind\u0259n d\u0259rk etm\u0259si bu siyas\u0259tin \u0259sas\u0131n\u0131 t\u0259\u015fkil edir. M\u0259hz buna g\u00f6r\u0259 d\u0259 Bak\u0131 Ukrayna il\u0259 \u0259laq\u0259l\u0259rd\u0259 h\u0259rbi ritorikadan daha \u00e7ox humanitar t\u0259\u015f\u0259bb\u00fcsl\u0259ri \u00f6n plana \u00e7\u0259kir.<\/p>\n<p>Bu yana\u015fma konkret add\u0131mlarla m\u00fc\u015fayi\u0259t olunur. Ukraynadan olan u\u015faqlar\u0131n Az\u0259rbaycanda reabilitasiya proqramlar\u0131na c\u0259lb olunmas\u0131 bu siyas\u0259tin \u0259n bariz n\u00fcmun\u0259l\u0259rind\u0259n biridir. M\u00fcharib\u0259l\u0259rin \u0259n a\u011f\u0131r psixoloji y\u00fck\u00fcn\u00fc u\u015faqlar\u0131n da\u015f\u0131d\u0131\u011f\u0131 n\u0259z\u0259r\u0259 al\u0131naraq onlar\u0131n sosial v\u0259 psixoloji reabilitasiyas\u0131na x\u00fcsusi diqq\u0259t yetirilir. Bu t\u0259\u015f\u0259bb\u00fcsl\u0259r davaml\u0131 xarakter da\u015f\u0131y\u0131r v\u0259 yax\u0131n perspektivd\u0259 ukraynal\u0131 t\u0259l\u0259b\u0259l\u0259r \u00fc\u00e7\u00fcn d\u0259 ox\u015far proqramlar\u0131n h\u0259yata ke\u00e7irilm\u0259si planla\u015fd\u0131r\u0131l\u0131r. Bununla yana\u015f\u0131, Ukraynada enerji infrastrukturunun z\u0259d\u0259l\u0259nm\u0259si n\u0259tic\u0259sind\u0259 yaranm\u0131\u015f \u00e7\u0259tinlikl\u0259r fonunda Az\u0259rbaycan\u0131n g\u00f6nd\u0259rdiyi elektrik generatorlar\u0131 m\u00fclki \u0259hali \u00fc\u00e7\u00fcn m\u00fch\u00fcm d\u0259st\u0259k rolunu oynay\u0131r. X\u0259st\u0259xanalar v\u0259 sosial obyektl\u0259rin f\u0259aliyy\u0259tinin t\u0259min olunmas\u0131na y\u00f6n\u0259l\u0259n bu add\u0131mlar Az\u0259rbaycan\u0131n humanitar siyas\u0259tinin praktik t\u0259zah\u00fcr\u00fcd\u00fcr.<\/p>\n<p><img src=\"https:\/\/cdn.globalinfo.az\/2026\/04\/zelenski-genis.jpg\" alt=\"Q\u0259b\u0259l\u0259d\u0259 Az\u0259rbaycan v\u0259 Ukrayna prezidentl\u0259ri g\u00f6r\u00fc\u015fd\u00fc - V\u0130DEO - Globalinfo.az\" \/><\/p>\n<p>\u0130kit\u0259r\u0259fli m\u00fcnasib\u0259tl\u0259rin inki\u015faf\u0131nda insanlararas\u0131 \u0259laq\u0259l\u0259r d\u0259 x\u00fcsusi yer tutur. Ukraynada f\u0259aliyy\u0259t g\u00f6st\u0259r\u0259n Az\u0259rbaycan diasporu iki xalq aras\u0131nda sosial v\u0259 m\u0259d\u0259ni k\u00f6rp\u00fc rolunu oynay\u0131r v\u0259 bu, \u0259laq\u0259l\u0259rin daha da d\u0259rinl\u0259\u015fm\u0259sin\u0259 xidm\u0259t edir. Bu amil h\u0259m d\u0259 iqtisadi v\u0259 ictimai sah\u0259l\u0259rd\u0259 \u0259m\u0259kda\u015fl\u0131\u011f\u0131n geni\u015fl\u0259nm\u0259si \u00fc\u00e7\u00fcn \u0259lveri\u015fli z\u0259min yarad\u0131r.<\/p>\n<p><strong>S\u0259f\u0259r \u00e7\u0259r\u00e7iv\u0259sind\u0259 m\u00fczakir\u0259 olunan m\u0259s\u0259l\u0259l\u0259r aras\u0131nda h\u0259rbi-texniki \u0259m\u0259kda\u015fl\u0131q da yer alsa da, bu m\u00f6vzunun mahiyy\u0259tini d\u00fczg\u00fcn qiym\u0259tl\u0259ndirm\u0259k vacibdir. Bu \u0259m\u0259kda\u015fl\u0131q Az\u0259rbaycanda t\u0259\u015fkil olunur v\u0259 \u0259sas\u0259n m\u00fcdafi\u0259 xarakteri da\u015f\u0131y\u0131r. X\u00fcsusil\u0259 m\u00fcasir m\u00fcharib\u0259l\u0259rin \u0259sas elementl\u0259rind\u0259n birin\u0259 \u00e7evrilmi\u015f pilotsuz u\u00e7u\u015f aparatlar\u0131na qar\u015f\u0131 texnologiyalar\u0131n inki\u015faf\u0131 diqq\u0259t m\u0259rk\u0259zind\u0259dir. Rusiya-Ukrayna m\u00fcharib\u0259si \u015f\u0259raitind\u0259 Ukraynan\u0131n qazand\u0131\u011f\u0131 t\u0259cr\u00fcb\u0259 bu sah\u0259d\u0259 praktik \u0259h\u0259miyy\u0259t k\u0259sb edir. Lakin b\u00fct\u00fcn bunlara baxmayaraq, Az\u0259rbaycan prinsipial olaraq m\u00fcharib\u0259nin h\u0259rbi komponentind\u0259 i\u015ftirak etmir v\u0259 bu m\u00f6vqeyini d\u0259yi\u015fmir.<br \/>\n<img src=\"https:\/\/az.trend.az\/media\/2024\/09\/12\/trend_mina_120924_4.jpg\" alt=\"Mina terroru: Erm\u0259nistan\u0131n Az\u0259rbaycana y\u00f6n\u0259ltdiyi t\u0259hl\u00fck\u0259 - \u015e\u018fRH\" \/><br \/>\n<\/strong><\/p>\n<p>Az\u0259rbaycan\u0131n \u0259ld\u0259 etdiyi dig\u0259r m\u00fch\u00fcm t\u0259cr\u00fcb\u0259 mina t\u0259mizl\u0259m\u0259 v\u0259 post-m\u00fcnaqi\u015f\u0259 b\u0259rpas\u0131 sah\u0259sind\u0259dir. \u0130\u015f\u011faldan azad edilmi\u015f \u0259razil\u0259rd\u0259 h\u0259yata ke\u00e7iril\u0259n geni\u015fmiqyasl\u0131 i\u015fl\u0259r \u00f6lk\u0259y\u0259 bu istiqam\u0259td\u0259 unikal bilik v\u0259 bacar\u0131qlar qazand\u0131r\u0131b. Bu t\u0259cr\u00fcb\u0259 g\u0259l\u0259c\u0259kd\u0259 Ukrayna \u00fc\u00e7\u00fcn d\u0259 faydal\u0131 ola bil\u0259r. Az\u0259rbaycan mina t\u0259mizl\u0259m\u0259 avadanl\u0131qlar\u0131 v\u0259 texniki bilikl\u0259rl\u0259 d\u0259st\u0259k ver\u0259, eyni zamanda b\u0259rpa v\u0259 quruculuq layih\u0259l\u0259rinin h\u0259yata ke\u00e7irilm\u0259sind\u0259 \u00f6z modelini b\u00f6l\u00fc\u015f\u0259 bil\u0259r. Bu is\u0259 art\u0131q \u0259m\u0259kda\u015fl\u0131\u011f\u0131n yeni, post-m\u00fcnaqi\u015f\u0259 m\u0259rh\u0259l\u0259sin\u0259 y\u00f6n\u0259lik perspektivl\u0259rini ortaya qoyur.<\/p>\n<div id=\"jwplayer_video_1\" class=\"jwplayer jw-reset jw-state-idle jw-skin-seven jw-stretch-uniform jw-breakpoint-4 jw-flag-user-inactive\" tabindex=\"0\">\n<div class=\"jw-media jw-reset\"><\/div>\n<div class=\"jw-preview jw-reset\"><\/div>\n<div class=\"jw-overlays jw-reset\">\n<div id=\"jwplayer_video_1_jwpsrv\" class=\"jw-plugin jw-reset\"><\/div>\n<div id=\"jwplayer_video_1_related\" class=\"jw-plugin jw-reset jw-plugin-related\"><\/div>\n<\/div>\n<div class=\"jw-controls jw-reset\">\n<div class=\"jw-display-icon-container jw-background-color jw-reset\">\n<div class=\"jw-icon jw-icon-display jw-button-color jw-reset\" tabindex=\"0\" role=\"button\" aria-label=\"Start playback\"><\/div>\n<\/div>\n<div class=\"jw-controls-right jw-reset\">\n<div class=\"jw-dock jw-reset\"><\/div>\n<\/div>\n<div class=\"jw-nextup-container jw-reset\">\n<div class=\"jw-nextup jw-reset\">\n<div class=\"jw-nextup-tooltip jw-reset\">\n<div class=\"jw-nextup-header jw-reset\"><\/div>\n<div class=\"jw-nextup-body jw-background-color jw-reset\">\n<div class=\"jw-nextup-title jw-reset\"><\/div>\n<\/div>\n<\/div>\n<p><button class=\"jw-nextup-close\" aria-label=\"Next Up Close\"><\/button><\/div>\n<\/div>\n<\/div>\n<div class=\"afs_ads\"><\/div>\n<\/div>\n<p>Az\u0259rbaycan\u0131n Ukrayna il\u0259 m\u00fcnasib\u0259tl\u0259rind\u0259 \u0259n vacib m\u0259qamlardan biri onun siyasi m\u00f6vqeyidir. Bak\u0131 m\u00fcst\u0259qil xarici siyas\u0259t y\u00fcr\u00fcd\u00fcr v\u0259 b\u00fct\u00fcn d\u00f6vl\u0259tl\u0259rin \u0259razi b\u00fct\u00f6vl\u00fcy\u00fc v\u0259 suverenliyini d\u0259st\u0259kl\u0259yir. Bu prinsip beyn\u0259lxalq h\u00fcququn \u0259sas\u0131n\u0131 t\u0259\u015fkil edir v\u0259 Az\u0259rbaycan bu yana\u015fmaya sadiq qal\u0131r. Eyni zamanda \u00f6lk\u0259 Rusiya il\u0259 Ukrayna aras\u0131nda davam ed\u0259n m\u00fcnaqi\u015f\u0259d\u0259 t\u0259r\u0259f tutmur, h\u0259rbi i\u015ftirakdan tamamil\u0259 uzaqd\u0131r v\u0259 problemin dialoq yolu il\u0259 h\u0259llinin t\u0259r\u0259fdar\u0131 kimi \u00e7\u0131x\u0131\u015f edir. Az\u0259rbaycan\u0131n diplomatik imkanlar\u0131 n\u0259z\u0259r\u0259 al\u0131nd\u0131qda, g\u0259l\u0259c\u0259kd\u0259 bel\u0259 m\u00fcnaqi\u015f\u0259l\u0259rin h\u0259llind\u0259 platforma rolunu oynamaq potensial\u0131 da real g\u00f6r\u00fcn\u00fcr.<\/p>\n<p>Az\u0259rbaycan Rusiya il\u0259 d\u0259 \u00f6z \u0259laq\u0259l\u0259rini inki\u015faf etdirir. Bir m\u00fcdd\u0259t \u0259vv\u0259l iki \u00f6lk\u0259 aras\u0131nda ya\u015fanan g\u0259rginlik d\u0259 art\u0131q aradan qald\u0131r\u0131l\u0131b. \u0130ki \u00f6lk\u0259 aras\u0131nda strateji m\u00fctt\u0259fiqlik m\u00fcnasib\u0259tl\u0259ri onlar\u0131n maraqlar\u0131na xidm\u0259t edir.<br \/>\n<img src=\"https:\/\/static.president.az\/upload\/2360x1196\/2024\/04\/22\/6aea66e36cfd4f15b4a0c6ac4184316e_9101694.jpg\" alt=\"\u0130lham \u018fliyevin Prezident Vladimir Putinl\u0259 t\u0259kb\u0259t\u0259k g\u00f6r\u00fc\u015f\u00fc olub \u00bb Az\u0259rbaycan  Prezidentinin R\u0259smi internet s\u0259hif\u0259si\" \/><\/p>\n<p><strong>Az\u0259rbaycan h\u0259mi\u015f\u0259 dost hesab etdiyi \u00f6lk\u0259l\u0259r aras\u0131nda dostluq m\u00fcnasib\u0259tl\u0259rinin inki\u015faf\u0131n\u0131 t\u0259\u015fviq edir, buna d\u0259st\u0259k g\u00f6st\u0259rir. Bu da Az\u0259rbaycanln xarici siyas\u0259tinin t\u0259m\u0259l prinsipl\u0259rind\u0259n biridir.<\/strong><\/p>\n<p>Bu balansl\u0131 siyas\u0259t Az\u0259rbaycan\u0131n xarici siyas\u0259t kursunun \u0259sas\u0131n\u0131 t\u0259\u015fkil edir v\u0259 art\u0131q \u00f6z effektivliyini s\u00fcbut edib. Bak\u0131 m\u00fcxt\u0259lif t\u0259r\u0259fl\u0259rl\u0259 eyni zamanda m\u00fcnasib\u0259tl\u0259ri inki\u015faf etdirm\u0259yi bacar\u0131r v\u0259 bu, regionda sabitlik bax\u0131m\u0131ndan m\u00fch\u00fcm \u0259h\u0259miyy\u0259t da\u015f\u0131y\u0131r. Az\u0259rbaycan h\u0259m Ukrayna il\u0259 strateji t\u0259r\u0259fda\u015fl\u0131\u011f\u0131n\u0131 g\u00fccl\u0259ndirir, h\u0259m d\u0259 dig\u0259r t\u0259r\u0259fl\u0259rl\u0259 m\u00fcnasib\u0259tl\u0259rini qoruyaraq \u00e7oxt\u0259r\u0259fli \u0259m\u0259kda\u015fl\u0131q modelini davam etdirir.<\/p>\n<p>\u0130qtisadi sah\u0259d\u0259 d\u0259 \u0259m\u0259kda\u015fl\u0131q \u00fc\u00e7\u00fcn geni\u015f imkanlar m\u00f6vcuddur. X\u00fcsusil\u0259 enerji sektoru bu bax\u0131mdan \u00f6n plana \u00e7\u0131x\u0131r. SOCAR-\u0131n Ukraynada f\u0259aliyy\u0259ti iki \u00f6lk\u0259 aras\u0131nda iqtisadi \u0259laq\u0259l\u0259rin real g\u00f6st\u0259ricisidir v\u0259 bu sah\u0259d\u0259 \u0259m\u0259kda\u015fl\u0131\u011f\u0131n daha da geni\u015fl\u0259nm\u0259si \u00fc\u00e7\u00fcn potensial m\u00f6vcuddur. Enerji t\u0259hl\u00fck\u0259sizliyi, n\u0259qliyyat v\u0259 logistika kimi istiqam\u0259tl\u0259r g\u0259l\u0259c\u0259k \u0259m\u0259kda\u015fl\u0131\u011f\u0131n \u0259sas s\u00fctunlar\u0131 kimi \u00e7\u0131x\u0131\u015f ed\u0259 bil\u0259r.<br \/>\n<img src=\"https:\/\/media.sherg.az\/posts\/April2026\/urkF3ujUjmaC.webp\" alt=\"Zelenskinin Bak\u0131 s\u0259f\u0259ri regionda yeni diplomatik m\u0259rh\u0259l\u0259nin ba\u015flan\u011f\u0131c\u0131d\u0131r -  \u015e\u018fRH\" \/><\/p>\n<p>B\u00fct\u00fcn bu amill\u0259r g\u00f6st\u0259rir ki, Zelenskinin Az\u0259rbaycana s\u0259f\u0259ri yaln\u0131z cari siyasi hadis\u0259 deyil, daha geni\u015f strateji v\u0259 humanitar m\u0259zmun da\u015f\u0131yan bir prosesin t\u0259rkib hiss\u0259sidir. Az\u0259rbaycan bu m\u00fcnasib\u0259tl\u0259rd\u0259 h\u0259m \u00f6z milli maraqlar\u0131n\u0131 qoruyur, h\u0259m d\u0259 beyn\u0259lxalq \u0259m\u0259kda\u015fl\u0131\u011fa v\u0259 humanitar d\u0259y\u0259rl\u0259r\u0259 \u0259saslanan siyas\u0259tini davam etdirir. Bu is\u0259 \u00f6lk\u0259nin regionda v\u0259 daha geni\u015f co\u011frafiyada etibarl\u0131, balansl\u0131 v\u0259 proqnozla\u015fd\u0131r\u0131la bil\u0259n t\u0259r\u0259fda\u015f kimi m\u00f6vqeyini daha da m\u00f6hk\u0259ml\u0259ndirir.<\/p>\n","protected":false},"excerpt":{"rendered":"<p>Ukrayna Prezidenti Volodimir Zelenskinin Az\u0259rbaycana s\u0259f\u0259ri Bak\u0131\u2013Kiyev m\u00fcnasib\u0259tl\u0259rinin \u00e7ox\u015fax\u0259li v\u0259 d\u0259rin mahiyy\u0259tini bir daha n\u00fcmayi\u015f etdirdi. Musavat.com\u00a0x\u0259b\u0259r verir ki, bu s\u0259f\u0259r t\u0259kc\u0259 diplomatik protokol \u00e7\u0259r\u00e7iv\u0259sind\u0259 ba\u015f tutan g\u00f6r\u00fc\u015fl\u0259rl\u0259 m\u0259hdudla\u015fm\u0131r, h\u0259m d\u0259 iki \u00f6lk\u0259 aras\u0131nda uzun ill\u0259r\u0259 s\u00f6yk\u0259n\u0259n strateji t\u0259r\u0259fda\u015fl\u0131\u011f\u0131n yeni m\u0259rh\u0259l\u0259sini formala\u015fd\u0131ran m\u00fch\u00fcm siyasi hadis\u0259 kimi qiym\u0259tl\u0259ndirilir. M\u00f6vcud reall\u0131qlar fonunda bu s\u0259f\u0259r h\u0259m regional, h\u0259m d\u0259 beyn\u0259lxalq kontekstd\u0259 diqq\u0259tl\u0259 t\u0259hlil olunur v\u0259 onun n\u0259tic\u0259l\u0259ri yaln\u0131z bug\u00fcnk\u00fc deyil, g\u0259l\u0259c\u0259k \u0259m\u0259kda\u015fl\u0131q perspektivl\u0259rini d\u0259 m\u00fc\u0259yy\u0259nl\u0259\u015fdirir. Az\u0259rbaycan il\u0259 Ukrayna aras\u0131nda m\u00fcnasib\u0259tl\u0259r t\u0259sad\u00fcfi xarakter da\u015f\u0131m\u0131r v\u0259 bu \u0259laq\u0259l\u0259r konkret h\u00fcquqi-siyasi baza \u00fcz\u0259rind\u0259 qurulub. H\u0259l\u0259 2008-ci&hellip;<\/p>\n","protected":false},"author":2,"featured_media":849687,"comment_status":"closed","ping_status":"closed","sticky":false,"template":"","format":"standard","meta":{"om_disable_all_campaigns":false,"_monsterinsights_skip_tracking":false,"_monsterinsights_sitenote_active":false,"_monsterinsights_sitenote_note":"","_monsterinsights_sitenote_category":0},"categories":[4],"tags":[],"aioseo_notices":[],"gutentor_comment":0,"rttpg_featured_image_url":{"full":["https:\/\/arantv.az\/wp-content\/uploads\/2026\/04\/477cce8dd34fd18aa7767d2477089e83.jpg",870,500,false],"landscape":["https:\/\/arantv.az\/wp-content\/uploads\/2026\/04\/477cce8dd34fd18aa7767d2477089e83.jpg",870,500,false],"portraits":["https:\/\/arantv.az\/wp-content\/uploads\/2026\/04\/477cce8dd34fd18aa7767d2477089e83.jpg",870,500,false],"thumbnail":["https:\/\/arantv.az\/wp-content\/uploads\/2026\/04\/477cce8dd34fd18aa7767d2477089e83-500x280.jpg",500,280,true],"medium":["https:\/\/arantv.az\/wp-content\/uploads\/2026\/04\/477cce8dd34fd18aa7767d2477089e83-635x365.jpg",635,365,true],"large":["https:\/\/arantv.az\/wp-content\/uploads\/2026\/04\/477cce8dd34fd18aa7767d2477089e83-840x483.jpg",640,368,true],"1536x1536":["https:\/\/arantv.az\/wp-content\/uploads\/2026\/04\/477cce8dd34fd18aa7767d2477089e83.jpg",870,500,false],"2048x2048":["https:\/\/arantv.az\/wp-content\/uploads\/2026\/04\/477cce8dd34fd18aa7767d2477089e83.jpg",870,500,false],"post-thumbnail":["https:\/\/arantv.az\/wp-content\/uploads\/2026\/04\/477cce8dd34fd18aa7767d2477089e83-240x172.jpg",240,172,true],"advps-thumb-one":["https:\/\/arantv.az\/wp-content\/uploads\/2026\/04\/477cce8dd34fd18aa7767d2477089e83.jpg",870,500,false]},"rttpg_author":{"display_name":"V\u00fcsal Rafiqo\u011flu","author_link":"https:\/\/arantv.az\/?author=2"},"rttpg_comment":0,"rttpg_category":"<a href=\"https:\/\/arantv.az\/?cat=4\" rel=\"category\">Siyas\u0259t<\/a>","rttpg_excerpt":"Ukrayna Prezidenti Volodimir Zelenskinin Az\u0259rbaycana s\u0259f\u0259ri Bak\u0131\u2013Kiyev m\u00fcnasib\u0259tl\u0259rinin \u00e7ox\u015fax\u0259li v\u0259 d\u0259rin mahiyy\u0259tini bir daha n\u00fcmayi\u015f etdirdi. Musavat.com\u00a0x\u0259b\u0259r verir ki, bu s\u0259f\u0259r t\u0259kc\u0259 diplomatik protokol \u00e7\u0259r\u00e7iv\u0259sind\u0259 ba\u015f tutan g\u00f6r\u00fc\u015fl\u0259rl\u0259 m\u0259hdudla\u015fm\u0131r, h\u0259m d\u0259 iki \u00f6lk\u0259 aras\u0131nda uzun ill\u0259r\u0259 s\u00f6yk\u0259n\u0259n strateji t\u0259r\u0259fda\u015fl\u0131\u011f\u0131n yeni m\u0259rh\u0259l\u0259sini formala\u015fd\u0131ran m\u00fch\u00fcm siyasi hadis\u0259 kimi qiym\u0259tl\u0259ndirilir. M\u00f6vcud reall\u0131qlar fonunda bu s\u0259f\u0259r h\u0259m regional, h\u0259m&hellip;","_links":{"self":[{"href":"https:\/\/arantv.az\/index.php?rest_route=\/wp\/v2\/posts\/849686"}],"collection":[{"href":"https:\/\/arantv.az\/index.php?rest_route=\/wp\/v2\/posts"}],"about":[{"href":"https:\/\/arantv.az\/index.php?rest_route=\/wp\/v2\/types\/post"}],"author":[{"embeddable":true,"href":"https:\/\/arantv.az\/index.php?rest_route=\/wp\/v2\/users\/2"}],"replies":[{"embeddable":true,"href":"https:\/\/arantv.az\/index.php?rest_route=%2Fwp%2Fv2%2Fcomments&post=849686"}],"version-history":[{"count":1,"href":"https:\/\/arantv.az\/index.php?rest_route=\/wp\/v2\/posts\/849686\/revisions"}],"predecessor-version":[{"id":849688,"href":"https:\/\/arantv.az\/index.php?rest_route=\/wp\/v2\/posts\/849686\/revisions\/849688"}],"wp:featuredmedia":[{"embeddable":true,"href":"https:\/\/arantv.az\/index.php?rest_route=\/wp\/v2\/media\/849687"}],"wp:attachment":[{"href":"https:\/\/arantv.az\/index.php?rest_route=%2Fwp%2Fv2%2Fmedia&parent=849686"}],"wp:term":[{"taxonomy":"category","embeddable":true,"href":"https:\/\/arantv.az\/index.php?rest_route=%2Fwp%2Fv2%2Fcategories&post=849686"},{"taxonomy":"post_tag","embeddable":true,"href":"https:\/\/arantv.az\/index.php?rest_route=%2Fwp%2Fv2%2Ftags&post=849686"}],"curies":[{"name":"wp","href":"https:\/\/api.w.org\/{rel}","templated":true}]}}