{"id":849713,"date":"2026-04-26T16:22:01","date_gmt":"2026-04-26T12:22:01","guid":{"rendered":"https:\/\/arantv.az\/?p=849713"},"modified":"2026-04-26T16:22:01","modified_gmt":"2026-04-26T12:22:01","slug":"prezident-ilham-%c9%99liyev-bu-mukafata-layiq-gorulm%c9%99k-boyuk-s%c9%99r%c9%99fdir","status":"publish","type":"post","link":"https:\/\/arantv.az\/?p=849713","title":{"rendered":"Prezident \u0130lham \u018fliyev: Bu m\u00fckafata layiq g\u00f6r\u00fclm\u0259k b\u00f6y\u00fck \u015f\u0259r\u0259fdir"},"content":{"rendered":"<p><strong>Az\u0259rbaycan il\u0259 Erm\u0259nistan aras\u0131nda s\u00fclh\u00fcn \u0259ld\u0259 olunmas\u0131 v\u0259 dialoqun t\u0259\u015fviqi istiqam\u0259tind\u0259 g\u00f6st\u0259rdiyim s\u0259yl\u0259r\u0259 g\u00f6r\u0259 &#8220;S\u00fclh v\u0259 Bar\u0131\u015f\u0131q \u00fc\u00e7\u00fcn Gernika m\u00fckafat\u0131&#8221;na layiq g\u00f6r\u00fclm\u0259yim il\u0259 \u0259laq\u0259dar Gernika-Lumo v\u0259 Pforshaym \u015e\u0259h\u0259r \u015furalar\u0131na, Gernika S\u00fclh Muzeyin\u0259, M\u0259d\u0259niyy\u0259t evin\u0259 v\u0259 &#8220;Gernika Qoqoratuz&#8221; S\u00fclh Ara\u015fd\u0131rmalar\u0131 M\u0259rk\u0259zin\u0259 d\u0259rin minn\u0259tdarl\u0131\u011f\u0131m\u0131 ifad\u0259 edir\u0259m.<\/strong><\/p>\n<p><strong>Musavat.com<\/strong>\u00a0x\u0259b\u0259r verir ki, bu bar\u0259d\u0259 Prezident \u0130lham \u018fliyev &#8220;S\u00fclh v\u0259 Bar\u0131\u015f\u0131q \u00fc\u00e7\u00fcn Gernika m\u00fckafat\u0131&#8221;n\u0131n t\u0259qdimolunma m\u0259rasiminin i\u015ftirak\u00e7\u0131lar\u0131na m\u00fcraci\u0259tind\u0259 bildirib.<\/p>\n<p>&#8220;Gernika faci\u0259sinin tarixi yadda\u015f\u0131n\u0131 ya\u015fatmaq, s\u00fclh v\u0259 bar\u0131\u015f\u0131q prosesl\u0259rind\u0259 t\u00f6hf\u0259si olan insanlar\u0131 tan\u0131tmaq m\u0259qs\u0259di da\u015f\u0131yan bu m\u00f6t\u0259b\u0259r m\u00fckafata layiq g\u00f6r\u00fclm\u0259k b\u00f6y\u00fck \u015f\u0259r\u0259fdir. Bu m\u00fckafat\u0131n 26 aprel \u2013 Gernika qurbanlar\u0131n\u0131n an\u0131m g\u00fcn\u00fcnd\u0259 t\u0259qdim olunmas\u0131 x\u00fcsusi r\u0259mzi m\u0259na da\u015f\u0131y\u0131r&#8221;, &#8211; dey\u0259 d\u00f6vl\u0259timizin ba\u015f\u00e7\u0131s\u0131 vur\u011fulay\u0131b.<\/p>\n","protected":false},"excerpt":{"rendered":"<p>Az\u0259rbaycan il\u0259 Erm\u0259nistan aras\u0131nda s\u00fclh\u00fcn \u0259ld\u0259 olunmas\u0131 v\u0259 dialoqun t\u0259\u015fviqi istiqam\u0259tind\u0259 g\u00f6st\u0259rdiyim s\u0259yl\u0259r\u0259 g\u00f6r\u0259 &#8220;S\u00fclh v\u0259 Bar\u0131\u015f\u0131q \u00fc\u00e7\u00fcn Gernika m\u00fckafat\u0131&#8221;na layiq g\u00f6r\u00fclm\u0259yim il\u0259 \u0259laq\u0259dar Gernika-Lumo v\u0259 Pforshaym \u015e\u0259h\u0259r \u015furalar\u0131na, Gernika S\u00fclh Muzeyin\u0259, M\u0259d\u0259niyy\u0259t evin\u0259 v\u0259 &#8220;Gernika Qoqoratuz&#8221; S\u00fclh Ara\u015fd\u0131rmalar\u0131 M\u0259rk\u0259zin\u0259 d\u0259rin minn\u0259tdarl\u0131\u011f\u0131m\u0131 ifad\u0259 edir\u0259m. Musavat.com\u00a0x\u0259b\u0259r verir ki, bu bar\u0259d\u0259 Prezident \u0130lham \u018fliyev &#8220;S\u00fclh v\u0259 Bar\u0131\u015f\u0131q \u00fc\u00e7\u00fcn Gernika m\u00fckafat\u0131&#8221;n\u0131n t\u0259qdimolunma m\u0259rasiminin i\u015ftirak\u00e7\u0131lar\u0131na m\u00fcraci\u0259tind\u0259 bildirib. &#8220;Gernika faci\u0259sinin tarixi yadda\u015f\u0131n\u0131 ya\u015fatmaq, s\u00fclh v\u0259 bar\u0131\u015f\u0131q prosesl\u0259rind\u0259 t\u00f6hf\u0259si olan insanlar\u0131 tan\u0131tmaq m\u0259qs\u0259di da\u015f\u0131yan bu m\u00f6t\u0259b\u0259r m\u00fckafata layiq g\u00f6r\u00fclm\u0259k b\u00f6y\u00fck \u015f\u0259r\u0259fdir. Bu m\u00fckafat\u0131n 26 aprel \u2013&hellip;<\/p>\n","protected":false},"author":2,"featured_media":849714,"comment_status":"closed","ping_status":"closed","sticky":false,"template":"","format":"standard","meta":{"om_disable_all_campaigns":false,"_monsterinsights_skip_tracking":false,"_monsterinsights_sitenote_active":false,"_monsterinsights_sitenote_note":"","_monsterinsights_sitenote_category":0},"categories":[4],"tags":[],"aioseo_notices":[],"gutentor_comment":0,"rttpg_featured_image_url":{"full":["https:\/\/arantv.az\/wp-content\/uploads\/2026\/04\/0f381a2662f2162947ae0890e9f9808d.jpg",870,500,false],"landscape":["https:\/\/arantv.az\/wp-content\/uploads\/2026\/04\/0f381a2662f2162947ae0890e9f9808d.jpg",870,500,false],"portraits":["https:\/\/arantv.az\/wp-content\/uploads\/2026\/04\/0f381a2662f2162947ae0890e9f9808d.jpg",870,500,false],"thumbnail":["https:\/\/arantv.az\/wp-content\/uploads\/2026\/04\/0f381a2662f2162947ae0890e9f9808d-500x280.jpg",500,280,true],"medium":["https:\/\/arantv.az\/wp-content\/uploads\/2026\/04\/0f381a2662f2162947ae0890e9f9808d-635x365.jpg",635,365,true],"large":["https:\/\/arantv.az\/wp-content\/uploads\/2026\/04\/0f381a2662f2162947ae0890e9f9808d-840x483.jpg",640,368,true],"1536x1536":["https:\/\/arantv.az\/wp-content\/uploads\/2026\/04\/0f381a2662f2162947ae0890e9f9808d.jpg",870,500,false],"2048x2048":["https:\/\/arantv.az\/wp-content\/uploads\/2026\/04\/0f381a2662f2162947ae0890e9f9808d.jpg",870,500,false],"post-thumbnail":["https:\/\/arantv.az\/wp-content\/uploads\/2026\/04\/0f381a2662f2162947ae0890e9f9808d-240x172.jpg",240,172,true],"advps-thumb-one":["https:\/\/arantv.az\/wp-content\/uploads\/2026\/04\/0f381a2662f2162947ae0890e9f9808d.jpg",870,500,false]},"rttpg_author":{"display_name":"V\u00fcsal Rafiqo\u011flu","author_link":"https:\/\/arantv.az\/?author=2"},"rttpg_comment":0,"rttpg_category":"<a href=\"https:\/\/arantv.az\/?cat=4\" rel=\"category\">Siyas\u0259t<\/a>","rttpg_excerpt":"Az\u0259rbaycan il\u0259 Erm\u0259nistan aras\u0131nda s\u00fclh\u00fcn \u0259ld\u0259 olunmas\u0131 v\u0259 dialoqun t\u0259\u015fviqi istiqam\u0259tind\u0259 g\u00f6st\u0259rdiyim s\u0259yl\u0259r\u0259 g\u00f6r\u0259 &#8220;S\u00fclh v\u0259 Bar\u0131\u015f\u0131q \u00fc\u00e7\u00fcn Gernika m\u00fckafat\u0131&#8221;na layiq g\u00f6r\u00fclm\u0259yim il\u0259 \u0259laq\u0259dar Gernika-Lumo v\u0259 Pforshaym \u015e\u0259h\u0259r \u015furalar\u0131na, Gernika S\u00fclh Muzeyin\u0259, M\u0259d\u0259niyy\u0259t evin\u0259 v\u0259 &#8220;Gernika Qoqoratuz&#8221; S\u00fclh Ara\u015fd\u0131rmalar\u0131 M\u0259rk\u0259zin\u0259 d\u0259rin minn\u0259tdarl\u0131\u011f\u0131m\u0131 ifad\u0259 edir\u0259m. Musavat.com\u00a0x\u0259b\u0259r verir ki, bu bar\u0259d\u0259 Prezident \u0130lham \u018fliyev &#8220;S\u00fclh v\u0259 Bar\u0131\u015f\u0131q&hellip;","_links":{"self":[{"href":"https:\/\/arantv.az\/index.php?rest_route=\/wp\/v2\/posts\/849713"}],"collection":[{"href":"https:\/\/arantv.az\/index.php?rest_route=\/wp\/v2\/posts"}],"about":[{"href":"https:\/\/arantv.az\/index.php?rest_route=\/wp\/v2\/types\/post"}],"author":[{"embeddable":true,"href":"https:\/\/arantv.az\/index.php?rest_route=\/wp\/v2\/users\/2"}],"replies":[{"embeddable":true,"href":"https:\/\/arantv.az\/index.php?rest_route=%2Fwp%2Fv2%2Fcomments&post=849713"}],"version-history":[{"count":1,"href":"https:\/\/arantv.az\/index.php?rest_route=\/wp\/v2\/posts\/849713\/revisions"}],"predecessor-version":[{"id":849715,"href":"https:\/\/arantv.az\/index.php?rest_route=\/wp\/v2\/posts\/849713\/revisions\/849715"}],"wp:featuredmedia":[{"embeddable":true,"href":"https:\/\/arantv.az\/index.php?rest_route=\/wp\/v2\/media\/849714"}],"wp:attachment":[{"href":"https:\/\/arantv.az\/index.php?rest_route=%2Fwp%2Fv2%2Fmedia&parent=849713"}],"wp:term":[{"taxonomy":"category","embeddable":true,"href":"https:\/\/arantv.az\/index.php?rest_route=%2Fwp%2Fv2%2Fcategories&post=849713"},{"taxonomy":"post_tag","embeddable":true,"href":"https:\/\/arantv.az\/index.php?rest_route=%2Fwp%2Fv2%2Ftags&post=849713"}],"curies":[{"name":"wp","href":"https:\/\/api.w.org\/{rel}","templated":true}]}}