{"id":849719,"date":"2026-04-26T16:24:15","date_gmt":"2026-04-26T12:24:15","guid":{"rendered":"https:\/\/arantv.az\/?p=849719"},"modified":"2026-04-26T16:24:15","modified_gmt":"2026-04-26T12:24:15","slug":"ilham-%c9%99liyev-sulh-v%c9%99-barisiq-ucun-gernika-mukafatina-layiq-goruldu","status":"publish","type":"post","link":"https:\/\/arantv.az\/?p=849719","title":{"rendered":"\u0130lham \u018fliyev &#8220;S\u00fclh v\u0259 Bar\u0131\u015f\u0131q \u00fc\u00e7\u00fcn Gernika m\u00fckafat\u0131&#8221;na layiq g\u00f6r\u00fcld\u00fc"},"content":{"rendered":"<div class=\"text-content\" data-id=\"\" data-url=\"\">\n<p><strong>Az\u0259rbaycan Respublikas\u0131n\u0131n Prezidenti \u0130lham \u018fliyev &#8220;S\u00fclh v\u0259 Bar\u0131\u015f\u0131q \u00fc\u00e7\u00fcn Gernika m\u00fckafat\u0131&#8221;n\u0131n t\u0259qdimolunma m\u0259rasiminin i\u015ftirak\u00e7\u0131lar\u0131na m\u00fcraci\u0259t \u00fcnvanlay\u0131b.<\/strong><\/p>\n<p><strong>Musavat.com<\/strong>\u00a0x\u0259b\u0259r verir ki, m\u00fcraci\u0259td\u0259 deyilir:<\/p>\n<p><strong>&#8220;H\u00f6rm\u0259tli dostlar,<\/strong><\/p>\n<p>Az\u0259rbaycan il\u0259 Erm\u0259nistan aras\u0131nda s\u00fclh\u00fcn \u0259ld\u0259 olunmas\u0131 v\u0259 dialoqun t\u0259\u015fviqi istiqam\u0259tind\u0259 g\u00f6st\u0259rdiyim s\u0259yl\u0259r\u0259 g\u00f6r\u0259 &#8220;S\u00fclh v\u0259 Bar\u0131\u015f\u0131q \u00fc\u00e7\u00fcn Gernika m\u00fckafat\u0131&#8221;na layiq g\u00f6r\u00fclm\u0259yim il\u0259 \u0259laq\u0259dar Gernika-Lumo v\u0259 Pforshaym \u015f\u0259h\u0259r \u015euralar\u0131na, Gernika S\u00fclh Muzeyin\u0259, M\u0259d\u0259niyy\u0259t evin\u0259 v\u0259 &#8220;Gernika Qoqoratuz&#8221; S\u00fclh Ara\u015fd\u0131rmalar\u0131 M\u0259rk\u0259zin\u0259 d\u0259rin minn\u0259tdarl\u0131\u011f\u0131m\u0131 ifad\u0259 edir\u0259m.<\/p>\n<p>Gernika faci\u0259sinin tarixi yadda\u015f\u0131n\u0131 ya\u015fatmaq, s\u00fclh v\u0259 bar\u0131\u015f\u0131q prosesl\u0259rind\u0259 t\u00f6hf\u0259si olan insanlar\u0131 tan\u0131tmaq m\u0259qs\u0259di da\u015f\u0131yan bu m\u00f6t\u0259b\u0259r m\u00fckafata layiq g\u00f6r\u00fclm\u0259k b\u00f6y\u00fck \u015f\u0259r\u0259fdir. Bu m\u00fckafat\u0131n 26 aprel \u2013 Gernika qurbanlar\u0131n\u0131n an\u0131m g\u00fcn\u00fcnd\u0259 t\u0259qdim olunmas\u0131 x\u00fcsusi r\u0259mzi m\u0259na da\u015f\u0131y\u0131r. 89 il \u0259vv\u0259l Gernikada dinc \u0259haliy\u0259 qar\u015f\u0131 t\u00f6r\u0259dilmi\u015f amans\u0131z cinay\u0259t \u00f6t\u0259n \u0259srin \u0259n d\u0259h\u015f\u0259tli v\u0259 qanl\u0131 s\u0259hif\u0259l\u0259rd\u0259n biridir. Hesab edir\u0259m ki, dinc insanlara qar\u015f\u0131 ist\u0259nil\u0259n cinay\u0259t b\u00fct\u00f6vl\u00fckd\u0259 b\u0259\u015f\u0259riyy\u0259t\u0259 v\u0259 insanl\u0131\u011fa qar\u015f\u0131 y\u00f6n\u0259lir. Gernika \u015f\u0259h\u0259rinin bu a\u011fr\u0131-ac\u0131s\u0131n\u0131 b\u00f6l\u00fc\u015f\u00fcr, qurbanlar\u0131n \u0259ziz xatir\u0259sini d\u0259rin ehtiramla yad edir\u0259m.<\/p>\n<p>Gernika \u015f\u0259h\u0259rinin tarixind\u0259n ir\u0259li g\u0259l\u0259n s\u00fclh v\u0259 bar\u0131\u015f\u0131q mesaj\u0131 b\u00fct\u00fcn xalqlar \u00fc\u00e7\u00fcn m\u00fch\u00fcm \u0259h\u0259miyy\u0259t k\u0259sb edir. M\u00fcharib\u0259l\u0259rin ac\u0131 n\u0259tic\u0259l\u0259rini ya\u015fam\u0131\u015f xalqlar\u0131n xatir\u0259si v\u0259 t\u0259cr\u00fcb\u0259si g\u0259l\u0259c\u0259k n\u0259sill\u0259rin daha sabit v\u0259 t\u0259hl\u00fck\u0259siz d\u00fcnyada ya\u015famas\u0131 \u00fc\u00e7\u00fcn m\u00fch\u00fcm d\u0259rs olmal\u0131d\u0131r.<\/p>\n<p>30 il\u0259 yax\u0131n m\u00fcdd\u0259t \u0259rzind\u0259 m\u00fcnaqi\u015f\u0259 \u015f\u0259raitind\u0259 ya\u015fam\u0131\u015f, m\u00fcharib\u0259nin a\u011f\u0131r f\u0259sadlar\u0131 il\u0259 \u00fczl\u0259\u015fmi\u015f Az\u0259rbaycan xalq\u0131 da s\u00fclh\u00fcn v\u0259 bar\u0131\u015f\u0131\u011f\u0131n d\u0259y\u0259rini \u00e7ox yax\u015f\u0131 anlay\u0131r. Az\u0259rbaycan bu g\u00fcn s\u00fclh \u015f\u0259raitind\u0259 ya\u015fama\u011f\u0131n n\u0259 oldu\u011funu \u00f6yr\u0259nir. Bu, bizim \u00fc\u00e7\u00fcn yeni v\u0259 qeyri-adi bir hissdir. \u00c7\u00fcnki m\u00fcst\u0259qilliyimizi b\u0259rpa ed\u0259nd\u0259n b\u0259ri biz bu hissi ya\u015famam\u0131\u015fd\u0131q.<\/p>\n<p>2025-ci ilin avqustunda Va\u015finqton \u015f\u0259h\u0259rind\u0259 ba\u015f tutmu\u015f tarixi Zirv\u0259 G\u00f6r\u00fc\u015f\u00fcnd\u0259 Az\u0259rbaycan v\u0259 Erm\u0259nistan aras\u0131nda s\u00fclh sazi\u015finin m\u0259tni paraflanm\u0131\u015f, eyni zamanda Birg\u0259 B\u0259yannam\u0259 imzalanm\u0131\u015fd\u0131r. Bununla da \u00fc\u00e7 onillik \u0259rzind\u0259 davam ed\u0259n m\u00fcnaqi\u015f\u0259 tamamil\u0259 sona \u00e7atm\u0131\u015f, xalqlar\u0131m\u0131z \u00fc\u00e7\u00fcn s\u00fclh\u00fcn, bar\u0131\u015f\u0131\u011f\u0131n, qar\u015f\u0131l\u0131ql\u0131 t\u0259r\u0259fda\u015fl\u0131q d\u00f6vr\u00fcn\u00fcn \u0259sas\u0131 qoyulmu\u015fdur.<\/p>\n<p>Haz\u0131rda Az\u0259rbaycan bu yeni reall\u0131\u011fa v\u0259 s\u00fclh m\u00fchitind\u0259 ya\u015fama\u011fa uy\u011funla\u015f\u0131r. \u00dcmumi m\u00fcsb\u0259t atmosfer, sabitliy\u0259 v\u0259 t\u0259hl\u00fck\u0259sizliy\u0259 daha \u00e7ox inam bizi ir\u0259lil\u0259m\u0259y\u0259 v\u0259 inki\u015faf g\u00fcnd\u0259liyimiz\u0259 daha \u00e7ox vaxt v\u0259 resurs ay\u0131rma\u011fa imkan verir. Biz eyni zamanda s\u00fclh\u00fc m\u00f6hk\u0259ml\u0259ndirm\u0259k v\u0259 onu \u0259m\u0259li f\u0259aliyy\u0259t\u0259 \u00e7evirm\u0259k \u00fc\u00e7\u00fcn add\u0131mlar at\u0131r\u0131q v\u0259 art\u0131q h\u0259r iki c\u0259miyy\u0259timiz s\u00fclh\u00fcn iqtisadi, ticari v\u0259 dig\u0259r sah\u0259l\u0259rd\u0259 real faydalar\u0131n\u0131n \u015fahidi olur. Bu g\u00fcn art\u0131q Az\u0259rbaycan\u0131n neft m\u0259hsullar\u0131, \u00fc\u00e7\u00fcnc\u00fc \u00f6lk\u0259l\u0259rd\u0259n tax\u0131l v\u0259 dig\u0259r m\u0259hsullar \u00f6lk\u0259mizin \u0259razisind\u0259n ke\u00e7m\u0259kl\u0259 Erm\u0259nistana ixrac edilir.<\/p>\n<p>\u0130ki \u00f6lk\u0259 aras\u0131nda etimad quruculu\u011fu t\u0259dbirl\u0259ri davaml\u0131 s\u00fclh\u00fcn b\u0259rq\u0259rar olmas\u0131nda m\u00fch\u00fcm rol oynay\u0131r. D\u00f6vl\u0259t s\u0259viyy\u0259sind\u0259 at\u0131lan add\u0131mlarla yana\u015f\u0131, v\u0259t\u0259nda\u015f c\u0259miyy\u0259tinin n\u00fcmay\u0259nd\u0259l\u0259ri aras\u0131nda m\u00fct\u0259madi g\u00f6r\u00fc\u015fl\u0259r bu proses\u0259 m\u00fcsb\u0259t t\u00f6hf\u0259sini verir.<\/p>\n<p>Az\u0259rbaycan\u0131n v\u0259 Erm\u0259nistan\u0131n n\u00fcmun\u0259si g\u00f6st\u0259rir ki, uzunm\u00fcdd\u0259tli m\u00fcnaqi\u015f\u0259y\u0259, iztirablara v\u0259 qar\u015f\u0131l\u0131ql\u0131 etimads\u0131zl\u0131\u011fa baxmayaraq, g\u00fccl\u00fc siyasi irad\u0259 v\u0259 beyn\u0259lxalq d\u0259st\u0259k m\u00f6vcud olduqda s\u00fclh \u0259ld\u0259 etm\u0259k m\u00fcmk\u00fcnd\u00fcr.<\/p>\n<p><strong>H\u00f6rm\u0259tli dostlar,<\/strong><\/p>\n<p>&#8220;S\u00fclh v\u0259 Bar\u0131\u015f\u0131q \u00fc\u00e7\u00fcn Gernika m\u00fckafat\u0131&#8221; yaln\u0131z art\u0131q \u0259ld\u0259 olunmu\u015f nailiyy\u0259tl\u0259rin tan\u0131nmas\u0131 deyil, h\u0259m d\u0259 beyn\u0259lxalq birliyin ortaq rifah\u0131, s\u00fclh namin\u0259 at\u0131lacaq g\u0259l\u0259c\u0259k add\u0131mlar bax\u0131m\u0131ndan m\u00fch\u00fcm ruhland\u0131r\u0131c\u0131 stimul v\u0259 m\u0259suliyy\u0259tdir.<\/p>\n<p>Bu m\u00fckafata g\u00f6r\u0259 bir daha t\u0259\u015f\u0259kk\u00fcr\u00fcm\u00fc ifad\u0259 edir, s\u00fclh, dialoq v\u0259 qar\u015f\u0131l\u0131ql\u0131 anla\u015fman\u0131n t\u0259\u015fviqi istiqam\u0259tind\u0259 f\u0259aliyy\u0259tinizd\u0259 h\u0259r biriniz\u0259 u\u011furlar arzulay\u0131ram&#8221;.<\/p>\n<\/div>\n<div><\/div>\n<div><\/div>\n<div class=\"inner-social-box\">\n<div class=\"subs-in-social subs-whatsapp\"><\/div>\n<\/div>\n","protected":false},"excerpt":{"rendered":"<p>Az\u0259rbaycan Respublikas\u0131n\u0131n Prezidenti \u0130lham \u018fliyev &#8220;S\u00fclh v\u0259 Bar\u0131\u015f\u0131q \u00fc\u00e7\u00fcn Gernika m\u00fckafat\u0131&#8221;n\u0131n t\u0259qdimolunma m\u0259rasiminin i\u015ftirak\u00e7\u0131lar\u0131na m\u00fcraci\u0259t \u00fcnvanlay\u0131b. Musavat.com\u00a0x\u0259b\u0259r verir ki, m\u00fcraci\u0259td\u0259 deyilir: &#8220;H\u00f6rm\u0259tli dostlar, Az\u0259rbaycan il\u0259 Erm\u0259nistan aras\u0131nda s\u00fclh\u00fcn \u0259ld\u0259 olunmas\u0131 v\u0259 dialoqun t\u0259\u015fviqi istiqam\u0259tind\u0259 g\u00f6st\u0259rdiyim s\u0259yl\u0259r\u0259 g\u00f6r\u0259 &#8220;S\u00fclh v\u0259 Bar\u0131\u015f\u0131q \u00fc\u00e7\u00fcn Gernika m\u00fckafat\u0131&#8221;na layiq g\u00f6r\u00fclm\u0259yim il\u0259 \u0259laq\u0259dar Gernika-Lumo v\u0259 Pforshaym \u015f\u0259h\u0259r \u015euralar\u0131na, Gernika S\u00fclh Muzeyin\u0259, M\u0259d\u0259niyy\u0259t evin\u0259 v\u0259 &#8220;Gernika Qoqoratuz&#8221; S\u00fclh Ara\u015fd\u0131rmalar\u0131 M\u0259rk\u0259zin\u0259 d\u0259rin minn\u0259tdarl\u0131\u011f\u0131m\u0131 ifad\u0259 edir\u0259m. Gernika faci\u0259sinin tarixi yadda\u015f\u0131n\u0131 ya\u015fatmaq, s\u00fclh v\u0259 bar\u0131\u015f\u0131q prosesl\u0259rind\u0259 t\u00f6hf\u0259si olan insanlar\u0131 tan\u0131tmaq m\u0259qs\u0259di da\u015f\u0131yan bu m\u00f6t\u0259b\u0259r m\u00fckafata layiq g\u00f6r\u00fclm\u0259k b\u00f6y\u00fck \u015f\u0259r\u0259fdir. Bu&hellip;<\/p>\n","protected":false},"author":2,"featured_media":849720,"comment_status":"closed","ping_status":"closed","sticky":false,"template":"","format":"standard","meta":{"om_disable_all_campaigns":false,"_monsterinsights_skip_tracking":false,"_monsterinsights_sitenote_active":false,"_monsterinsights_sitenote_note":"","_monsterinsights_sitenote_category":0},"categories":[4],"tags":[],"aioseo_notices":[],"gutentor_comment":0,"rttpg_featured_image_url":{"full":["https:\/\/arantv.az\/wp-content\/uploads\/2026\/04\/ccda808a2612270e3e6b1b32e30d4c93.jpg",870,500,false],"landscape":["https:\/\/arantv.az\/wp-content\/uploads\/2026\/04\/ccda808a2612270e3e6b1b32e30d4c93.jpg",870,500,false],"portraits":["https:\/\/arantv.az\/wp-content\/uploads\/2026\/04\/ccda808a2612270e3e6b1b32e30d4c93.jpg",870,500,false],"thumbnail":["https:\/\/arantv.az\/wp-content\/uploads\/2026\/04\/ccda808a2612270e3e6b1b32e30d4c93-500x280.jpg",500,280,true],"medium":["https:\/\/arantv.az\/wp-content\/uploads\/2026\/04\/ccda808a2612270e3e6b1b32e30d4c93-635x365.jpg",635,365,true],"large":["https:\/\/arantv.az\/wp-content\/uploads\/2026\/04\/ccda808a2612270e3e6b1b32e30d4c93-840x483.jpg",640,368,true],"1536x1536":["https:\/\/arantv.az\/wp-content\/uploads\/2026\/04\/ccda808a2612270e3e6b1b32e30d4c93.jpg",870,500,false],"2048x2048":["https:\/\/arantv.az\/wp-content\/uploads\/2026\/04\/ccda808a2612270e3e6b1b32e30d4c93.jpg",870,500,false],"post-thumbnail":["https:\/\/arantv.az\/wp-content\/uploads\/2026\/04\/ccda808a2612270e3e6b1b32e30d4c93-240x172.jpg",240,172,true],"advps-thumb-one":["https:\/\/arantv.az\/wp-content\/uploads\/2026\/04\/ccda808a2612270e3e6b1b32e30d4c93.jpg",870,500,false]},"rttpg_author":{"display_name":"V\u00fcsal Rafiqo\u011flu","author_link":"https:\/\/arantv.az\/?author=2"},"rttpg_comment":0,"rttpg_category":"<a href=\"https:\/\/arantv.az\/?cat=4\" rel=\"category\">Siyas\u0259t<\/a>","rttpg_excerpt":"Az\u0259rbaycan Respublikas\u0131n\u0131n Prezidenti \u0130lham \u018fliyev &#8220;S\u00fclh v\u0259 Bar\u0131\u015f\u0131q \u00fc\u00e7\u00fcn Gernika m\u00fckafat\u0131&#8221;n\u0131n t\u0259qdimolunma m\u0259rasiminin i\u015ftirak\u00e7\u0131lar\u0131na m\u00fcraci\u0259t \u00fcnvanlay\u0131b. Musavat.com\u00a0x\u0259b\u0259r verir ki, m\u00fcraci\u0259td\u0259 deyilir: &#8220;H\u00f6rm\u0259tli dostlar, Az\u0259rbaycan il\u0259 Erm\u0259nistan aras\u0131nda s\u00fclh\u00fcn \u0259ld\u0259 olunmas\u0131 v\u0259 dialoqun t\u0259\u015fviqi istiqam\u0259tind\u0259 g\u00f6st\u0259rdiyim s\u0259yl\u0259r\u0259 g\u00f6r\u0259 &#8220;S\u00fclh v\u0259 Bar\u0131\u015f\u0131q \u00fc\u00e7\u00fcn Gernika m\u00fckafat\u0131&#8221;na layiq g\u00f6r\u00fclm\u0259yim il\u0259 \u0259laq\u0259dar Gernika-Lumo v\u0259 Pforshaym \u015f\u0259h\u0259r \u015euralar\u0131na, Gernika S\u00fclh Muzeyin\u0259,&hellip;","_links":{"self":[{"href":"https:\/\/arantv.az\/index.php?rest_route=\/wp\/v2\/posts\/849719"}],"collection":[{"href":"https:\/\/arantv.az\/index.php?rest_route=\/wp\/v2\/posts"}],"about":[{"href":"https:\/\/arantv.az\/index.php?rest_route=\/wp\/v2\/types\/post"}],"author":[{"embeddable":true,"href":"https:\/\/arantv.az\/index.php?rest_route=\/wp\/v2\/users\/2"}],"replies":[{"embeddable":true,"href":"https:\/\/arantv.az\/index.php?rest_route=%2Fwp%2Fv2%2Fcomments&post=849719"}],"version-history":[{"count":2,"href":"https:\/\/arantv.az\/index.php?rest_route=\/wp\/v2\/posts\/849719\/revisions"}],"predecessor-version":[{"id":849722,"href":"https:\/\/arantv.az\/index.php?rest_route=\/wp\/v2\/posts\/849719\/revisions\/849722"}],"wp:featuredmedia":[{"embeddable":true,"href":"https:\/\/arantv.az\/index.php?rest_route=\/wp\/v2\/media\/849720"}],"wp:attachment":[{"href":"https:\/\/arantv.az\/index.php?rest_route=%2Fwp%2Fv2%2Fmedia&parent=849719"}],"wp:term":[{"taxonomy":"category","embeddable":true,"href":"https:\/\/arantv.az\/index.php?rest_route=%2Fwp%2Fv2%2Fcategories&post=849719"},{"taxonomy":"post_tag","embeddable":true,"href":"https:\/\/arantv.az\/index.php?rest_route=%2Fwp%2Fv2%2Ftags&post=849719"}],"curies":[{"name":"wp","href":"https:\/\/api.w.org\/{rel}","templated":true}]}}