{"id":849759,"date":"2026-04-26T20:30:40","date_gmt":"2026-04-26T16:30:40","guid":{"rendered":"https:\/\/arantv.az\/?p=849759"},"modified":"2026-04-26T20:30:40","modified_gmt":"2026-04-26T16:30:40","slug":"sabah-hava-onlar-ucun-%c9%99lverissiz-olacaq-x%c9%99b%c9%99rdarliq","status":"publish","type":"post","link":"https:\/\/arantv.az\/?p=849759","title":{"rendered":"Sabah hava onlar \u00fc\u00e7\u00fcn \u0259lveri\u015fsiz olacaq &#8211; X\u018fB\u018fRDARLIQ"},"content":{"rendered":"<p><strong>Sabah\u0131n havas\u0131 b\u0259zi meteoh\u0259ssas insanlarda narahatl\u0131q hissi yarada bil\u0259r.<\/strong><\/p>\n<p><strong>Musavat.com<\/strong>\u00a0x\u0259b\u0259r verir ki, bu bar\u0259d\u0259 Milli Hidrometeorologiya Xidm\u0259ti m\u0259lumat yay\u0131b.<\/p>\n<p>Bildirilib ki, aprelin 27-si g\u00fcn\u00fcn ikinci yar\u0131s\u0131ndan 28-i ax\u015famad\u0259k Ab\u015feron yar\u0131madas\u0131nda g\u00fccl\u00fc x\u0259zri k\u00fcl\u0259yinin \u0259s\u0259c\u0259yi g\u00f6zl\u0259nilir ki, bu da \u0259ks\u0259r meteoh\u0259ssas insanlar \u00fc\u00e7\u00fcn \u0259lveri\u015fsizdir.<\/p>\n","protected":false},"excerpt":{"rendered":"<p>Sabah\u0131n havas\u0131 b\u0259zi meteoh\u0259ssas insanlarda narahatl\u0131q hissi yarada bil\u0259r. Musavat.com\u00a0x\u0259b\u0259r verir ki, bu bar\u0259d\u0259 Milli Hidrometeorologiya Xidm\u0259ti m\u0259lumat yay\u0131b. Bildirilib ki, aprelin 27-si g\u00fcn\u00fcn ikinci yar\u0131s\u0131ndan 28-i ax\u015famad\u0259k Ab\u015feron yar\u0131madas\u0131nda g\u00fccl\u00fc x\u0259zri k\u00fcl\u0259yinin \u0259s\u0259c\u0259yi g\u00f6zl\u0259nilir ki, bu da \u0259ks\u0259r meteoh\u0259ssas insanlar \u00fc\u00e7\u00fcn \u0259lveri\u015fsizdir.<\/p>\n","protected":false},"author":2,"featured_media":849760,"comment_status":"closed","ping_status":"closed","sticky":false,"template":"","format":"standard","meta":{"om_disable_all_campaigns":false,"_monsterinsights_skip_tracking":false,"_monsterinsights_sitenote_active":false,"_monsterinsights_sitenote_note":"","_monsterinsights_sitenote_category":0},"categories":[1],"tags":[],"aioseo_notices":[],"gutentor_comment":0,"rttpg_featured_image_url":{"full":["https:\/\/arantv.az\/wp-content\/uploads\/2026\/04\/a56243409f9f62007a513ddb9c433601.jpg",637,400,false],"landscape":["https:\/\/arantv.az\/wp-content\/uploads\/2026\/04\/a56243409f9f62007a513ddb9c433601.jpg",637,400,false],"portraits":["https:\/\/arantv.az\/wp-content\/uploads\/2026\/04\/a56243409f9f62007a513ddb9c433601.jpg",637,400,false],"thumbnail":["https:\/\/arantv.az\/wp-content\/uploads\/2026\/04\/a56243409f9f62007a513ddb9c433601-500x280.jpg",500,280,true],"medium":["https:\/\/arantv.az\/wp-content\/uploads\/2026\/04\/a56243409f9f62007a513ddb9c433601-581x365.jpg",581,365,true],"large":["https:\/\/arantv.az\/wp-content\/uploads\/2026\/04\/a56243409f9f62007a513ddb9c433601.jpg",637,400,false],"1536x1536":["https:\/\/arantv.az\/wp-content\/uploads\/2026\/04\/a56243409f9f62007a513ddb9c433601.jpg",637,400,false],"2048x2048":["https:\/\/arantv.az\/wp-content\/uploads\/2026\/04\/a56243409f9f62007a513ddb9c433601.jpg",637,400,false],"post-thumbnail":["https:\/\/arantv.az\/wp-content\/uploads\/2026\/04\/a56243409f9f62007a513ddb9c433601-240x172.jpg",240,172,true],"advps-thumb-one":["https:\/\/arantv.az\/wp-content\/uploads\/2026\/04\/a56243409f9f62007a513ddb9c433601.jpg",637,400,false]},"rttpg_author":{"display_name":"V\u00fcsal Rafiqo\u011flu","author_link":"https:\/\/arantv.az\/?author=2"},"rttpg_comment":0,"rttpg_category":"<a href=\"https:\/\/arantv.az\/?cat=1\" rel=\"category\">C\u0259miyy\u0259t<\/a>","rttpg_excerpt":"Sabah\u0131n havas\u0131 b\u0259zi meteoh\u0259ssas insanlarda narahatl\u0131q hissi yarada bil\u0259r. Musavat.com\u00a0x\u0259b\u0259r verir ki, bu bar\u0259d\u0259 Milli Hidrometeorologiya Xidm\u0259ti m\u0259lumat yay\u0131b. Bildirilib ki, aprelin 27-si g\u00fcn\u00fcn ikinci yar\u0131s\u0131ndan 28-i ax\u015famad\u0259k Ab\u015feron yar\u0131madas\u0131nda g\u00fccl\u00fc x\u0259zri k\u00fcl\u0259yinin \u0259s\u0259c\u0259yi g\u00f6zl\u0259nilir ki, bu da \u0259ks\u0259r meteoh\u0259ssas insanlar \u00fc\u00e7\u00fcn \u0259lveri\u015fsizdir.","_links":{"self":[{"href":"https:\/\/arantv.az\/index.php?rest_route=\/wp\/v2\/posts\/849759"}],"collection":[{"href":"https:\/\/arantv.az\/index.php?rest_route=\/wp\/v2\/posts"}],"about":[{"href":"https:\/\/arantv.az\/index.php?rest_route=\/wp\/v2\/types\/post"}],"author":[{"embeddable":true,"href":"https:\/\/arantv.az\/index.php?rest_route=\/wp\/v2\/users\/2"}],"replies":[{"embeddable":true,"href":"https:\/\/arantv.az\/index.php?rest_route=%2Fwp%2Fv2%2Fcomments&post=849759"}],"version-history":[{"count":1,"href":"https:\/\/arantv.az\/index.php?rest_route=\/wp\/v2\/posts\/849759\/revisions"}],"predecessor-version":[{"id":849761,"href":"https:\/\/arantv.az\/index.php?rest_route=\/wp\/v2\/posts\/849759\/revisions\/849761"}],"wp:featuredmedia":[{"embeddable":true,"href":"https:\/\/arantv.az\/index.php?rest_route=\/wp\/v2\/media\/849760"}],"wp:attachment":[{"href":"https:\/\/arantv.az\/index.php?rest_route=%2Fwp%2Fv2%2Fmedia&parent=849759"}],"wp:term":[{"taxonomy":"category","embeddable":true,"href":"https:\/\/arantv.az\/index.php?rest_route=%2Fwp%2Fv2%2Fcategories&post=849759"},{"taxonomy":"post_tag","embeddable":true,"href":"https:\/\/arantv.az\/index.php?rest_route=%2Fwp%2Fv2%2Ftags&post=849759"}],"curies":[{"name":"wp","href":"https:\/\/api.w.org\/{rel}","templated":true}]}}