{"id":849762,"date":"2026-04-26T20:33:45","date_gmt":"2026-04-26T16:33:45","guid":{"rendered":"https:\/\/arantv.az\/?p=849762"},"modified":"2026-04-26T20:33:45","modified_gmt":"2026-04-26T16:33:45","slug":"vilay%c9%99t-eyvazov-v%c9%99t%c9%99ndas-q%c9%99bulu-v%c9%99-sira-baxisi-kecirdi","status":"publish","type":"post","link":"https:\/\/arantv.az\/?p=849762","title":{"rendered":"Vilay\u0259t Eyvazov v\u0259t\u0259nda\u015f q\u0259bulu v\u0259 s\u0131ra bax\u0131\u015f\u0131 ke\u00e7irdi"},"content":{"rendered":"<div id=\"mvp-content-main\" class=\"left relative\">\n<p><strong>Daxili i\u015fl\u0259r naziri general-polkovnik Vilay\u0259t Eyvazov aprelin 26-da G\u00f6y\u00e7ay rayonunda n\u00f6vb\u0259ti v\u0259t\u0259nda\u015f q\u0259bulu ke\u00e7irib.<\/strong><\/p>\n<p>Bu bar\u0259d\u0259\u00a0<strong><a href=\"https:\/\/publika.az\/\" target=\"_blank\" rel=\"noopener\">Publika.az<\/a><\/strong>-a Daxili \u0130\u015fl\u0259r Nazirliyinin m\u0259tbuat xidm\u0259tind\u0259n m\u0259lumat verilib.<\/p>\n<p>Bildirilib ki, nazir \u0259vv\u0259lc\u0259 G\u00f6y\u00e7ay rayonunda \u00dcmummilli Lider Heyd\u0259r \u018fliyevin abid\u0259sini ziyar\u0259t ed\u0259r\u0259k, \u0259ziz xatir\u0259sini d\u0259rin h\u00f6rm\u0259t v\u0259 ehtiramla yad edib.<\/p>\n<p>Daha sonra polis \u015f\u00f6b\u0259sinin inzibati binas\u0131nda G\u00f6y\u00e7ay, \u0130smay\u0131ll\u0131, \u015eamax\u0131, A\u011fda\u015f, Ucar, Q\u0259b\u0259l\u0259, Qobustan v\u0259 A\u011fsu rayonlar\u0131ndan, el\u0259c\u0259 d\u0259 dig\u0259r b\u00f6lg\u0259l\u0259rd\u0259n q\u0259bula g\u0259l\u0259n 226 v\u0259t\u0259nda\u015f\u0131n m\u00fcxt\u0259lif m\u0259s\u0259l\u0259l\u0259rl\u0259 ba\u011fl\u0131 m\u00fcraci\u0259tl\u0259ri dinl\u0259nilib.<\/p>\n<p>Q\u0259bula g\u0259l\u0259n v\u0259t\u0259nda\u015flar\u0131n m\u00fcraci\u0259tl\u0259rinin operativ v\u0259 qanunvericiliyin t\u0259l\u0259bl\u0259rin\u0259 uy\u011fun h\u0259lli, habel\u0259 v\u0259t\u0259nda\u015f m\u0259mnunlu\u011funun t\u0259min olunmas\u0131 m\u0259qs\u0259dil\u0259 nazirliyin aidiyy\u0259ti ba\u015f idar\u0259 v\u0259 idar\u0259 r\u0259isl\u0259rin\u0259 m\u00fcvafiq tap\u015f\u0131r\u0131qlar verilib.<\/p>\n<p>M\u00fcraci\u0259tl\u0259rin b\u00f6y\u00fck \u0259ks\u0259riyy\u0259ti yerind\u0259c\u0259 h\u0259ll olunub, dig\u0259rl\u0259ri n\u0259zar\u0259t\u0259 g\u00f6t\u00fcr\u00fcl\u00fcb.<\/p>\n<p>S\u0259f\u0259r \u00e7\u0259r\u00e7iv\u0259sind\u0259 general-polkovnik Vilay\u0259t Eyvazov polis v\u0259 daxili qo\u015funlarda xidm\u0259t etm\u0259k arzusunda olan g\u0259ncl\u0259rin s\u0131ra bax\u0131\u015f\u0131n\u0131 da ke\u00e7irib.<\/p>\n<p>S\u0131ra bax\u0131\u015f\u0131nda xidm\u0259t\u0259 q\u0259bulun \u015f\u0259rtl\u0259rin\u0259 uy\u011fun g\u0259l\u0259n 230 n\u0259f\u0259r se\u00e7im turunun n\u00f6vb\u0259ti m\u0259rh\u0259l\u0259sin\u0259 burax\u0131l\u0131b.<\/p>\n<\/div>\n<div id=\"mvp-content-bot\" class=\"left\">\n<div class=\"news-gallery\"><img class=\"\" src=\"https:\/\/publika.az\/storage\/2026\/04\/26\/25kip9tnhg94jhxcc3gsqman1wqcgndj73lf3ovo_1200.webp\" alt=\"Photo\" \/><\/div>\n<\/div>\n","protected":false},"excerpt":{"rendered":"<p>Daxili i\u015fl\u0259r naziri general-polkovnik Vilay\u0259t Eyvazov aprelin 26-da G\u00f6y\u00e7ay rayonunda n\u00f6vb\u0259ti v\u0259t\u0259nda\u015f q\u0259bulu ke\u00e7irib. Bu bar\u0259d\u0259\u00a0Publika.az-a Daxili \u0130\u015fl\u0259r Nazirliyinin m\u0259tbuat xidm\u0259tind\u0259n m\u0259lumat verilib. Bildirilib ki, nazir \u0259vv\u0259lc\u0259 G\u00f6y\u00e7ay rayonunda \u00dcmummilli Lider Heyd\u0259r \u018fliyevin abid\u0259sini ziyar\u0259t ed\u0259r\u0259k, \u0259ziz xatir\u0259sini d\u0259rin h\u00f6rm\u0259t v\u0259 ehtiramla yad edib. Daha sonra polis \u015f\u00f6b\u0259sinin inzibati binas\u0131nda G\u00f6y\u00e7ay, \u0130smay\u0131ll\u0131, \u015eamax\u0131, A\u011fda\u015f, Ucar, Q\u0259b\u0259l\u0259, Qobustan v\u0259 A\u011fsu rayonlar\u0131ndan, el\u0259c\u0259 d\u0259 dig\u0259r b\u00f6lg\u0259l\u0259rd\u0259n q\u0259bula g\u0259l\u0259n 226 v\u0259t\u0259nda\u015f\u0131n m\u00fcxt\u0259lif m\u0259s\u0259l\u0259l\u0259rl\u0259 ba\u011fl\u0131 m\u00fcraci\u0259tl\u0259ri dinl\u0259nilib. Q\u0259bula g\u0259l\u0259n v\u0259t\u0259nda\u015flar\u0131n m\u00fcraci\u0259tl\u0259rinin operativ v\u0259 qanunvericiliyin t\u0259l\u0259bl\u0259rin\u0259 uy\u011fun h\u0259lli, habel\u0259 v\u0259t\u0259nda\u015f m\u0259mnunlu\u011funun t\u0259min olunmas\u0131 m\u0259qs\u0259dil\u0259 nazirliyin&hellip;<\/p>\n","protected":false},"author":2,"featured_media":849763,"comment_status":"closed","ping_status":"closed","sticky":false,"template":"","format":"standard","meta":{"om_disable_all_campaigns":false,"_monsterinsights_skip_tracking":false,"_monsterinsights_sitenote_active":false,"_monsterinsights_sitenote_note":"","_monsterinsights_sitenote_category":0},"categories":[1],"tags":[],"aioseo_notices":[],"gutentor_comment":0,"rttpg_featured_image_url":{"full":["https:\/\/arantv.az\/wp-content\/uploads\/2026\/04\/iaixuwkeou4rvpt8mplrowzozita5fupfheqagnd_1200.jpg",1200,801,false],"landscape":["https:\/\/arantv.az\/wp-content\/uploads\/2026\/04\/iaixuwkeou4rvpt8mplrowzozita5fupfheqagnd_1200.jpg",1200,801,false],"portraits":["https:\/\/arantv.az\/wp-content\/uploads\/2026\/04\/iaixuwkeou4rvpt8mplrowzozita5fupfheqagnd_1200.jpg",1200,801,false],"thumbnail":["https:\/\/arantv.az\/wp-content\/uploads\/2026\/04\/iaixuwkeou4rvpt8mplrowzozita5fupfheqagnd_1200-500x280.jpg",500,280,true],"medium":["https:\/\/arantv.az\/wp-content\/uploads\/2026\/04\/iaixuwkeou4rvpt8mplrowzozita5fupfheqagnd_1200-547x365.jpg",547,365,true],"large":["https:\/\/arantv.az\/wp-content\/uploads\/2026\/04\/iaixuwkeou4rvpt8mplrowzozita5fupfheqagnd_1200-840x561.jpg",640,427,true],"1536x1536":["https:\/\/arantv.az\/wp-content\/uploads\/2026\/04\/iaixuwkeou4rvpt8mplrowzozita5fupfheqagnd_1200.jpg",1200,801,false],"2048x2048":["https:\/\/arantv.az\/wp-content\/uploads\/2026\/04\/iaixuwkeou4rvpt8mplrowzozita5fupfheqagnd_1200.jpg",1200,801,false],"post-thumbnail":["https:\/\/arantv.az\/wp-content\/uploads\/2026\/04\/iaixuwkeou4rvpt8mplrowzozita5fupfheqagnd_1200-240x172.jpg",240,172,true],"advps-thumb-one":["https:\/\/arantv.az\/wp-content\/uploads\/2026\/04\/iaixuwkeou4rvpt8mplrowzozita5fupfheqagnd_1200-1200x620.jpg",1200,620,true]},"rttpg_author":{"display_name":"V\u00fcsal Rafiqo\u011flu","author_link":"https:\/\/arantv.az\/?author=2"},"rttpg_comment":0,"rttpg_category":"<a href=\"https:\/\/arantv.az\/?cat=1\" rel=\"category\">C\u0259miyy\u0259t<\/a>","rttpg_excerpt":"Daxili i\u015fl\u0259r naziri general-polkovnik Vilay\u0259t Eyvazov aprelin 26-da G\u00f6y\u00e7ay rayonunda n\u00f6vb\u0259ti v\u0259t\u0259nda\u015f q\u0259bulu ke\u00e7irib. Bu bar\u0259d\u0259\u00a0Publika.az-a Daxili \u0130\u015fl\u0259r Nazirliyinin m\u0259tbuat xidm\u0259tind\u0259n m\u0259lumat verilib. Bildirilib ki, nazir \u0259vv\u0259lc\u0259 G\u00f6y\u00e7ay rayonunda \u00dcmummilli Lider Heyd\u0259r \u018fliyevin abid\u0259sini ziyar\u0259t ed\u0259r\u0259k, \u0259ziz xatir\u0259sini d\u0259rin h\u00f6rm\u0259t v\u0259 ehtiramla yad edib. Daha sonra polis \u015f\u00f6b\u0259sinin inzibati binas\u0131nda G\u00f6y\u00e7ay, \u0130smay\u0131ll\u0131, \u015eamax\u0131, A\u011fda\u015f, Ucar,&hellip;","_links":{"self":[{"href":"https:\/\/arantv.az\/index.php?rest_route=\/wp\/v2\/posts\/849762"}],"collection":[{"href":"https:\/\/arantv.az\/index.php?rest_route=\/wp\/v2\/posts"}],"about":[{"href":"https:\/\/arantv.az\/index.php?rest_route=\/wp\/v2\/types\/post"}],"author":[{"embeddable":true,"href":"https:\/\/arantv.az\/index.php?rest_route=\/wp\/v2\/users\/2"}],"replies":[{"embeddable":true,"href":"https:\/\/arantv.az\/index.php?rest_route=%2Fwp%2Fv2%2Fcomments&post=849762"}],"version-history":[{"count":1,"href":"https:\/\/arantv.az\/index.php?rest_route=\/wp\/v2\/posts\/849762\/revisions"}],"predecessor-version":[{"id":849764,"href":"https:\/\/arantv.az\/index.php?rest_route=\/wp\/v2\/posts\/849762\/revisions\/849764"}],"wp:featuredmedia":[{"embeddable":true,"href":"https:\/\/arantv.az\/index.php?rest_route=\/wp\/v2\/media\/849763"}],"wp:attachment":[{"href":"https:\/\/arantv.az\/index.php?rest_route=%2Fwp%2Fv2%2Fmedia&parent=849762"}],"wp:term":[{"taxonomy":"category","embeddable":true,"href":"https:\/\/arantv.az\/index.php?rest_route=%2Fwp%2Fv2%2Fcategories&post=849762"},{"taxonomy":"post_tag","embeddable":true,"href":"https:\/\/arantv.az\/index.php?rest_route=%2Fwp%2Fv2%2Ftags&post=849762"}],"curies":[{"name":"wp","href":"https:\/\/api.w.org\/{rel}","templated":true}]}}