{"id":849765,"date":"2026-04-26T20:35:15","date_gmt":"2026-04-26T16:35:15","guid":{"rendered":"https:\/\/arantv.az\/?p=849765"},"modified":"2026-04-26T20:35:15","modified_gmt":"2026-04-26T16:35:15","slug":"andrey-babis-az%c9%99rbaycana-g%c9%99ldi-foto-yenil%c9%99ndi","status":"publish","type":"post","link":"https:\/\/arantv.az\/?p=849765","title":{"rendered":"Andrey Babi\u015f Az\u0259rbaycana g\u0259ldi &#8211; Foto\/Yenil\u0259ndi"},"content":{"rendered":"<div id=\"mvp-content-main\" class=\"left relative\">\n<p><strong>Aprelin 26-da \u00c7ex Respublikas\u0131n\u0131n Ba\u015f naziri Andrey Babi\u015f Az\u0259rbaycan Respublikas\u0131na r\u0259smi s\u0259f\u0259r\u0259 g\u0259lib.<\/strong><\/p>\n<p><strong><a href=\"https:\/\/publika.az\/\" target=\"_blank\" rel=\"noopener\">Publika.az<\/a><\/strong>\u00a0x\u0259b\u0259r verir ki, Q\u0259b\u0259l\u0259 Beyn\u0259lxalq Hava Liman\u0131nda \u00c7ex Respublikas\u0131n\u0131n Ba\u015f nazirinin \u015f\u0259r\u0259fin\u0259 f\u0259xri qarovul d\u0259st\u0259si d\u00fcz\u00fclm\u00fc\u015fd\u00fc.<\/p>\n<p>\u00c7exiyan\u0131n Ba\u015f naziri Andrey Babi\u015fi Az\u0259rbaycan\u0131n xarici i\u015fl\u0259r naziri Ceyhun Bayramov v\u0259 dig\u0259r r\u0259smi \u015f\u0259xsl\u0259r qar\u015f\u0131lad\u0131lar.<\/p>\n<p>***<\/p>\n<p><strong>\u00c7exiyan\u0131n Ba\u015f naziri Andrey Babi\u015f Avropa \u0130ttifaq\u0131 (A\u0130) h\u00fcdudlar\u0131ndan k\u0259nara ilk r\u0259smi s\u0259f\u0259rini Az\u0259rbaycana edir.<\/strong><\/p>\n<p><strong>Publika.a<\/strong>z x\u0259b\u0259r verir ki, bu bar\u0259d\u0259 A.Babi\u015f &#8220;X&#8221; sosial \u015f\u0259b\u0259k\u0259 hesab\u0131nda\u00a0<a href=\"https:\/\/x.com\/AndrejBabis\/status\/2048369693279297691?ref_src=twsrc%5Etfw%7Ctwcamp%5Etweetembed%7Ctwterm%5E2048369693279297691%7Ctwgr%5Eb388a8173191530feb24911ea0d9f6f3f72fa489%7Ctwcon%5Es1_&amp;ref_url=https%3A%2F%2Freport.az%2Fxarici-siyaset%2Fcexiya-bas-nazirinin-azerbaycana-seferi-baslayib\" target=\"_blank\" rel=\"noopener\">m\u0259lumat payla\u015f\u0131b.<\/a><\/p>\n<p>&#8220;Az\u0259rbaycan. A\u0130 xaricin\u0259 ilk r\u0259smi s\u0259f\u0259rim yeni ba\u015flay\u0131r&#8221;, &#8211; dey\u0259 ba\u015f nazir yaz\u0131b.<\/p>\n<\/div>\n<div id=\"mvp-content-bot\" class=\"left\">\n<div class=\"news-gallery\"><img class=\"\" src=\"https:\/\/publika.az\/storage\/2026\/04\/26\/j7zo3cszz4krmoxzjygm7jntgfvpas6lz7bnzyy7_640.webp\" alt=\"Photo\" \/><img class=\"\" src=\"https:\/\/publika.az\/storage\/2026\/04\/26\/screenshot_20.jpg\" alt=\"Photo\" \/><img class=\"\" src=\"https:\/\/publika.az\/storage\/2026\/04\/26\/screenshot_19.jpg\" alt=\"Photo\" \/><\/div>\n<\/div>\n","protected":false},"excerpt":{"rendered":"<p>Aprelin 26-da \u00c7ex Respublikas\u0131n\u0131n Ba\u015f naziri Andrey Babi\u015f Az\u0259rbaycan Respublikas\u0131na r\u0259smi s\u0259f\u0259r\u0259 g\u0259lib. Publika.az\u00a0x\u0259b\u0259r verir ki, Q\u0259b\u0259l\u0259 Beyn\u0259lxalq Hava Liman\u0131nda \u00c7ex Respublikas\u0131n\u0131n Ba\u015f nazirinin \u015f\u0259r\u0259fin\u0259 f\u0259xri qarovul d\u0259st\u0259si d\u00fcz\u00fclm\u00fc\u015fd\u00fc. \u00c7exiyan\u0131n Ba\u015f naziri Andrey Babi\u015fi Az\u0259rbaycan\u0131n xarici i\u015fl\u0259r naziri Ceyhun Bayramov v\u0259 dig\u0259r r\u0259smi \u015f\u0259xsl\u0259r qar\u015f\u0131lad\u0131lar. *** \u00c7exiyan\u0131n Ba\u015f naziri Andrey Babi\u015f Avropa \u0130ttifaq\u0131 (A\u0130) h\u00fcdudlar\u0131ndan k\u0259nara ilk r\u0259smi s\u0259f\u0259rini Az\u0259rbaycana edir. Publika.az x\u0259b\u0259r verir ki, bu bar\u0259d\u0259 A.Babi\u015f &#8220;X&#8221; sosial \u015f\u0259b\u0259k\u0259 hesab\u0131nda\u00a0m\u0259lumat payla\u015f\u0131b. &#8220;Az\u0259rbaycan. A\u0130 xaricin\u0259 ilk r\u0259smi s\u0259f\u0259rim yeni ba\u015flay\u0131r&#8221;, &#8211; dey\u0259 ba\u015f nazir yaz\u0131b.<\/p>\n","protected":false},"author":2,"featured_media":849766,"comment_status":"closed","ping_status":"closed","sticky":false,"template":"","format":"standard","meta":{"om_disable_all_campaigns":false,"_monsterinsights_skip_tracking":false,"_monsterinsights_sitenote_active":false,"_monsterinsights_sitenote_note":"","_monsterinsights_sitenote_category":0},"categories":[4],"tags":[],"aioseo_notices":[],"gutentor_comment":0,"rttpg_featured_image_url":{"full":["https:\/\/arantv.az\/wp-content\/uploads\/2026\/04\/screenshot_17.jpg",823,444,false],"landscape":["https:\/\/arantv.az\/wp-content\/uploads\/2026\/04\/screenshot_17.jpg",823,444,false],"portraits":["https:\/\/arantv.az\/wp-content\/uploads\/2026\/04\/screenshot_17.jpg",823,444,false],"thumbnail":["https:\/\/arantv.az\/wp-content\/uploads\/2026\/04\/screenshot_17-500x280.jpg",500,280,true],"medium":["https:\/\/arantv.az\/wp-content\/uploads\/2026\/04\/screenshot_17-660x356.jpg",660,356,true],"large":["https:\/\/arantv.az\/wp-content\/uploads\/2026\/04\/screenshot_17.jpg",640,345,false],"1536x1536":["https:\/\/arantv.az\/wp-content\/uploads\/2026\/04\/screenshot_17.jpg",823,444,false],"2048x2048":["https:\/\/arantv.az\/wp-content\/uploads\/2026\/04\/screenshot_17.jpg",823,444,false],"post-thumbnail":["https:\/\/arantv.az\/wp-content\/uploads\/2026\/04\/screenshot_17-240x172.jpg",240,172,true],"advps-thumb-one":["https:\/\/arantv.az\/wp-content\/uploads\/2026\/04\/screenshot_17.jpg",823,444,false]},"rttpg_author":{"display_name":"V\u00fcsal Rafiqo\u011flu","author_link":"https:\/\/arantv.az\/?author=2"},"rttpg_comment":0,"rttpg_category":"<a href=\"https:\/\/arantv.az\/?cat=4\" rel=\"category\">Siyas\u0259t<\/a>","rttpg_excerpt":"Aprelin 26-da \u00c7ex Respublikas\u0131n\u0131n Ba\u015f naziri Andrey Babi\u015f Az\u0259rbaycan Respublikas\u0131na r\u0259smi s\u0259f\u0259r\u0259 g\u0259lib. Publika.az\u00a0x\u0259b\u0259r verir ki, Q\u0259b\u0259l\u0259 Beyn\u0259lxalq Hava Liman\u0131nda \u00c7ex Respublikas\u0131n\u0131n Ba\u015f nazirinin \u015f\u0259r\u0259fin\u0259 f\u0259xri qarovul d\u0259st\u0259si d\u00fcz\u00fclm\u00fc\u015fd\u00fc. \u00c7exiyan\u0131n Ba\u015f naziri Andrey Babi\u015fi Az\u0259rbaycan\u0131n xarici i\u015fl\u0259r naziri Ceyhun Bayramov v\u0259 dig\u0259r r\u0259smi \u015f\u0259xsl\u0259r qar\u015f\u0131lad\u0131lar. *** \u00c7exiyan\u0131n Ba\u015f naziri Andrey Babi\u015f Avropa \u0130ttifaq\u0131 (A\u0130) h\u00fcdudlar\u0131ndan&hellip;","_links":{"self":[{"href":"https:\/\/arantv.az\/index.php?rest_route=\/wp\/v2\/posts\/849765"}],"collection":[{"href":"https:\/\/arantv.az\/index.php?rest_route=\/wp\/v2\/posts"}],"about":[{"href":"https:\/\/arantv.az\/index.php?rest_route=\/wp\/v2\/types\/post"}],"author":[{"embeddable":true,"href":"https:\/\/arantv.az\/index.php?rest_route=\/wp\/v2\/users\/2"}],"replies":[{"embeddable":true,"href":"https:\/\/arantv.az\/index.php?rest_route=%2Fwp%2Fv2%2Fcomments&post=849765"}],"version-history":[{"count":1,"href":"https:\/\/arantv.az\/index.php?rest_route=\/wp\/v2\/posts\/849765\/revisions"}],"predecessor-version":[{"id":849767,"href":"https:\/\/arantv.az\/index.php?rest_route=\/wp\/v2\/posts\/849765\/revisions\/849767"}],"wp:featuredmedia":[{"embeddable":true,"href":"https:\/\/arantv.az\/index.php?rest_route=\/wp\/v2\/media\/849766"}],"wp:attachment":[{"href":"https:\/\/arantv.az\/index.php?rest_route=%2Fwp%2Fv2%2Fmedia&parent=849765"}],"wp:term":[{"taxonomy":"category","embeddable":true,"href":"https:\/\/arantv.az\/index.php?rest_route=%2Fwp%2Fv2%2Fcategories&post=849765"},{"taxonomy":"post_tag","embeddable":true,"href":"https:\/\/arantv.az\/index.php?rest_route=%2Fwp%2Fv2%2Ftags&post=849765"}],"curies":[{"name":"wp","href":"https:\/\/api.w.org\/{rel}","templated":true}]}}