{"id":849796,"date":"2026-04-27T10:37:25","date_gmt":"2026-04-27T06:37:25","guid":{"rendered":"https:\/\/arantv.az\/?p=849796"},"modified":"2026-04-27T10:37:25","modified_gmt":"2026-04-27T06:37:25","slug":"amnistiya-akti-22-935-s%c9%99xs%c9%99-samil-edildi","status":"publish","type":"post","link":"https:\/\/arantv.az\/?p=849796","title":{"rendered":"Amnistiya akt\u0131 22 935 \u015f\u0259xs\u0259 \u015famil edildi"},"content":{"rendered":"<div class=\"text-content\" data-id=\"\" data-url=\"\">\n<p><strong>\u201cKonstitusiya v\u0259 Suverenlik \u0130li\u201d m\u00fcnasib\u0259til\u0259 elan edilmi\u015f amnistiya akt\u0131 22.935 \u015f\u0259xs\u0259 \u015famil edilib.<\/strong><\/p>\n<p><strong>Musavat.com<\/strong>\u00a0x\u0259b\u0259r verir ki, bu bar\u0259d\u0259 \u018fdliyy\u0259 Nazirliyinin M\u0259tbuat xidm\u0259ti m\u0259lumat yay\u0131b.<\/p>\n<p>M\u0259lumata g\u00f6r\u0259, Prezidentin t\u0259\u015f\u0259bb\u00fcs\u00fc \u0259sas\u0131nda Milli M\u0259clis t\u0259r\u0259find\u0259n q\u0259bul edilmi\u015f \u201cKonstitusiya v\u0259 Suverenlik \u0130li\u201d m\u00fcnasib\u0259til\u0259 amnistiya elan edilm\u0259si haqq\u0131nda\u201d 19 dekabr 2025-ci il tarixli Q\u0259rar\u0131n icras\u0131 ba\u015fa \u00e7at\u0131b. Amnistiya akt\u0131n\u0131n icras\u0131 qeyri-h\u00f6kum\u0259t t\u0259\u015fkilatlar\u0131, media v\u0259 dig\u0259r v\u0259t\u0259nda\u015f c\u0259miyy\u0259ti n\u00fcmay\u0259nd\u0259l\u0259ri d\u0259 c\u0259lb edilm\u0259kl\u0259 4 ay m\u00fcdd\u0259tind\u0259 h\u0259yata ke\u00e7irilib:<\/p>\n<p>&#8220;D\u00f6vl\u0259tin humanizm siyas\u0259tinin n\u00f6vb\u0259ti t\u0259zah\u00fcr\u00fc olan bu q\u0259rar t\u0259tbiq olunan \u015f\u0259xsl\u0259rin say\u0131na g\u00f6r\u0259 indiy\u0259d\u0259k q\u0259bul edilmi\u015f \u0259n geni\u015f amnistiyad\u0131r. Bel\u0259 ki, sayca 13-c\u00fc olan bu amnistiya akt\u0131 \u00fcmumilikd\u0259 22.935 \u015f\u0259xs\u0259 \u015famil edilib. Amnistiya t\u0259tbiq olunan \u015f\u0259xsl\u0259rin 5.348-i m\u00fc\u0259yy\u0259n m\u00fcdd\u0259t\u0259 azadl\u0131qdan m\u0259hrumetm\u0259 c\u0259zas\u0131ndan azad edilib. Bundan \u0259lav\u0259, azadl\u0131qdan m\u0259hrumetm\u0259 c\u0259zas\u0131na m\u0259hkum edilmi\u015f 3.555 n\u0259f\u0259rin c\u0259zas\u0131n\u0131n \u00e7\u0259kilm\u0259mi\u015f m\u00fcdd\u0259ti 6 ay azald\u0131l\u0131b. Azadl\u0131qdan m\u0259hrum etm\u0259 il\u0259 \u0259laq\u0259dar olmayan c\u0259zalara m\u0259hkum edilmi\u015f 9.714 \u015f\u0259xs\u0259 d\u0259 amnistiya t\u0259tbiq edilib. Bel\u0259 ki, azadl\u0131\u011f\u0131n m\u0259hdudla\u015fd\u0131r\u0131lmas\u0131 c\u0259zas\u0131na m\u0259hkum edilmi\u015f 7.970, islah i\u015fl\u0259ri c\u0259zas\u0131na m\u0259hkum olunmu\u015f 734, ictimai i\u015fl\u0259r c\u0259zas\u0131na m\u0259hkum edilmi\u015f 82, c\u0259rim\u0259 c\u0259zas\u0131na m\u0259hkum edilmi\u015f 741, h\u0259rbi xidm\u0259t \u00fczr\u0259 m\u0259hdudla\u015fd\u0131rma c\u0259zas\u0131na m\u0259hkum edilmi\u015f 175, intizam xarakterli h\u0259rbi hiss\u0259d\u0259 saxlama c\u0259zas\u0131na m\u0259hkum edilmi\u015f 12 \u015f\u0259xs bu c\u0259zalardan azad edilib. Eyni zamanda \u015f\u0259rti m\u0259hkum edilmi\u015f, c\u0259zas\u0131n\u0131n \u00e7\u0259kilm\u0259si t\u0259xir\u0259 sal\u0131nm\u0131\u015f v\u0259 c\u0259zadan \u015f\u0259rti olaraq vaxt\u0131ndan \u0259vv\u0259l azad edilmi\u015f 1.059 m\u0259hkum bar\u0259sind\u0259 d\u0259 amnistiya t\u0259tbiq olunub. H\u0259m\u00e7inin m\u0259hk\u0259m\u0259l\u0259rin icraat\u0131nda olan i\u015fl\u0259r \u00fczr\u0259 1.676, ibtidai istintaq v\u0259 t\u0259hqiqat orqanlar\u0131n\u0131n icraat\u0131nda olan i\u015fl\u0259r \u00fczr\u0259 is\u0259 1.583 olmaqla, \u00fcmumilikd\u0259 3.259 \u015f\u0259xs cinay\u0259t m\u0259suliyy\u0259tind\u0259n azad edilib&#8221;.<\/p>\n<p>Qeyd edilib ki, 1996-c\u0131 ild\u0259n etibar\u0259n \u00fcmumilikd\u0259 q\u0259bul edilmi\u015f 13 amnistiya akt\u0131 d\u00f6vl\u0259tin c\u0259za siyas\u0259tind\u0259 humanizm\u0259, insan h\u00fcquqlar\u0131n\u0131n daha s\u0259m\u0259r\u0259li t\u0259minat\u0131na, sosial \u0259dal\u0259t\u0259, el\u0259c\u0259 d\u0259 b\u0259rpaedici yana\u015fmalara \u00fcst\u00fcnl\u00fck verdiyini bir daha n\u00fcmayi\u015f etdirir.<\/p>\n<\/div>\n<div><\/div>\n<div><\/div>\n<div class=\"inner-social-box\">\n<div class=\"subs-in-social subs-whatsapp\"><\/div>\n<\/div>\n","protected":false},"excerpt":{"rendered":"<p>\u201cKonstitusiya v\u0259 Suverenlik \u0130li\u201d m\u00fcnasib\u0259til\u0259 elan edilmi\u015f amnistiya akt\u0131 22.935 \u015f\u0259xs\u0259 \u015famil edilib. Musavat.com\u00a0x\u0259b\u0259r verir ki, bu bar\u0259d\u0259 \u018fdliyy\u0259 Nazirliyinin M\u0259tbuat xidm\u0259ti m\u0259lumat yay\u0131b. M\u0259lumata g\u00f6r\u0259, Prezidentin t\u0259\u015f\u0259bb\u00fcs\u00fc \u0259sas\u0131nda Milli M\u0259clis t\u0259r\u0259find\u0259n q\u0259bul edilmi\u015f \u201cKonstitusiya v\u0259 Suverenlik \u0130li\u201d m\u00fcnasib\u0259til\u0259 amnistiya elan edilm\u0259si haqq\u0131nda\u201d 19 dekabr 2025-ci il tarixli Q\u0259rar\u0131n icras\u0131 ba\u015fa \u00e7at\u0131b. Amnistiya akt\u0131n\u0131n icras\u0131 qeyri-h\u00f6kum\u0259t t\u0259\u015fkilatlar\u0131, media v\u0259 dig\u0259r v\u0259t\u0259nda\u015f c\u0259miyy\u0259ti n\u00fcmay\u0259nd\u0259l\u0259ri d\u0259 c\u0259lb edilm\u0259kl\u0259 4 ay m\u00fcdd\u0259tind\u0259 h\u0259yata ke\u00e7irilib: &#8220;D\u00f6vl\u0259tin humanizm siyas\u0259tinin n\u00f6vb\u0259ti t\u0259zah\u00fcr\u00fc olan bu q\u0259rar t\u0259tbiq olunan \u015f\u0259xsl\u0259rin say\u0131na g\u00f6r\u0259 indiy\u0259d\u0259k q\u0259bul edilmi\u015f \u0259n geni\u015f amnistiyad\u0131r.&hellip;<\/p>\n","protected":false},"author":2,"featured_media":849797,"comment_status":"closed","ping_status":"closed","sticky":false,"template":"","format":"standard","meta":{"om_disable_all_campaigns":false,"_monsterinsights_skip_tracking":false,"_monsterinsights_sitenote_active":false,"_monsterinsights_sitenote_note":"","_monsterinsights_sitenote_category":0},"categories":[1],"tags":[],"aioseo_notices":[],"gutentor_comment":0,"rttpg_featured_image_url":{"full":["https:\/\/arantv.az\/wp-content\/uploads\/2026\/04\/ca8ddc204a3c3e88252c07bb14afe69f.jpg",576,397,false],"landscape":["https:\/\/arantv.az\/wp-content\/uploads\/2026\/04\/ca8ddc204a3c3e88252c07bb14afe69f.jpg",576,397,false],"portraits":["https:\/\/arantv.az\/wp-content\/uploads\/2026\/04\/ca8ddc204a3c3e88252c07bb14afe69f.jpg",576,397,false],"thumbnail":["https:\/\/arantv.az\/wp-content\/uploads\/2026\/04\/ca8ddc204a3c3e88252c07bb14afe69f-500x280.jpg",500,280,true],"medium":["https:\/\/arantv.az\/wp-content\/uploads\/2026\/04\/ca8ddc204a3c3e88252c07bb14afe69f-530x365.jpg",530,365,true],"large":["https:\/\/arantv.az\/wp-content\/uploads\/2026\/04\/ca8ddc204a3c3e88252c07bb14afe69f.jpg",576,397,false],"1536x1536":["https:\/\/arantv.az\/wp-content\/uploads\/2026\/04\/ca8ddc204a3c3e88252c07bb14afe69f.jpg",576,397,false],"2048x2048":["https:\/\/arantv.az\/wp-content\/uploads\/2026\/04\/ca8ddc204a3c3e88252c07bb14afe69f.jpg",576,397,false],"post-thumbnail":["https:\/\/arantv.az\/wp-content\/uploads\/2026\/04\/ca8ddc204a3c3e88252c07bb14afe69f-240x172.jpg",240,172,true],"advps-thumb-one":["https:\/\/arantv.az\/wp-content\/uploads\/2026\/04\/ca8ddc204a3c3e88252c07bb14afe69f.jpg",576,397,false]},"rttpg_author":{"display_name":"V\u00fcsal Rafiqo\u011flu","author_link":"https:\/\/arantv.az\/?author=2"},"rttpg_comment":0,"rttpg_category":"<a href=\"https:\/\/arantv.az\/?cat=1\" rel=\"category\">C\u0259miyy\u0259t<\/a>","rttpg_excerpt":"\u201cKonstitusiya v\u0259 Suverenlik \u0130li\u201d m\u00fcnasib\u0259til\u0259 elan edilmi\u015f amnistiya akt\u0131 22.935 \u015f\u0259xs\u0259 \u015famil edilib. Musavat.com\u00a0x\u0259b\u0259r verir ki, bu bar\u0259d\u0259 \u018fdliyy\u0259 Nazirliyinin M\u0259tbuat xidm\u0259ti m\u0259lumat yay\u0131b. M\u0259lumata g\u00f6r\u0259, Prezidentin t\u0259\u015f\u0259bb\u00fcs\u00fc \u0259sas\u0131nda Milli M\u0259clis t\u0259r\u0259find\u0259n q\u0259bul edilmi\u015f \u201cKonstitusiya v\u0259 Suverenlik \u0130li\u201d m\u00fcnasib\u0259til\u0259 amnistiya elan edilm\u0259si haqq\u0131nda\u201d 19 dekabr 2025-ci il tarixli Q\u0259rar\u0131n icras\u0131 ba\u015fa \u00e7at\u0131b. Amnistiya akt\u0131n\u0131n icras\u0131&hellip;","_links":{"self":[{"href":"https:\/\/arantv.az\/index.php?rest_route=\/wp\/v2\/posts\/849796"}],"collection":[{"href":"https:\/\/arantv.az\/index.php?rest_route=\/wp\/v2\/posts"}],"about":[{"href":"https:\/\/arantv.az\/index.php?rest_route=\/wp\/v2\/types\/post"}],"author":[{"embeddable":true,"href":"https:\/\/arantv.az\/index.php?rest_route=\/wp\/v2\/users\/2"}],"replies":[{"embeddable":true,"href":"https:\/\/arantv.az\/index.php?rest_route=%2Fwp%2Fv2%2Fcomments&post=849796"}],"version-history":[{"count":1,"href":"https:\/\/arantv.az\/index.php?rest_route=\/wp\/v2\/posts\/849796\/revisions"}],"predecessor-version":[{"id":849798,"href":"https:\/\/arantv.az\/index.php?rest_route=\/wp\/v2\/posts\/849796\/revisions\/849798"}],"wp:featuredmedia":[{"embeddable":true,"href":"https:\/\/arantv.az\/index.php?rest_route=\/wp\/v2\/media\/849797"}],"wp:attachment":[{"href":"https:\/\/arantv.az\/index.php?rest_route=%2Fwp%2Fv2%2Fmedia&parent=849796"}],"wp:term":[{"taxonomy":"category","embeddable":true,"href":"https:\/\/arantv.az\/index.php?rest_route=%2Fwp%2Fv2%2Fcategories&post=849796"},{"taxonomy":"post_tag","embeddable":true,"href":"https:\/\/arantv.az\/index.php?rest_route=%2Fwp%2Fv2%2Ftags&post=849796"}],"curies":[{"name":"wp","href":"https:\/\/api.w.org\/{rel}","templated":true}]}}