{"id":849799,"date":"2026-04-27T10:59:40","date_gmt":"2026-04-27T06:59:40","guid":{"rendered":"https:\/\/arantv.az\/?p=849799"},"modified":"2026-04-27T10:59:40","modified_gmt":"2026-04-27T06:59:40","slug":"kur-cayinin-asagi-axininda-movcud-v%c9%99ziyy%c9%99t-bar%c9%99d%c9%99-m%c9%99lumat","status":"publish","type":"post","link":"https:\/\/arantv.az\/?p=849799","title":{"rendered":"K\u00fcr \u00e7ay\u0131n\u0131n a\u015fa\u011f\u0131 ax\u0131n\u0131nda m\u00f6vcud v\u0259ziyy\u0259t bar\u0259d\u0259 M\u018fLUMAT"},"content":{"rendered":"<p>M\u0259lum oldu\u011fu kimi, mart ay\u0131n\u0131n sonundan ba\u015flayaraq, respublikan\u0131n b\u00fct\u00fcn b\u00f6lg\u0259l\u0259rind\u0259 intensiv ya\u011f\u0131\u015flar n\u0259tic\u0259sind\u0259 transs\u0259rh\u0259d \u00e7aylar\u0131nda, el\u0259c\u0259 d\u0259 daxili \u00e7aylarda g\u00fcrsululuq m\u00fc\u015fahid\u0259 olunmu\u015fdur. Ekologiya v\u0259 T\u0259bii S\u0259rv\u0259tl\u0259r Nazirliyinin proqnoz m\u0259lumatlar\u0131na \u0259sas\u0259n, K\u00fcr \u00e7ay\u0131 \u00fcz\u0259rind\u0259 yerl\u0259\u015f\u0259n \u015e\u0259mkir v\u0259 Ming\u0259\u00e7evir su anbarlar\u0131na may-iyun aylar\u0131nda daha art\u0131q su h\u0259cminin daxil olaca\u011f\u0131 n\u0259z\u0259r\u0259 al\u0131naraq, aidiyy\u0259ti qurumlarla raz\u0131la\u015fd\u0131r\u0131laraq 13 aprel tarixind\u0259n Ming\u0259\u00e7evir su anbar\u0131ndan K\u00fcr \u00e7ay\u0131n\u0131n a\u015fa\u011f\u0131 ax\u0131n\u0131na saniy\u0259d\u0259 500 kbm, 17 aprel tarixind\u0259n is\u0259 700 kbm suyun burax\u0131lmas\u0131 q\u0259rara al\u0131nm\u0131\u015fd\u0131r. Eyni vaxtda K\u00fcr \u00e7ay\u0131na sa\u011f v\u0259 sol qollar\u0131ndan qo\u015fulan A\u011fstafa\u00e7ay, Qarqar\u00e7ay, T\u00fcryan\u00e7ay, A\u011fsu\u00e7ay, G\u00f6y\u00e7ay v\u0259 Girdman\u00e7ay \u00e7aylar\u0131 vasit\u0259sil\u0259 daxil olan su h\u0259cml\u0259ri artm\u0131\u015f, h\u0259m\u00e7inin ya\u011f\u0131nt\u0131 s\u0259b\u0259bil\u0259 K\u00fcr \u00e7ay\u0131 \u00fcz\u0259rind\u0259 yerl\u0259\u015f\u0259n nasos stansiyalar\u0131n\u0131n i\u015fl\u0259dilm\u0259sin\u0259 ehtiyac olmam\u0131\u015f v\u0259 n\u0259tic\u0259d\u0259 bir s\u0131ra rayonlarda lokal \u0259razil\u0259rd\u0259 \u00e7ay\u0131n k\u00f6m\u0259k\u00e7i b\u0259ndind\u0259n su s\u0131zmalar\u0131 ba\u015f vermi\u015f, m\u00fchafiz\u0259 zonas\u0131nda olan bir ne\u00e7\u0259 ya\u015fay\u0131\u015f evl\u0259rinin h\u0259y\u0259tyan\u0131 sah\u0259l\u0259rinin v\u0259 \u00f6r\u00fc\u015f torpaqlar\u0131n\u0131n su basma faktlar\u0131 qeyd\u0259 al\u0131nm\u0131\u015fd\u0131r.<\/p>\n<p><strong>\u201c\u0130ki sahil\u201d x\u0259b\u0259r verir ki,<\/strong>\u00a0m\u00f6vcud v\u0259ziyy\u0259t n\u0259z\u0259r\u0259 al\u0131naraq, ba\u015f ver\u0259 bil\u0259c\u0259k f\u0259sadlar\u0131n vaxt\u0131nda qar\u015f\u0131s\u0131n\u0131n al\u0131nmas\u0131, aidiyy\u0259ti qurumlar v\u0259 yerli istismar idar\u0259l\u0259ri il\u0259 koordinasiyal\u0131 f\u0259aliyy\u0259ti t\u0259min edilm\u0259si m\u0259qs\u0259dil\u0259 Az\u0259rbaycan D\u00f6vl\u0259t Su Ehtiyatlar\u0131 Agentliyinin tabeliyind\u0259 Regional Su Meliorasiya Xidm\u0259tinin r\u0259hb\u0259rliyi v\u0259 aidiyy\u0259ti \u015f\u00f6b\u0259l\u0259rinin m\u00fct\u0259x\u0259ssisl\u0259ri yerl\u0259r\u0259 ezam olunmu\u015f, yarana bil\u0259c\u0259k f\u0259sadlar\u0131n qar\u015f\u0131s\u0131n\u0131n al\u0131nmas\u0131 \u00fc\u00e7\u00fcn qabaqlay\u0131c\u0131 t\u0259dbirl\u0259r h\u0259yata ke\u00e7irilmi\u015fdir.<\/p>\n<p>\u00d6lk\u0259 \u0259razisind\u0259 su ehtiyatlar\u0131ndan s\u0259m\u0259r\u0259li istifad\u0259nin t\u0259min edilm\u0259si, su t\u0259s\u0259rr\u00fcfat\u0131n\u0131n idar\u0259 olunmas\u0131n\u0131n t\u0259kmill\u0259\u015fdirilm\u0259si v\u0259 bu sah\u0259d\u0259 f\u0259aliyy\u0259tin \u0259laq\u0259l\u0259ndirilm\u0259si m\u0259qs\u0259dil\u0259 Az\u0259rbaycan Respublikas\u0131 Prezidentinin 15 aprel 2020-ci il tarixli S\u0259r\u0259ncam\u0131 il\u0259 yarad\u0131lm\u0131\u015f Komissiyan\u0131n 23 aprel 2026-c\u0131 il tarixind\u0259 ke\u00e7iririlmi\u015f iclas\u0131nda aidiyy\u0259ti qurumlar\u0131n t\u0259klifl\u0259ri n\u0259z\u0259r\u0259 al\u0131naraq, Ming\u0259\u00e7evir su anbar\u0131n\u0131n\u0131n i\u015f rejimin\u0259 g\u00fcnd\u0259lik n\u0259zar\u0259t olunmas\u0131 v\u0259 h\u0259ft\u0259lik rejiml\u0259r t\u0259sdiq olunmaqla K\u00fcr \u00e7ay\u0131n\u0131n a\u015fa\u011f\u0131 ax\u0131n\u0131na suyun burax\u0131lmas\u0131 q\u0259rara al\u0131nm\u0131\u015fd\u0131r.<\/p>\n<p>24 aprel tarixind\u0259n K\u00fcr \u00e7ay\u0131nda suyun s\u0259viyy\u0259sinin t\u0259dric\u0259n enm\u0259si m\u00fc\u015fahid\u0259 olunmu\u015f v\u0259 ayr\u0131-ayr\u0131 rayonlar\u0131n \u0259razisind\u0259 30-105 sm aras\u0131nda d\u0259yi\u015fdiyi m\u00fc\u0259yy\u0259n edilmi\u015fdir. Haz\u0131rda K\u00fcr \u00e7ay\u0131n\u0131n m\u0259cras\u0131 il\u0259 suyun mane\u0259siz X\u0259z\u0259r d\u0259nizin\u0259 ax\u0131d\u0131lmas\u0131 t\u0259min edilir,\u00a0 su basma t\u0259hl\u00fck\u0259si s\u0259b\u0259bind\u0259n yerli istismar idar\u0259l\u0259ri t\u0259r\u0259find\u0259n t\u0259hl\u00fck\u0259siz \u0259raziy\u0259 t\u0259xliy\u0259 edilmi\u015f nasos aqreqatlar\u0131, nasos v\u0259 elektrik avadanl\u0131qlar\u0131 yerin\u0259 qura\u015fd\u0131r\u0131l\u0131r, su basm\u0131\u015f \u0259razil\u0259rd\u0259n su t\u0259dric\u0259n k\u0259narla\u015fd\u0131r\u0131l\u0131r v\u0259 \u0259hali g\u00fcnd\u0259lik normal t\u0259s\u0259rr\u00fcfat f\u0259aliyy\u0259tini davam etdirir. \u018fhali t\u0259r\u0259find\u0259n \u00f6lk\u0259 r\u0259hb\u0259rliyin\u0259, el\u0259c\u0259 d\u0259 yaranan\u00a0 \u00e7\u0259tinlikl\u0259rin q\u0131sa m\u00fcdd\u0259td\u0259 aradan qald\u0131r\u0131lmas\u0131nda g\u00f6st\u0259ril\u0259n k\u00f6m\u0259kliy\u0259 v\u0259 operativliy\u0259\u00a0 g\u00f6r\u0259 aidiyy\u0259ti qurumlara minn\u0259tdarl\u0131q bildirilir.<\/p>\n","protected":false},"excerpt":{"rendered":"<p>M\u0259lum oldu\u011fu kimi, mart ay\u0131n\u0131n sonundan ba\u015flayaraq, respublikan\u0131n b\u00fct\u00fcn b\u00f6lg\u0259l\u0259rind\u0259 intensiv ya\u011f\u0131\u015flar n\u0259tic\u0259sind\u0259 transs\u0259rh\u0259d \u00e7aylar\u0131nda, el\u0259c\u0259 d\u0259 daxili \u00e7aylarda g\u00fcrsululuq m\u00fc\u015fahid\u0259 olunmu\u015fdur. Ekologiya v\u0259 T\u0259bii S\u0259rv\u0259tl\u0259r Nazirliyinin proqnoz m\u0259lumatlar\u0131na \u0259sas\u0259n, K\u00fcr \u00e7ay\u0131 \u00fcz\u0259rind\u0259 yerl\u0259\u015f\u0259n \u015e\u0259mkir v\u0259 Ming\u0259\u00e7evir su anbarlar\u0131na may-iyun aylar\u0131nda daha art\u0131q su h\u0259cminin daxil olaca\u011f\u0131 n\u0259z\u0259r\u0259 al\u0131naraq, aidiyy\u0259ti qurumlarla raz\u0131la\u015fd\u0131r\u0131laraq 13 aprel tarixind\u0259n Ming\u0259\u00e7evir su anbar\u0131ndan K\u00fcr \u00e7ay\u0131n\u0131n a\u015fa\u011f\u0131 ax\u0131n\u0131na saniy\u0259d\u0259 500 kbm, 17 aprel tarixind\u0259n is\u0259 700 kbm suyun burax\u0131lmas\u0131 q\u0259rara al\u0131nm\u0131\u015fd\u0131r. Eyni vaxtda K\u00fcr \u00e7ay\u0131na sa\u011f v\u0259 sol qollar\u0131ndan qo\u015fulan A\u011fstafa\u00e7ay, Qarqar\u00e7ay, T\u00fcryan\u00e7ay, A\u011fsu\u00e7ay, G\u00f6y\u00e7ay v\u0259&hellip;<\/p>\n","protected":false},"author":2,"featured_media":849800,"comment_status":"closed","ping_status":"closed","sticky":false,"template":"","format":"standard","meta":{"om_disable_all_campaigns":false,"_monsterinsights_skip_tracking":false,"_monsterinsights_sitenote_active":false,"_monsterinsights_sitenote_note":"","_monsterinsights_sitenote_category":0},"categories":[1],"tags":[],"aioseo_notices":[],"gutentor_comment":0,"rttpg_featured_image_url":{"full":["https:\/\/arantv.az\/wp-content\/uploads\/2026\/04\/fbfe5ba2174505209220204751210693630.jpg",975,540,false],"landscape":["https:\/\/arantv.az\/wp-content\/uploads\/2026\/04\/fbfe5ba2174505209220204751210693630.jpg",975,540,false],"portraits":["https:\/\/arantv.az\/wp-content\/uploads\/2026\/04\/fbfe5ba2174505209220204751210693630.jpg",975,540,false],"thumbnail":["https:\/\/arantv.az\/wp-content\/uploads\/2026\/04\/fbfe5ba2174505209220204751210693630-500x280.jpg",500,280,true],"medium":["https:\/\/arantv.az\/wp-content\/uploads\/2026\/04\/fbfe5ba2174505209220204751210693630-660x365.jpg",660,365,true],"large":["https:\/\/arantv.az\/wp-content\/uploads\/2026\/04\/fbfe5ba2174505209220204751210693630-840x465.jpg",640,354,true],"1536x1536":["https:\/\/arantv.az\/wp-content\/uploads\/2026\/04\/fbfe5ba2174505209220204751210693630.jpg",975,540,false],"2048x2048":["https:\/\/arantv.az\/wp-content\/uploads\/2026\/04\/fbfe5ba2174505209220204751210693630.jpg",975,540,false],"post-thumbnail":["https:\/\/arantv.az\/wp-content\/uploads\/2026\/04\/fbfe5ba2174505209220204751210693630-240x172.jpg",240,172,true],"advps-thumb-one":["https:\/\/arantv.az\/wp-content\/uploads\/2026\/04\/fbfe5ba2174505209220204751210693630.jpg",975,540,false]},"rttpg_author":{"display_name":"V\u00fcsal Rafiqo\u011flu","author_link":"https:\/\/arantv.az\/?author=2"},"rttpg_comment":0,"rttpg_category":"<a href=\"https:\/\/arantv.az\/?cat=1\" rel=\"category\">C\u0259miyy\u0259t<\/a>","rttpg_excerpt":"M\u0259lum oldu\u011fu kimi, mart ay\u0131n\u0131n sonundan ba\u015flayaraq, respublikan\u0131n b\u00fct\u00fcn b\u00f6lg\u0259l\u0259rind\u0259 intensiv ya\u011f\u0131\u015flar n\u0259tic\u0259sind\u0259 transs\u0259rh\u0259d \u00e7aylar\u0131nda, el\u0259c\u0259 d\u0259 daxili \u00e7aylarda g\u00fcrsululuq m\u00fc\u015fahid\u0259 olunmu\u015fdur. Ekologiya v\u0259 T\u0259bii S\u0259rv\u0259tl\u0259r Nazirliyinin proqnoz m\u0259lumatlar\u0131na \u0259sas\u0259n, K\u00fcr \u00e7ay\u0131 \u00fcz\u0259rind\u0259 yerl\u0259\u015f\u0259n \u015e\u0259mkir v\u0259 Ming\u0259\u00e7evir su anbarlar\u0131na may-iyun aylar\u0131nda daha art\u0131q su h\u0259cminin daxil olaca\u011f\u0131 n\u0259z\u0259r\u0259 al\u0131naraq, aidiyy\u0259ti qurumlarla raz\u0131la\u015fd\u0131r\u0131laraq 13 aprel tarixind\u0259n&hellip;","_links":{"self":[{"href":"https:\/\/arantv.az\/index.php?rest_route=\/wp\/v2\/posts\/849799"}],"collection":[{"href":"https:\/\/arantv.az\/index.php?rest_route=\/wp\/v2\/posts"}],"about":[{"href":"https:\/\/arantv.az\/index.php?rest_route=\/wp\/v2\/types\/post"}],"author":[{"embeddable":true,"href":"https:\/\/arantv.az\/index.php?rest_route=\/wp\/v2\/users\/2"}],"replies":[{"embeddable":true,"href":"https:\/\/arantv.az\/index.php?rest_route=%2Fwp%2Fv2%2Fcomments&post=849799"}],"version-history":[{"count":1,"href":"https:\/\/arantv.az\/index.php?rest_route=\/wp\/v2\/posts\/849799\/revisions"}],"predecessor-version":[{"id":849801,"href":"https:\/\/arantv.az\/index.php?rest_route=\/wp\/v2\/posts\/849799\/revisions\/849801"}],"wp:featuredmedia":[{"embeddable":true,"href":"https:\/\/arantv.az\/index.php?rest_route=\/wp\/v2\/media\/849800"}],"wp:attachment":[{"href":"https:\/\/arantv.az\/index.php?rest_route=%2Fwp%2Fv2%2Fmedia&parent=849799"}],"wp:term":[{"taxonomy":"category","embeddable":true,"href":"https:\/\/arantv.az\/index.php?rest_route=%2Fwp%2Fv2%2Fcategories&post=849799"},{"taxonomy":"post_tag","embeddable":true,"href":"https:\/\/arantv.az\/index.php?rest_route=%2Fwp%2Fv2%2Ftags&post=849799"}],"curies":[{"name":"wp","href":"https:\/\/api.w.org\/{rel}","templated":true}]}}