{"id":849812,"date":"2026-04-27T11:31:30","date_gmt":"2026-04-27T07:31:30","guid":{"rendered":"https:\/\/arantv.az\/?p=849812"},"modified":"2026-04-27T11:31:30","modified_gmt":"2026-04-27T07:31:30","slug":"mayda-14-gun-is-olmayacaq-3","status":"publish","type":"post","link":"https:\/\/arantv.az\/?p=849812","title":{"rendered":"Mayda 14 g\u00fcn i\u015f OLMAYACAQ"},"content":{"rendered":"<p>2026-c\u0131 ilin istehsalat t\u0259qvimin\u0259 \u0259sas\u0259n, may ay\u0131nda Az\u0259rbaycanda qeyri-i\u015f g\u00fcnl\u0259rinin say\u0131 dig\u0259r aylarla m\u00fcqayis\u0259d\u0259 daha \u00e7ox olacaq.<\/p>\n<p>Musavat.com\u00a0x\u0259b\u0259r verir ki, 9 May\u0131n (Fa\u015fizm \u00fcz\u0259rind\u0259 Q\u0259l\u0259b\u0259 G\u00fcn\u00fc) \u015f\u0259nb\u0259 g\u00fcn\u00fcn\u0259 d\u00fc\u015fm\u0259si s\u0259b\u0259bind\u0259n, \u018fm\u0259k M\u0259c\u0259ll\u0259sin\u0259 uy\u011fun olaraq 11 may (bazar ert\u0259si) d\u0259 qeyri-i\u015f g\u00fcn\u00fc elan edil\u0259c\u0259k. Bununla da, 9, 10 v\u0259 11 may tarixl\u0259ri ard\u0131c\u0131l istirah\u0259t g\u00fcnl\u0259ri olacaq.<\/p>\n<p>Eyni zamanda, mart ay\u0131nda oldu\u011fu kimi, mayda da iki bayram &#8211; Qurban bayram\u0131 (27-28 may tarixl\u0259ri) v\u0259 M\u00fcst\u0259qillik G\u00fcn\u00fc (28 May) eyni d\u00f6vr\u0259 t\u0259sad\u00fcf edir. Bu s\u0259b\u0259bd\u0259n 29 may da qeyri-i\u015f g\u00fcn\u00fc say\u0131lacaq. Bel\u0259likl\u0259, 27, 28, 29 may tarixl\u0259ri il\u0259 yana\u015f\u0131, 30 v\u0259 31 may (h\u0259ft\u0259sonu) da istirah\u0259t g\u00fcnl\u0259ri olacaq.<\/p>\n<p>N\u0259tic\u0259d\u0259, may ay\u0131nda \u015f\u0259nb\u0259-bazar g\u00fcnl\u0259ri d\u0259 daxil olmaqla \u00fcmumilikd\u0259 14 g\u00fcn qeyri-i\u015f g\u00fcn\u00fc olacaq. N\u00f6vb\u0259ti i\u015f g\u00fcn\u00fc is\u0259 1 iyun tarixind\u0259n ba\u015flayacaq.<\/p>\n","protected":false},"excerpt":{"rendered":"<p>2026-c\u0131 ilin istehsalat t\u0259qvimin\u0259 \u0259sas\u0259n, may ay\u0131nda Az\u0259rbaycanda qeyri-i\u015f g\u00fcnl\u0259rinin say\u0131 dig\u0259r aylarla m\u00fcqayis\u0259d\u0259 daha \u00e7ox olacaq. Musavat.com\u00a0x\u0259b\u0259r verir ki, 9 May\u0131n (Fa\u015fizm \u00fcz\u0259rind\u0259 Q\u0259l\u0259b\u0259 G\u00fcn\u00fc) \u015f\u0259nb\u0259 g\u00fcn\u00fcn\u0259 d\u00fc\u015fm\u0259si s\u0259b\u0259bind\u0259n, \u018fm\u0259k M\u0259c\u0259ll\u0259sin\u0259 uy\u011fun olaraq 11 may (bazar ert\u0259si) d\u0259 qeyri-i\u015f g\u00fcn\u00fc elan edil\u0259c\u0259k. Bununla da, 9, 10 v\u0259 11 may tarixl\u0259ri ard\u0131c\u0131l istirah\u0259t g\u00fcnl\u0259ri olacaq. Eyni zamanda, mart ay\u0131nda oldu\u011fu kimi, mayda da iki bayram &#8211; Qurban bayram\u0131 (27-28 may tarixl\u0259ri) v\u0259 M\u00fcst\u0259qillik G\u00fcn\u00fc (28 May) eyni d\u00f6vr\u0259 t\u0259sad\u00fcf edir. Bu s\u0259b\u0259bd\u0259n 29 may da qeyri-i\u015f g\u00fcn\u00fc say\u0131lacaq. Bel\u0259likl\u0259, 27,&hellip;<\/p>\n","protected":false},"author":2,"featured_media":849813,"comment_status":"closed","ping_status":"closed","sticky":false,"template":"","format":"standard","meta":{"om_disable_all_campaigns":false,"_monsterinsights_skip_tracking":false,"_monsterinsights_sitenote_active":false,"_monsterinsights_sitenote_note":"","_monsterinsights_sitenote_category":0},"categories":[1],"tags":[],"aioseo_notices":[],"gutentor_comment":0,"rttpg_featured_image_url":{"full":["https:\/\/arantv.az\/wp-content\/uploads\/2026\/04\/e070b64fc895a6f4d82bedc2a8f66849.jpg",800,500,false],"landscape":["https:\/\/arantv.az\/wp-content\/uploads\/2026\/04\/e070b64fc895a6f4d82bedc2a8f66849.jpg",800,500,false],"portraits":["https:\/\/arantv.az\/wp-content\/uploads\/2026\/04\/e070b64fc895a6f4d82bedc2a8f66849.jpg",800,500,false],"thumbnail":["https:\/\/arantv.az\/wp-content\/uploads\/2026\/04\/e070b64fc895a6f4d82bedc2a8f66849-500x280.jpg",500,280,true],"medium":["https:\/\/arantv.az\/wp-content\/uploads\/2026\/04\/e070b64fc895a6f4d82bedc2a8f66849-584x365.jpg",584,365,true],"large":["https:\/\/arantv.az\/wp-content\/uploads\/2026\/04\/e070b64fc895a6f4d82bedc2a8f66849.jpg",640,400,false],"1536x1536":["https:\/\/arantv.az\/wp-content\/uploads\/2026\/04\/e070b64fc895a6f4d82bedc2a8f66849.jpg",800,500,false],"2048x2048":["https:\/\/arantv.az\/wp-content\/uploads\/2026\/04\/e070b64fc895a6f4d82bedc2a8f66849.jpg",800,500,false],"post-thumbnail":["https:\/\/arantv.az\/wp-content\/uploads\/2026\/04\/e070b64fc895a6f4d82bedc2a8f66849-240x172.jpg",240,172,true],"advps-thumb-one":["https:\/\/arantv.az\/wp-content\/uploads\/2026\/04\/e070b64fc895a6f4d82bedc2a8f66849.jpg",800,500,false]},"rttpg_author":{"display_name":"V\u00fcsal Rafiqo\u011flu","author_link":"https:\/\/arantv.az\/?author=2"},"rttpg_comment":0,"rttpg_category":"<a href=\"https:\/\/arantv.az\/?cat=1\" rel=\"category\">C\u0259miyy\u0259t<\/a>","rttpg_excerpt":"2026-c\u0131 ilin istehsalat t\u0259qvimin\u0259 \u0259sas\u0259n, may ay\u0131nda Az\u0259rbaycanda qeyri-i\u015f g\u00fcnl\u0259rinin say\u0131 dig\u0259r aylarla m\u00fcqayis\u0259d\u0259 daha \u00e7ox olacaq. Musavat.com\u00a0x\u0259b\u0259r verir ki, 9 May\u0131n (Fa\u015fizm \u00fcz\u0259rind\u0259 Q\u0259l\u0259b\u0259 G\u00fcn\u00fc) \u015f\u0259nb\u0259 g\u00fcn\u00fcn\u0259 d\u00fc\u015fm\u0259si s\u0259b\u0259bind\u0259n, \u018fm\u0259k M\u0259c\u0259ll\u0259sin\u0259 uy\u011fun olaraq 11 may (bazar ert\u0259si) d\u0259 qeyri-i\u015f g\u00fcn\u00fc elan edil\u0259c\u0259k. Bununla da, 9, 10 v\u0259 11 may tarixl\u0259ri ard\u0131c\u0131l istirah\u0259t g\u00fcnl\u0259ri olacaq.&hellip;","_links":{"self":[{"href":"https:\/\/arantv.az\/index.php?rest_route=\/wp\/v2\/posts\/849812"}],"collection":[{"href":"https:\/\/arantv.az\/index.php?rest_route=\/wp\/v2\/posts"}],"about":[{"href":"https:\/\/arantv.az\/index.php?rest_route=\/wp\/v2\/types\/post"}],"author":[{"embeddable":true,"href":"https:\/\/arantv.az\/index.php?rest_route=\/wp\/v2\/users\/2"}],"replies":[{"embeddable":true,"href":"https:\/\/arantv.az\/index.php?rest_route=%2Fwp%2Fv2%2Fcomments&post=849812"}],"version-history":[{"count":1,"href":"https:\/\/arantv.az\/index.php?rest_route=\/wp\/v2\/posts\/849812\/revisions"}],"predecessor-version":[{"id":849814,"href":"https:\/\/arantv.az\/index.php?rest_route=\/wp\/v2\/posts\/849812\/revisions\/849814"}],"wp:featuredmedia":[{"embeddable":true,"href":"https:\/\/arantv.az\/index.php?rest_route=\/wp\/v2\/media\/849813"}],"wp:attachment":[{"href":"https:\/\/arantv.az\/index.php?rest_route=%2Fwp%2Fv2%2Fmedia&parent=849812"}],"wp:term":[{"taxonomy":"category","embeddable":true,"href":"https:\/\/arantv.az\/index.php?rest_route=%2Fwp%2Fv2%2Fcategories&post=849812"},{"taxonomy":"post_tag","embeddable":true,"href":"https:\/\/arantv.az\/index.php?rest_route=%2Fwp%2Fv2%2Ftags&post=849812"}],"curies":[{"name":"wp","href":"https:\/\/api.w.org\/{rel}","templated":true}]}}