{"id":849819,"date":"2026-04-27T11:41:46","date_gmt":"2026-04-27T07:41:46","guid":{"rendered":"https:\/\/arantv.az\/?p=849819"},"modified":"2026-04-27T11:41:46","modified_gmt":"2026-04-27T07:41:46","slug":"leyla-%c9%99liyeva-ona-qolbagini-bagisladi","status":"publish","type":"post","link":"https:\/\/arantv.az\/?p=849819","title":{"rendered":"Leyla \u018fliyeva ona qolba\u011f\u0131n\u0131 ba\u011f\u0131\u015flad\u0131"},"content":{"rendered":"<p><strong>X\u0259b\u0259r verdiyimiz kimi, Heyd\u0259r \u018fliyev Fondunun vitse-prezidenti Leyla \u018fliyeva bu g\u00fcn \u0130smay\u0131ll\u0131 rayonuna s\u0259f\u0259r edib.<\/strong><\/p>\n<p>S\u0259f\u0259r \u00e7\u0259r\u00e7iv\u0259sind\u0259 o, \u0130smay\u0131ll\u0131 UADM binas\u0131 il\u0259 tan\u0131\u015f olub, h\u0259m\u00e7inin U\u015faq S\u0259firl\u0259r M\u0259clisinin (USM) \u0130smay\u0131ll\u0131 rayonu \u00fczr\u0259 n\u00fcmay\u0259nd\u0259l\u0259ri v\u0259 rayon f\u0259allar\u0131 il\u0259 g\u00f6r\u00fc\u015f\u00fcb.<\/p>\n<p>G\u00f6r\u00fc\u015f zaman\u0131 USM-in f\u0259aliyy\u0259ti, h\u0259yata ke\u00e7iril\u0259n layih\u0259l\u0259r v\u0259 g\u0259l\u0259c\u0259k planlar bar\u0259d\u0259 \u0259trafl\u0131 m\u0259lumat t\u0259qdim olunub. \u0130smay\u0131ll\u0131 \u015f\u0259h\u0259r 2 n\u00f6mr\u0259li tam orta m\u0259kt\u0259bin X sinif \u015fagirdi Ruh\u0259ngiz Qas\u0131mova, USM-in \u0130smay\u0131ll\u0131 rayonu \u00fczr\u0259 n\u00fcmay\u0259nd\u0259si kimi \u00e7\u0131x\u0131\u015f ed\u0259r\u0259k g\u00f6r\u00fcl\u0259n i\u015fl\u0259r v\u0259 realla\u015fd\u0131r\u0131lan layih\u0259l\u0259r haqq\u0131nda geni\u015f t\u0259qdimatla \u00e7\u0131x\u0131\u015f edib. O bildirib ki, USM n\u00fcmay\u0259nd\u0259l\u0259ri \u00fczvl\u0259rl\u0259 birlikd\u0259 m\u00fct\u0259madi olaraq \u0130smay\u0131ll\u0131 UADM binas\u0131nda topla\u015f\u0131r, fikir m\u00fcbadil\u0259si apar\u0131r, qar\u015f\u0131da duran v\u0259zif\u0259l\u0259ri m\u00fczakir\u0259 edir v\u0259 yeni layih\u0259l\u0259r m\u00fc\u0259yy\u0259nl\u0259\u015fdirirl\u0259r. Eyni zamanda, ay \u0259rzind\u0259 ke\u00e7iril\u0259n t\u0259dbirl\u0259r\u0259 dair hesabatlar haz\u0131rlanaraq m\u00fcvafiq qurumlara t\u0259qdim olunur.<\/p>\n<p>Ruh\u0259ngiz Qas\u0131mova \u00e7\u0131x\u0131\u015f\u0131nda g\u0259ncl\u0259r \u00fc\u00e7\u00fcn yarad\u0131lan \u015f\u0259rait v\u0259 imkanlara g\u00f6r\u0259 d\u00f6vl\u0259timizin ba\u015f\u00e7\u0131s\u0131 \u0130lham \u018fliyev\u0259 v\u0259 \u00f6lk\u0259nin birinci vitse-prezidenti Mehriban \u018fliyevaya \u0130smay\u0131ll\u0131 g\u0259ncl\u0259ri ad\u0131ndan d\u0259rin minn\u0259tdarl\u0131\u011f\u0131n\u0131 bildirib.<\/p>\n<p>S\u0259f\u0259r \u00e7\u0259r\u00e7iv\u0259sind\u0259 Leyla \u018fliyeva t\u0259r\u0259find\u0259n USM n\u00fcmay\u0259nd\u0259l\u0259rin\u0259 v\u0259 f\u0259allara \u00e7antalar v\u0259 d\u0259y\u0259rli h\u0259diyy\u0259l\u0259r t\u0259qdim olunub. X\u00fcsusil\u0259, Ruh\u0259ngiz Qas\u0131movaya \u015f\u0259xsi aksesuar \u2013 qolbaq h\u0259diyy\u0259 edilm\u0259si t\u0259dbirin yaddaqalan anlar\u0131ndan biri olub.\/Unikal<\/p>\n","protected":false},"excerpt":{"rendered":"<p>X\u0259b\u0259r verdiyimiz kimi, Heyd\u0259r \u018fliyev Fondunun vitse-prezidenti Leyla \u018fliyeva bu g\u00fcn \u0130smay\u0131ll\u0131 rayonuna s\u0259f\u0259r edib. S\u0259f\u0259r \u00e7\u0259r\u00e7iv\u0259sind\u0259 o, \u0130smay\u0131ll\u0131 UADM binas\u0131 il\u0259 tan\u0131\u015f olub, h\u0259m\u00e7inin U\u015faq S\u0259firl\u0259r M\u0259clisinin (USM) \u0130smay\u0131ll\u0131 rayonu \u00fczr\u0259 n\u00fcmay\u0259nd\u0259l\u0259ri v\u0259 rayon f\u0259allar\u0131 il\u0259 g\u00f6r\u00fc\u015f\u00fcb. G\u00f6r\u00fc\u015f zaman\u0131 USM-in f\u0259aliyy\u0259ti, h\u0259yata ke\u00e7iril\u0259n layih\u0259l\u0259r v\u0259 g\u0259l\u0259c\u0259k planlar bar\u0259d\u0259 \u0259trafl\u0131 m\u0259lumat t\u0259qdim olunub. \u0130smay\u0131ll\u0131 \u015f\u0259h\u0259r 2 n\u00f6mr\u0259li tam orta m\u0259kt\u0259bin X sinif \u015fagirdi Ruh\u0259ngiz Qas\u0131mova, USM-in \u0130smay\u0131ll\u0131 rayonu \u00fczr\u0259 n\u00fcmay\u0259nd\u0259si kimi \u00e7\u0131x\u0131\u015f ed\u0259r\u0259k g\u00f6r\u00fcl\u0259n i\u015fl\u0259r v\u0259 realla\u015fd\u0131r\u0131lan layih\u0259l\u0259r haqq\u0131nda geni\u015f t\u0259qdimatla \u00e7\u0131x\u0131\u015f edib. O bildirib ki, USM n\u00fcmay\u0259nd\u0259l\u0259ri \u00fczvl\u0259rl\u0259 birlikd\u0259&hellip;<\/p>\n","protected":false},"author":2,"featured_media":849820,"comment_status":"closed","ping_status":"closed","sticky":false,"template":"","format":"standard","meta":{"om_disable_all_campaigns":false,"_monsterinsights_skip_tracking":false,"_monsterinsights_sitenote_active":false,"_monsterinsights_sitenote_note":"","_monsterinsights_sitenote_category":0},"categories":[1],"tags":[],"aioseo_notices":[],"gutentor_comment":0,"rttpg_featured_image_url":{"full":["https:\/\/arantv.az\/wp-content\/uploads\/2026\/04\/b81edd04221447fb3952be29b0f569a4.jpg",600,350,false],"landscape":["https:\/\/arantv.az\/wp-content\/uploads\/2026\/04\/b81edd04221447fb3952be29b0f569a4.jpg",600,350,false],"portraits":["https:\/\/arantv.az\/wp-content\/uploads\/2026\/04\/b81edd04221447fb3952be29b0f569a4.jpg",600,350,false],"thumbnail":["https:\/\/arantv.az\/wp-content\/uploads\/2026\/04\/b81edd04221447fb3952be29b0f569a4-500x280.jpg",500,280,true],"medium":["https:\/\/arantv.az\/wp-content\/uploads\/2026\/04\/b81edd04221447fb3952be29b0f569a4.jpg",600,350,false],"large":["https:\/\/arantv.az\/wp-content\/uploads\/2026\/04\/b81edd04221447fb3952be29b0f569a4.jpg",600,350,false],"1536x1536":["https:\/\/arantv.az\/wp-content\/uploads\/2026\/04\/b81edd04221447fb3952be29b0f569a4.jpg",600,350,false],"2048x2048":["https:\/\/arantv.az\/wp-content\/uploads\/2026\/04\/b81edd04221447fb3952be29b0f569a4.jpg",600,350,false],"post-thumbnail":["https:\/\/arantv.az\/wp-content\/uploads\/2026\/04\/b81edd04221447fb3952be29b0f569a4-240x172.jpg",240,172,true],"advps-thumb-one":["https:\/\/arantv.az\/wp-content\/uploads\/2026\/04\/b81edd04221447fb3952be29b0f569a4.jpg",600,350,false]},"rttpg_author":{"display_name":"V\u00fcsal Rafiqo\u011flu","author_link":"https:\/\/arantv.az\/?author=2"},"rttpg_comment":0,"rttpg_category":"<a href=\"https:\/\/arantv.az\/?cat=1\" rel=\"category\">C\u0259miyy\u0259t<\/a>","rttpg_excerpt":"X\u0259b\u0259r verdiyimiz kimi, Heyd\u0259r \u018fliyev Fondunun vitse-prezidenti Leyla \u018fliyeva bu g\u00fcn \u0130smay\u0131ll\u0131 rayonuna s\u0259f\u0259r edib. S\u0259f\u0259r \u00e7\u0259r\u00e7iv\u0259sind\u0259 o, \u0130smay\u0131ll\u0131 UADM binas\u0131 il\u0259 tan\u0131\u015f olub, h\u0259m\u00e7inin U\u015faq S\u0259firl\u0259r M\u0259clisinin (USM) \u0130smay\u0131ll\u0131 rayonu \u00fczr\u0259 n\u00fcmay\u0259nd\u0259l\u0259ri v\u0259 rayon f\u0259allar\u0131 il\u0259 g\u00f6r\u00fc\u015f\u00fcb. G\u00f6r\u00fc\u015f zaman\u0131 USM-in f\u0259aliyy\u0259ti, h\u0259yata ke\u00e7iril\u0259n layih\u0259l\u0259r v\u0259 g\u0259l\u0259c\u0259k planlar bar\u0259d\u0259 \u0259trafl\u0131 m\u0259lumat t\u0259qdim olunub. \u0130smay\u0131ll\u0131 \u015f\u0259h\u0259r&hellip;","_links":{"self":[{"href":"https:\/\/arantv.az\/index.php?rest_route=\/wp\/v2\/posts\/849819"}],"collection":[{"href":"https:\/\/arantv.az\/index.php?rest_route=\/wp\/v2\/posts"}],"about":[{"href":"https:\/\/arantv.az\/index.php?rest_route=\/wp\/v2\/types\/post"}],"author":[{"embeddable":true,"href":"https:\/\/arantv.az\/index.php?rest_route=\/wp\/v2\/users\/2"}],"replies":[{"embeddable":true,"href":"https:\/\/arantv.az\/index.php?rest_route=%2Fwp%2Fv2%2Fcomments&post=849819"}],"version-history":[{"count":1,"href":"https:\/\/arantv.az\/index.php?rest_route=\/wp\/v2\/posts\/849819\/revisions"}],"predecessor-version":[{"id":849821,"href":"https:\/\/arantv.az\/index.php?rest_route=\/wp\/v2\/posts\/849819\/revisions\/849821"}],"wp:featuredmedia":[{"embeddable":true,"href":"https:\/\/arantv.az\/index.php?rest_route=\/wp\/v2\/media\/849820"}],"wp:attachment":[{"href":"https:\/\/arantv.az\/index.php?rest_route=%2Fwp%2Fv2%2Fmedia&parent=849819"}],"wp:term":[{"taxonomy":"category","embeddable":true,"href":"https:\/\/arantv.az\/index.php?rest_route=%2Fwp%2Fv2%2Fcategories&post=849819"},{"taxonomy":"post_tag","embeddable":true,"href":"https:\/\/arantv.az\/index.php?rest_route=%2Fwp%2Fv2%2Ftags&post=849819"}],"curies":[{"name":"wp","href":"https:\/\/api.w.org\/{rel}","templated":true}]}}