{"id":849848,"date":"2026-04-27T12:21:48","date_gmt":"2026-04-27T08:21:48","guid":{"rendered":"https:\/\/arantv.az\/?p=849848"},"modified":"2026-04-27T12:21:48","modified_gmt":"2026-04-27T08:21:48","slug":"q%c9%99b%c9%99l%c9%99d%c9%99-cexiyanin-bas-nazirinin-r%c9%99smi-qarsilanma-m%c9%99rasimi-olub-fotolar","status":"publish","type":"post","link":"https:\/\/arantv.az\/?p=849848","title":{"rendered":"Q\u0259b\u0259l\u0259d\u0259 \u00c7exiyan\u0131n Ba\u015f nazirinin r\u0259smi qar\u015f\u0131lanma m\u0259rasimi olub &#8211; FOTOLAR"},"content":{"rendered":"<p><strong>Bu g\u00fcn Q\u0259b\u0259l\u0259d\u0259 \u00c7ex Respublikas\u0131n\u0131n Ba\u015f naziri Andrey Babi\u015fin r\u0259smi qar\u015f\u0131lanma m\u0259rasimi olub.<\/strong><\/p>\n<p>Musavat.com x\u0259b\u0259r verir ki, h\u0259r iki \u00f6lk\u0259nin D\u00f6vl\u0259t bayraqlar\u0131n\u0131n dal\u011faland\u0131\u011f\u0131 meydanda \u00c7exiyan\u0131n Ba\u015f nazirinin \u015f\u0259r\u0259fin\u0259 f\u0259xri qarovul d\u0259st\u0259si d\u00fcz\u00fcl\u00fcb.<\/p>\n<p>Az\u0259rbaycan Prezidenti \u0130lham \u018fliyev \u00c7exiyan\u0131n Ba\u015f naziri Andrey Babi\u015fi qar\u015f\u0131lay\u0131b.<\/p>\n<p>F\u0259xri qarovul d\u0259st\u0259sinin r\u0259isi \u00c7exiyan\u0131n Ba\u015f nazirin\u0259 raport verib.<\/p>\n<p>\u00c7ex Respublikas\u0131n\u0131n v\u0259 Az\u0259rbaycan Respublikas\u0131n\u0131n D\u00f6vl\u0259t himnl\u0259ri s\u0259sl\u0259ndirilib.<\/p>\n<p>F\u0259xri qarovul d\u0259st\u0259si h\u0259rbi mar\u015f\u0131n s\u0259dalar\u0131 alt\u0131nda Az\u0259rbaycan Prezidenti \u0130lham \u018fliyevin v\u0259 \u00c7exiyan\u0131n Ba\u015f naziri Andrey Babi\u015fin qar\u015f\u0131s\u0131ndan ke\u00e7ib.<\/p>\n<p>Az\u0259rbaycan n\u00fcmay\u0259nd\u0259 hey\u0259tinin \u00fczvl\u0259ri Ba\u015f nazir Andrey Babi\u015f\u0259, \u00c7exiya n\u00fcmay\u0259nd\u0259 hey\u0259tinin \u00fczvl\u0259ri is\u0259 Prezident \u0130lham \u018fliyev\u0259 t\u0259qdim olunub.<\/p>\n<p>Sonra r\u0259smi foto \u00e7\u0259kdirilib.<\/p>\n<div><img class=\"img-responsive\" title=\"\" src=\"https:\/\/qafqazinfo.az\/uploads\/1777275888\/1.jpg\" alt=\"\" \/><br \/>\n<img class=\"img-responsive\" title=\"\" src=\"https:\/\/qafqazinfo.az\/uploads\/1777275888\/2.jpg\" alt=\"\" \/><br \/>\n<img class=\"img-responsive\" title=\"\" src=\"https:\/\/qafqazinfo.az\/uploads\/1777275888\/3.jpg\" alt=\"\" \/><br \/>\n<img class=\"img-responsive\" title=\"\" src=\"https:\/\/qafqazinfo.az\/uploads\/1777275888\/4.jpg\" alt=\"\" \/><br \/>\n<img class=\"img-responsive\" title=\"\" src=\"https:\/\/qafqazinfo.az\/uploads\/1777275888\/5.jpg\" alt=\"\" \/><br \/>\n<img class=\"img-responsive\" title=\"\" src=\"https:\/\/qafqazinfo.az\/uploads\/1777275888\/6.jpg\" alt=\"\" \/><br \/>\n<img class=\"img-responsive\" title=\"\" src=\"https:\/\/qafqazinfo.az\/uploads\/1777275888\/7.jpg\" alt=\"\" \/><br \/>\n<img class=\"img-responsive\" title=\"\" src=\"https:\/\/qafqazinfo.az\/uploads\/1777275888\/8.jpg\" alt=\"\" \/><br \/>\n<img class=\"img-responsive\" title=\"\" src=\"https:\/\/qafqazinfo.az\/uploads\/1777275888\/9.jpg\" alt=\"\" \/><br \/>\n<img class=\"img-responsive\" title=\"\" src=\"https:\/\/qafqazinfo.az\/uploads\/1777275888\/10.jpg\" alt=\"\" \/><br \/>\n<img class=\"img-responsive\" title=\"\" src=\"https:\/\/qafqazinfo.az\/uploads\/1777275888\/11.jpg\" alt=\"\" \/><\/div>\n","protected":false},"excerpt":{"rendered":"<p>Bu g\u00fcn Q\u0259b\u0259l\u0259d\u0259 \u00c7ex Respublikas\u0131n\u0131n Ba\u015f naziri Andrey Babi\u015fin r\u0259smi qar\u015f\u0131lanma m\u0259rasimi olub. Musavat.com x\u0259b\u0259r verir ki, h\u0259r iki \u00f6lk\u0259nin D\u00f6vl\u0259t bayraqlar\u0131n\u0131n dal\u011faland\u0131\u011f\u0131 meydanda \u00c7exiyan\u0131n Ba\u015f nazirinin \u015f\u0259r\u0259fin\u0259 f\u0259xri qarovul d\u0259st\u0259si d\u00fcz\u00fcl\u00fcb. Az\u0259rbaycan Prezidenti \u0130lham \u018fliyev \u00c7exiyan\u0131n Ba\u015f naziri Andrey Babi\u015fi qar\u015f\u0131lay\u0131b. F\u0259xri qarovul d\u0259st\u0259sinin r\u0259isi \u00c7exiyan\u0131n Ba\u015f nazirin\u0259 raport verib. \u00c7ex Respublikas\u0131n\u0131n v\u0259 Az\u0259rbaycan Respublikas\u0131n\u0131n D\u00f6vl\u0259t himnl\u0259ri s\u0259sl\u0259ndirilib. F\u0259xri qarovul d\u0259st\u0259si h\u0259rbi mar\u015f\u0131n s\u0259dalar\u0131 alt\u0131nda Az\u0259rbaycan Prezidenti \u0130lham \u018fliyevin v\u0259 \u00c7exiyan\u0131n Ba\u015f naziri Andrey Babi\u015fin qar\u015f\u0131s\u0131ndan ke\u00e7ib. Az\u0259rbaycan n\u00fcmay\u0259nd\u0259 hey\u0259tinin \u00fczvl\u0259ri Ba\u015f nazir Andrey Babi\u015f\u0259, \u00c7exiya n\u00fcmay\u0259nd\u0259 hey\u0259tinin \u00fczvl\u0259ri&hellip;<\/p>\n","protected":false},"author":2,"featured_media":849849,"comment_status":"closed","ping_status":"closed","sticky":false,"template":"","format":"standard","meta":{"om_disable_all_campaigns":false,"_monsterinsights_skip_tracking":false,"_monsterinsights_sitenote_active":false,"_monsterinsights_sitenote_note":"","_monsterinsights_sitenote_category":0},"categories":[4],"tags":[],"aioseo_notices":[],"gutentor_comment":0,"rttpg_featured_image_url":{"full":["https:\/\/arantv.az\/wp-content\/uploads\/2026\/04\/0085bb2706d2028fb898735f44ef861c.jpg",870,500,false],"landscape":["https:\/\/arantv.az\/wp-content\/uploads\/2026\/04\/0085bb2706d2028fb898735f44ef861c.jpg",870,500,false],"portraits":["https:\/\/arantv.az\/wp-content\/uploads\/2026\/04\/0085bb2706d2028fb898735f44ef861c.jpg",870,500,false],"thumbnail":["https:\/\/arantv.az\/wp-content\/uploads\/2026\/04\/0085bb2706d2028fb898735f44ef861c-500x280.jpg",500,280,true],"medium":["https:\/\/arantv.az\/wp-content\/uploads\/2026\/04\/0085bb2706d2028fb898735f44ef861c-635x365.jpg",635,365,true],"large":["https:\/\/arantv.az\/wp-content\/uploads\/2026\/04\/0085bb2706d2028fb898735f44ef861c-840x483.jpg",640,368,true],"1536x1536":["https:\/\/arantv.az\/wp-content\/uploads\/2026\/04\/0085bb2706d2028fb898735f44ef861c.jpg",870,500,false],"2048x2048":["https:\/\/arantv.az\/wp-content\/uploads\/2026\/04\/0085bb2706d2028fb898735f44ef861c.jpg",870,500,false],"post-thumbnail":["https:\/\/arantv.az\/wp-content\/uploads\/2026\/04\/0085bb2706d2028fb898735f44ef861c-240x172.jpg",240,172,true],"advps-thumb-one":["https:\/\/arantv.az\/wp-content\/uploads\/2026\/04\/0085bb2706d2028fb898735f44ef861c.jpg",870,500,false]},"rttpg_author":{"display_name":"V\u00fcsal Rafiqo\u011flu","author_link":"https:\/\/arantv.az\/?author=2"},"rttpg_comment":0,"rttpg_category":"<a href=\"https:\/\/arantv.az\/?cat=4\" rel=\"category\">Siyas\u0259t<\/a>","rttpg_excerpt":"Bu g\u00fcn Q\u0259b\u0259l\u0259d\u0259 \u00c7ex Respublikas\u0131n\u0131n Ba\u015f naziri Andrey Babi\u015fin r\u0259smi qar\u015f\u0131lanma m\u0259rasimi olub. Musavat.com x\u0259b\u0259r verir ki, h\u0259r iki \u00f6lk\u0259nin D\u00f6vl\u0259t bayraqlar\u0131n\u0131n dal\u011faland\u0131\u011f\u0131 meydanda \u00c7exiyan\u0131n Ba\u015f nazirinin \u015f\u0259r\u0259fin\u0259 f\u0259xri qarovul d\u0259st\u0259si d\u00fcz\u00fcl\u00fcb. Az\u0259rbaycan Prezidenti \u0130lham \u018fliyev \u00c7exiyan\u0131n Ba\u015f naziri Andrey Babi\u015fi qar\u015f\u0131lay\u0131b. F\u0259xri qarovul d\u0259st\u0259sinin r\u0259isi \u00c7exiyan\u0131n Ba\u015f nazirin\u0259 raport verib. \u00c7ex Respublikas\u0131n\u0131n v\u0259 Az\u0259rbaycan&hellip;","_links":{"self":[{"href":"https:\/\/arantv.az\/index.php?rest_route=\/wp\/v2\/posts\/849848"}],"collection":[{"href":"https:\/\/arantv.az\/index.php?rest_route=\/wp\/v2\/posts"}],"about":[{"href":"https:\/\/arantv.az\/index.php?rest_route=\/wp\/v2\/types\/post"}],"author":[{"embeddable":true,"href":"https:\/\/arantv.az\/index.php?rest_route=\/wp\/v2\/users\/2"}],"replies":[{"embeddable":true,"href":"https:\/\/arantv.az\/index.php?rest_route=%2Fwp%2Fv2%2Fcomments&post=849848"}],"version-history":[{"count":1,"href":"https:\/\/arantv.az\/index.php?rest_route=\/wp\/v2\/posts\/849848\/revisions"}],"predecessor-version":[{"id":849850,"href":"https:\/\/arantv.az\/index.php?rest_route=\/wp\/v2\/posts\/849848\/revisions\/849850"}],"wp:featuredmedia":[{"embeddable":true,"href":"https:\/\/arantv.az\/index.php?rest_route=\/wp\/v2\/media\/849849"}],"wp:attachment":[{"href":"https:\/\/arantv.az\/index.php?rest_route=%2Fwp%2Fv2%2Fmedia&parent=849848"}],"wp:term":[{"taxonomy":"category","embeddable":true,"href":"https:\/\/arantv.az\/index.php?rest_route=%2Fwp%2Fv2%2Fcategories&post=849848"},{"taxonomy":"post_tag","embeddable":true,"href":"https:\/\/arantv.az\/index.php?rest_route=%2Fwp%2Fv2%2Ftags&post=849848"}],"curies":[{"name":"wp","href":"https:\/\/api.w.org\/{rel}","templated":true}]}}