{"id":849857,"date":"2026-04-27T14:45:25","date_gmt":"2026-04-27T10:45:25","guid":{"rendered":"https:\/\/arantv.az\/?p=849857"},"modified":"2026-04-27T14:45:25","modified_gmt":"2026-04-27T10:45:25","slug":"qmi-d%c9%99n-ecmi%c9%99dzin%c9%99-s%c9%99rt-mesaj","status":"publish","type":"post","link":"https:\/\/arantv.az\/?p=849857","title":{"rendered":"QM\u0130-d\u0259n E\u00e7mi\u0259dzin\u0259 S\u018fRT MESAJ"},"content":{"rendered":"<div class=\"text-content\" data-id=\"\" data-url=\"\">\n<p><strong>Az\u0259rbaycan\u0131n Xank\u0259ndi \u015f\u0259h\u0259rind\u0259 iki qanunsuz tikilinin s\u00f6k\u00fclm\u0259si il\u0259 ba\u011fl\u0131 E\u00e7mi\u0259dzin Kils\u0259sinin 23 aprel tarixli b\u0259yanat\u0131 d\u00fc\u015fm\u0259n\u00e7iliyin v\u0259 dezinformasiyan\u0131n bir t\u0259zah\u00fcr\u00fcd\u00fcr.<\/strong><\/p>\n<p><strong>Musavat.com<\/strong>\u00a0x\u0259b\u0259r verir ki, bu bar\u0259d\u0259 m\u0259lumat Qafqaz M\u00fcs\u0259lmanlar\u0131 \u0130dar\u0259sinin iddialarla ba\u011fl\u0131 yayd\u0131\u011f\u0131 a\u00e7\u0131qlamada \u0259ks olunub.<\/p>\n<p>&#8220;Az\u0259rbaycan\u0131n tarixi, dini v\u0259 m\u0259d\u0259ni abid\u0259l\u0259rinin i\u015f\u011fal zaman\u0131 onillikl\u0259r boyu da\u011f\u0131d\u0131lmas\u0131na v\u0259 t\u0259hqir edilm\u0259sin\u0259 s\u0259ssiz qalan E\u00e7mi\u0259dzinin haz\u0131rda iki \u00f6lk\u0259 aras\u0131nda normalla\u015fma prosesi ged\u0259n bir h\u0259ssas d\u00f6vrd\u0259 Az\u0259rbaycana qar\u015f\u0131 \u0259sass\u0131z ittihamlarla \u00e7\u0131x\u0131\u015f etm\u0259si m\u0259s\u0259l\u0259nin siyasil\u0259\u015fdirilm\u0259sin\u0259 at\u0131lan bir u\u011fursuz c\u0259hddir.<\/p>\n<p>Az\u0259rbaycan \u0259razil\u0259rinin i\u015f\u011fal\u0131 zaman\u0131 Xank\u0259ndid\u0259 qanunsuz in\u015fa edilmi\u015f iki tikilinin s\u00f6k\u00fclm\u0259si he\u00e7 bir halda dini v\u0259 ya m\u0259d\u0259ni irsin m\u0259hv edilm\u0259si kimi t\u0259hrif edil\u0259 bilm\u0259z. Bel\u0259 ki, 2023-c\u00fc ild\u0259 Az\u0259rbaycan \u00f6z \u0259razil\u0259ri \u00fcz\u0259rind\u0259 d\u00f6vl\u0259t suverenliyini tam b\u0259rpa etdikd\u0259n sonra i\u015f\u011fal\u0131n simvollar\u0131 olan bu qanunsuz tikilil\u0259ri b\u00fct\u00fcn bu m\u00fcdd\u0259t \u0259rzind\u0259 m\u00f6vcud v\u0259ziyy\u0259td\u0259 saxlay\u0131b. Bununla bel\u0259, son aylar \u0259rzind\u0259 \u00f6z do\u011fma yurdlar\u0131na k\u00fctl\u0259vi \u015f\u0259kild\u0259 qay\u0131dan ke\u00e7mi\u015f m\u0259cburi k\u00f6\u00e7k\u00fcnl\u0259r i\u015f\u011fal d\u00f6vr\u00fcnd\u0259n \u0259vv\u0259l bu \u0259razil\u0259rd\u0259 m\u00f6vcud olmayan b\u00fct\u00fcn tikilil\u0259rin s\u00f6k\u00fclm\u0259sin\u0259 dair d\u0259f\u0259l\u0259l\u0259rl\u0259 d\u00f6vl\u0259t orqanlar\u0131na v\u0259 yerli m\u0259hk\u0259m\u0259l\u0259r\u0259 m\u00fcraci\u0259t edibl\u0259r.M\u0259lumdur ki, beyn\u0259lxalq humanitar h\u00fcquqa \u0259sas\u0259n, i\u015f\u011fal\u00e7\u0131 d\u00f6vl\u0259t t\u0259r\u0259find\u0259n i\u015f\u011fal edilmi\u015f \u0259razid\u0259 raz\u0131l\u0131q olmadan in\u015fa edilmi\u015f tikilil\u0259r t\u0259yinat\u0131ndan as\u0131l\u0131 olmayaraq qanunsuz hesab olunur v\u0259 bir qayda olaraq i\u015f\u011fal\u00e7\u0131 d\u00f6vl\u0259tin hesab\u0131na s\u00f6k\u00fclm\u0259lidir. M\u0259hz bu s\u0259b\u0259bd\u0259n Birinci Qaraba\u011f m\u00fcharib\u0259si zaman\u0131 az\u0259rbaycanl\u0131lar\u0131n q\u0259tl\u0259 yetirildiyi v\u0259 qovuldu\u011fu bu \u0259razil\u0259rd\u0259 sonradan qanunsuz in\u015fa edilmi\u015f b\u00fct\u00fcn tikilil\u0259rin s\u00f6k\u00fclm\u0259sin\u0259 h\u0259m h\u00fcquqi, h\u0259m d\u0259 m\u0259n\u0259vi \u0259sas vard\u0131r.<\/p>\n<p>Qeyd etm\u0259k laz\u0131md\u0131r ki, Az\u0259rbaycan m\u0259scidl\u0259rin, kils\u0259l\u0259rin v\u0259 sinaqoqlar\u0131n yan-yana yerl\u0259\u015fdiyi nadir \u00f6lk\u0259l\u0259rd\u0259n biridir ki, bu da xalq\u0131m\u0131z\u0131n d\u0259rin k\u00f6kl\u0259r\u0259 malik dini tolerantl\u0131q m\u0259d\u0259niyy\u0259tini v\u0259 b\u00fct\u00fcn dinl\u0259r\u0259 h\u00f6rm\u0259tini n\u00fcmayi\u015f etdirir. \u018fsrl\u0259r boyu Az\u0259rbaycanda pravoslav, katolik v\u0259 y\u0259hudi icmalar\u0131 da daxil olmaqla, m\u00fcxt\u0259lif dinl\u0259r\u0259 m\u0259xsus ibad\u0259t yerl\u0259ri v\u0259 icmalar s\u0259rb\u0259st f\u0259aliyy\u0259t g\u00f6st\u0259rib. Bu g\u00fcn d\u0259 bu \u0259n\u0259n\u0259y\u0259 sadiq qalaraq Az\u0259rbaycan d\u00f6vl\u0259ti i\u015f\u011fal d\u00f6vr\u00fcnd\u0259 da\u011f\u0131d\u0131lm\u0131\u015f v\u0259 t\u0259hqir\u0259 m\u0259ruz qoyulmu\u015f dini v\u0259 m\u0259d\u0259ni abid\u0259l\u0259ri \u00f6z hesab\u0131na b\u0259rpa edir. Bunlar\u0131n s\u0131ras\u0131nda \u015eu\u015fada yerl\u0259\u015f\u0259n (erm\u0259ni) Qazan\u00e7\u0131 kils\u0259sinin yenic\u0259 b\u0259rpa edilm\u0259sini, habel\u0259 b\u00fct\u00fcn m\u00fcnaqi\u015f\u0259 boyunca Bak\u0131da yerl\u0259\u015f\u0259n erm\u0259ni kils\u0259sinin d\u00f6vl\u0259t t\u0259r\u0259find\u0259n m\u00fchafiz\u0259 edilm\u0259sini x\u00fcsusil\u0259 vur\u011fulamaq laz\u0131md\u0131r. \u00dcmumilikd\u0259, \u00f6lk\u0259 \u0259razisind\u0259 m\u00fcxt\u0259lif konfessiyalara m\u0259xsus olan ibad\u0259t yerl\u0259rinin davaml\u0131 \u015f\u0259kild\u0259 qorunub saxlan\u0131lmas\u0131, onlar\u0131n b\u0259rpa edilm\u0259si v\u0259 m\u00fchafiz\u0259si h\u0259r zaman d\u00f6vl\u0259timizin v\u0259 c\u0259miyy\u0259timizin dini pl\u00fcralizm\u0259 h\u00f6rm\u0259tini bariz \u015f\u0259kild\u0259 n\u00fcmayi\u015f etdirib.<\/p>\n<p>Az\u0259rbaycanda \u0259srl\u0259r boyu m\u00f6vcud olan bu reall\u0131\u011f\u0131 E\u00e7mi\u0259dz\u0131n t\u0259r\u0259find\u0259n bel\u0259 bir h\u0259ssas d\u00f6vrd\u0259 t\u0259hrif etm\u0259k c\u0259hdl\u0259ri yaln\u0131z regionda davaml\u0131 s\u00fclh\u0259 y\u00f6n\u0259lmi\u015f s\u0259yl\u0259ri sars\u0131tma\u011fa xidm\u0259t edir.<\/p>\n<p>Ke\u00e7mi\u015fd\u0259n qalan siyasi t\u0259xribatlara \u0259l atmaq t\u0259cr\u00fcb\u0259sin\u0259 v\u0259 b\u00f6lg\u0259d\u0259 qal\u0131c\u0131 s\u00fclh\u00fcn b\u0259rq\u0259rar olmas\u0131n\u0131n qar\u015f\u0131s\u0131n\u0131n al\u0131nmas\u0131na y\u00f6n\u0259lmi\u015f bu kimi c\u0259hdl\u0259r\u0259 bird\u0259f\u0259lik son qoyulmal\u0131d\u0131r&#8221;, a\u00e7\u0131qlamada qeyd edilib.<\/p>\n<\/div>\n<div><\/div>\n<div><\/div>\n<div class=\"inner-social-box\">\n<div class=\"subs-in-social subs-whatsapp\"><\/div>\n<\/div>\n","protected":false},"excerpt":{"rendered":"<p>Az\u0259rbaycan\u0131n Xank\u0259ndi \u015f\u0259h\u0259rind\u0259 iki qanunsuz tikilinin s\u00f6k\u00fclm\u0259si il\u0259 ba\u011fl\u0131 E\u00e7mi\u0259dzin Kils\u0259sinin 23 aprel tarixli b\u0259yanat\u0131 d\u00fc\u015fm\u0259n\u00e7iliyin v\u0259 dezinformasiyan\u0131n bir t\u0259zah\u00fcr\u00fcd\u00fcr. Musavat.com\u00a0x\u0259b\u0259r verir ki, bu bar\u0259d\u0259 m\u0259lumat Qafqaz M\u00fcs\u0259lmanlar\u0131 \u0130dar\u0259sinin iddialarla ba\u011fl\u0131 yayd\u0131\u011f\u0131 a\u00e7\u0131qlamada \u0259ks olunub. &#8220;Az\u0259rbaycan\u0131n tarixi, dini v\u0259 m\u0259d\u0259ni abid\u0259l\u0259rinin i\u015f\u011fal zaman\u0131 onillikl\u0259r boyu da\u011f\u0131d\u0131lmas\u0131na v\u0259 t\u0259hqir edilm\u0259sin\u0259 s\u0259ssiz qalan E\u00e7mi\u0259dzinin haz\u0131rda iki \u00f6lk\u0259 aras\u0131nda normalla\u015fma prosesi ged\u0259n bir h\u0259ssas d\u00f6vrd\u0259 Az\u0259rbaycana qar\u015f\u0131 \u0259sass\u0131z ittihamlarla \u00e7\u0131x\u0131\u015f etm\u0259si m\u0259s\u0259l\u0259nin siyasil\u0259\u015fdirilm\u0259sin\u0259 at\u0131lan bir u\u011fursuz c\u0259hddir. Az\u0259rbaycan \u0259razil\u0259rinin i\u015f\u011fal\u0131 zaman\u0131 Xank\u0259ndid\u0259 qanunsuz in\u015fa edilmi\u015f iki tikilinin s\u00f6k\u00fclm\u0259si he\u00e7 bir halda dini v\u0259&hellip;<\/p>\n","protected":false},"author":2,"featured_media":849858,"comment_status":"closed","ping_status":"closed","sticky":false,"template":"","format":"standard","meta":{"om_disable_all_campaigns":false,"_monsterinsights_skip_tracking":false,"_monsterinsights_sitenote_active":false,"_monsterinsights_sitenote_note":"","_monsterinsights_sitenote_category":0},"categories":[1],"tags":[],"aioseo_notices":[],"gutentor_comment":0,"rttpg_featured_image_url":{"full":["https:\/\/arantv.az\/wp-content\/uploads\/2026\/04\/b879d01b9d117e8cf1ab3b2a631bae78.png",870,500,false],"landscape":["https:\/\/arantv.az\/wp-content\/uploads\/2026\/04\/b879d01b9d117e8cf1ab3b2a631bae78.png",870,500,false],"portraits":["https:\/\/arantv.az\/wp-content\/uploads\/2026\/04\/b879d01b9d117e8cf1ab3b2a631bae78.png",870,500,false],"thumbnail":["https:\/\/arantv.az\/wp-content\/uploads\/2026\/04\/b879d01b9d117e8cf1ab3b2a631bae78-500x280.png",500,280,true],"medium":["https:\/\/arantv.az\/wp-content\/uploads\/2026\/04\/b879d01b9d117e8cf1ab3b2a631bae78-635x365.png",635,365,true],"large":["https:\/\/arantv.az\/wp-content\/uploads\/2026\/04\/b879d01b9d117e8cf1ab3b2a631bae78-840x483.png",640,368,true],"1536x1536":["https:\/\/arantv.az\/wp-content\/uploads\/2026\/04\/b879d01b9d117e8cf1ab3b2a631bae78.png",870,500,false],"2048x2048":["https:\/\/arantv.az\/wp-content\/uploads\/2026\/04\/b879d01b9d117e8cf1ab3b2a631bae78.png",870,500,false],"post-thumbnail":["https:\/\/arantv.az\/wp-content\/uploads\/2026\/04\/b879d01b9d117e8cf1ab3b2a631bae78-240x172.png",240,172,true],"advps-thumb-one":["https:\/\/arantv.az\/wp-content\/uploads\/2026\/04\/b879d01b9d117e8cf1ab3b2a631bae78.png",870,500,false]},"rttpg_author":{"display_name":"V\u00fcsal Rafiqo\u011flu","author_link":"https:\/\/arantv.az\/?author=2"},"rttpg_comment":0,"rttpg_category":"<a href=\"https:\/\/arantv.az\/?cat=1\" rel=\"category\">C\u0259miyy\u0259t<\/a>","rttpg_excerpt":"Az\u0259rbaycan\u0131n Xank\u0259ndi \u015f\u0259h\u0259rind\u0259 iki qanunsuz tikilinin s\u00f6k\u00fclm\u0259si il\u0259 ba\u011fl\u0131 E\u00e7mi\u0259dzin Kils\u0259sinin 23 aprel tarixli b\u0259yanat\u0131 d\u00fc\u015fm\u0259n\u00e7iliyin v\u0259 dezinformasiyan\u0131n bir t\u0259zah\u00fcr\u00fcd\u00fcr. Musavat.com\u00a0x\u0259b\u0259r verir ki, bu bar\u0259d\u0259 m\u0259lumat Qafqaz M\u00fcs\u0259lmanlar\u0131 \u0130dar\u0259sinin iddialarla ba\u011fl\u0131 yayd\u0131\u011f\u0131 a\u00e7\u0131qlamada \u0259ks olunub. &#8220;Az\u0259rbaycan\u0131n tarixi, dini v\u0259 m\u0259d\u0259ni abid\u0259l\u0259rinin i\u015f\u011fal zaman\u0131 onillikl\u0259r boyu da\u011f\u0131d\u0131lmas\u0131na v\u0259 t\u0259hqir edilm\u0259sin\u0259 s\u0259ssiz qalan E\u00e7mi\u0259dzinin haz\u0131rda iki \u00f6lk\u0259&hellip;","_links":{"self":[{"href":"https:\/\/arantv.az\/index.php?rest_route=\/wp\/v2\/posts\/849857"}],"collection":[{"href":"https:\/\/arantv.az\/index.php?rest_route=\/wp\/v2\/posts"}],"about":[{"href":"https:\/\/arantv.az\/index.php?rest_route=\/wp\/v2\/types\/post"}],"author":[{"embeddable":true,"href":"https:\/\/arantv.az\/index.php?rest_route=\/wp\/v2\/users\/2"}],"replies":[{"embeddable":true,"href":"https:\/\/arantv.az\/index.php?rest_route=%2Fwp%2Fv2%2Fcomments&post=849857"}],"version-history":[{"count":1,"href":"https:\/\/arantv.az\/index.php?rest_route=\/wp\/v2\/posts\/849857\/revisions"}],"predecessor-version":[{"id":849859,"href":"https:\/\/arantv.az\/index.php?rest_route=\/wp\/v2\/posts\/849857\/revisions\/849859"}],"wp:featuredmedia":[{"embeddable":true,"href":"https:\/\/arantv.az\/index.php?rest_route=\/wp\/v2\/media\/849858"}],"wp:attachment":[{"href":"https:\/\/arantv.az\/index.php?rest_route=%2Fwp%2Fv2%2Fmedia&parent=849857"}],"wp:term":[{"taxonomy":"category","embeddable":true,"href":"https:\/\/arantv.az\/index.php?rest_route=%2Fwp%2Fv2%2Fcategories&post=849857"},{"taxonomy":"post_tag","embeddable":true,"href":"https:\/\/arantv.az\/index.php?rest_route=%2Fwp%2Fv2%2Ftags&post=849857"}],"curies":[{"name":"wp","href":"https:\/\/api.w.org\/{rel}","templated":true}]}}