{"id":849883,"date":"2026-04-27T16:19:48","date_gmt":"2026-04-27T12:19:48","guid":{"rendered":"https:\/\/arantv.az\/?p=849883"},"modified":"2026-04-27T16:19:48","modified_gmt":"2026-04-27T12:19:48","slug":"%c9%99m%c9%99kdasligimizin-cox-guclu-siyasi-t%c9%99m%c9%99li-vardir","status":"publish","type":"post","link":"https:\/\/arantv.az\/?p=849883","title":{"rendered":"\u018fm\u0259kda\u015fl\u0131\u011f\u0131m\u0131z\u0131n \u00e7ox g\u00fccl\u00fc siyasi t\u0259m\u0259li vard\u0131r"},"content":{"rendered":"<p>2026-c\u0131 il aprelin 25-d\u0259 Ukrayna Prezidenti Volodimir Zelenskinin Az\u0259rbaycana etdiyi r\u0259smi s\u0259f\u0259r iki \u00f6lk\u0259 aras\u0131nda m\u00fcnasib\u0259tl\u0259rin inki\u015faf\u0131 bax\u0131m\u0131ndan m\u00fch\u00fcm siyasi hadis\u0259 kimi yadda qald\u0131. S\u0259f\u0259r \u00e7\u0259r\u00e7iv\u0259sind\u0259 Az\u0259rbaycan Prezidenti \u0130lham \u018fliyev v\u0259 Ukrayna Prezidenti Volodimir Zelenski aras\u0131nda ke\u00e7iril\u0259n g\u00f6r\u00fc\u015fd\u0259n sonra liderl\u0259r m\u0259tbuata b\u0259yanatlarla \u00e7\u0131x\u0131\u015f etdil\u0259r. Prezident \u0130lham \u018fliyevin \u00e7\u0131x\u0131\u015f\u0131 Az\u0259rbaycan\u2013Ukrayna m\u00fcnasib\u0259tl\u0259rinin haz\u0131rk\u0131 v\u0259ziyy\u0259tini, g\u0259l\u0259c\u0259k perspektivl\u0259rini v\u0259 beyn\u0259lxalq m\u0259s\u0259l\u0259l\u0259r\u0259 dair \u00f6lk\u0259mizin prinsipial m\u00f6vqeyini \u0259ks etdirdi. Prezident \u0130lham \u018fliyev \u00e7\u0131x\u0131\u015f\u0131nda ilk n\u00f6vb\u0259d\u0259 Ukrayna Prezidentini Az\u0259rbaycanda salamlamaqdan m\u0259mnunlu\u011funu ifad\u0259 etdi v\u0259 bu s\u0259f\u0259rin ikit\u0259r\u0259fli m\u00fcnasib\u0259tl\u0259rin daha da m\u00f6hk\u0259ml\u0259nm\u0259sin\u0259 xidm\u0259t etdiyini vur\u011fulad\u0131. D\u00f6vl\u0259t ba\u015f\u00e7\u0131s\u0131 qeyd etdi ki, Az\u0259rbaycan il\u0259 Ukrayna aras\u0131nda uzun ill\u0259r\u0259 s\u00f6yk\u0259n\u0259n dostluq \u0259laq\u0259l\u0259ri m\u00f6vcuddur v\u0259 bu m\u00fcnasib\u0259tl\u0259r qar\u015f\u0131l\u0131ql\u0131 h\u00f6rm\u0259t, etimad v\u0259 t\u0259r\u0259fda\u015fl\u0131q prinsipl\u0259ri \u00fcz\u0259rind\u0259 qurulub. Prezident bildirdi ki, iki \u00f6lk\u0259 beyn\u0259lxalq t\u0259\u015fkilatlar \u00e7\u0259r\u00e7iv\u0259sind\u0259 daim bir-birinin \u0259razi b\u00fct\u00f6vl\u00fcy\u00fcn\u00fc v\u0259 suverenliyini d\u0259st\u0259kl\u0259yib. Bu m\u0259qam Az\u0259rbaycan\u0131n xarici siyas\u0259t kursunda d\u0259yi\u015fm\u0259z prinsip olan beyn\u0259lxalq h\u00fcquqa h\u00f6rm\u0259tin n\u00f6vb\u0259ti d\u0259f\u0259 n\u00fcmayi\u015fi idi. \u0130lham \u018fliyev b\u0259yanat\u0131nda enerji sah\u0259sind\u0259 \u0259m\u0259kda\u015fl\u0131\u011f\u0131n x\u00fcsusi \u0259h\u0259miyy\u0259t da\u015f\u0131d\u0131\u011f\u0131n\u0131 diqq\u0259t\u0259 \u00e7atd\u0131rd\u0131. O bildirdi ki, Az\u0259rbaycan uzun ill\u0259rdir Ukraynan\u0131n enerji t\u0259hl\u00fck\u0259sizliyind\u0259 etibarl\u0131 t\u0259r\u0259fda\u015f kimi \u00e7\u0131x\u0131\u015f edir. SOCAR \u015firk\u0259tinin Ukraynada f\u0259aliyy\u0259ti, enerji m\u0259hsullar\u0131n\u0131n t\u0259dar\u00fck\u00fc v\u0259 g\u0259l\u0259c\u0259k birg\u0259 layih\u0259l\u0259r bu \u0259m\u0259kda\u015fl\u0131\u011f\u0131n \u0259sas istiqam\u0259tl\u0259rind\u0259n biridir. Prezident qeyd etdi ki, m\u00fcasir d\u00f6vrd\u0259 enerji t\u0259hl\u00fck\u0259sizliyi h\u0259r bir \u00f6lk\u0259nin milli t\u0259hl\u00fck\u0259sizliyinin ayr\u0131lmaz hiss\u0259sin\u0259 \u00e7evrilib v\u0259 Az\u0259rbaycan bu sah\u0259d\u0259 dost \u00f6lk\u0259l\u0259rl\u0259 \u0259m\u0259kda\u015fl\u0131\u011f\u0131 geni\u015fl\u0259ndirm\u0259k niyy\u0259tind\u0259dir. Bu fikirl\u0259r fonunda Az\u0259rbaycan\u0131n regionda etibarl\u0131 enerji t\u0259r\u0259fda\u015f\u0131 kimi rolu bir daha \u00f6n plana \u00e7\u0131xar\u0131ld\u0131. D\u00f6vl\u0259t ba\u015f\u00e7\u0131s\u0131 humanitar sah\u0259d\u0259 g\u00f6r\u00fcl\u0259n i\u015fl\u0259r\u0259 d\u0259 toxundu. Prezident \u0130lham \u018fliyev Az\u0259rbaycan\u0131n Ukraynaya g\u00f6st\u0259rdiyi humanitar yard\u0131mlar\u0131n davam etdiyini bildirdi. X\u00fcsusil\u0259 m\u00fcharib\u0259d\u0259n z\u0259r\u0259r \u00e7\u0259kmi\u015f u\u015faqlar\u0131n Az\u0259rbaycanda q\u0259bul olunmas\u0131, onlar\u0131n istirah\u0259t v\u0259 reabilitasiya proqramlar\u0131na c\u0259lb edilm\u0259si iki xalq aras\u0131nda humanitar ba\u011flar\u0131n g\u00f6st\u0259ricisi kimi t\u0259qdim olundu. Prezident vur\u011fulad\u0131 ki, Az\u0259rbaycan \u00e7\u0259tin d\u00f6vrl\u0259rd\u0259 dost \u00f6lk\u0259l\u0259rin yan\u0131nda olma\u011fa h\u0259r zaman haz\u0131rd\u0131r v\u0259 bu yard\u0131m siyasi m\u0259qs\u0259d deyil, humanist d\u0259y\u0259rl\u0259r \u0259sas\u0131nda h\u0259yata ke\u00e7irilir. Bu yana\u015fma Az\u0259rbaycan\u0131n beyn\u0259lxalq humanitar siyas\u0259tinin m\u00fch\u00fcm t\u0259rkib hiss\u0259si kimi d\u0259y\u0259rl\u0259ndiril\u0259 bil\u0259r. Prezident \u0130lham \u018fliyevin \u00e7\u0131x\u0131\u015f\u0131nda diqq\u0259t \u00e7\u0259k\u0259n m\u0259qamlardan biri t\u0259hl\u00fck\u0259sizlik v\u0259 regional sabitlik m\u0259s\u0259l\u0259l\u0259ri oldu. D\u00f6vl\u0259t ba\u015f\u00e7\u0131s\u0131 qeyd etdi ki, m\u00fcr\u0259kk\u0259b beyn\u0259lxalq \u015f\u0259raitd\u0259 \u00f6lk\u0259l\u0259r aras\u0131nda qar\u015f\u0131l\u0131ql\u0131 anla\u015fma v\u0259 \u0259m\u0259kda\u015fl\u0131q daha da vacib hala g\u0259lib. O vur\u011fulad\u0131 ki, m\u00fcasir d\u00f6vrd\u0259 t\u0259hl\u00fck\u0259sizlik t\u0259kc\u0259 h\u0259rbi m\u0259s\u0259l\u0259l\u0259rl\u0259 m\u0259hdudla\u015fm\u0131r, eyni zamanda iqtisadi sabitlik, enerji t\u0259minat\u0131 v\u0259 siyasi dialoq da t\u0259hl\u00fck\u0259sizliyin m\u00fch\u00fcm elementl\u0259ridir. Prezident Az\u0259rbaycan\u0131n regionda s\u00fclh\u00fcn v\u0259 sabitliyin t\u0259r\u0259fdar\u0131 oldu\u011funu, beyn\u0259lxalq m\u00fcnasib\u0259tl\u0259rd\u0259 qar\u015f\u0131durmadan deyil, \u0259m\u0259kda\u015fl\u0131qdan yana oldu\u011funu bildirdi. Bu yana\u015fma Az\u0259rbaycan\u0131n balansla\u015fd\u0131r\u0131lm\u0131\u015f xarici siyas\u0259t x\u0259ttini bir daha n\u00fcmayi\u015f etdirdi. \u0130lham \u018fliyev \u00e7\u0131x\u0131\u015f\u0131nda iqtisadi \u0259laq\u0259l\u0259rin geni\u015fl\u0259ndirilm\u0259si m\u0259s\u0259l\u0259sin\u0259 d\u0259 x\u00fcsusi yer ay\u0131rd\u0131. O bildirdi ki, ticar\u0259t d\u00f6vriyy\u0259sinin art\u0131r\u0131lmas\u0131, n\u0259qliyyat-logistika imkanlar\u0131n\u0131n geni\u015fl\u0259ndirilm\u0259si v\u0259 qar\u015f\u0131l\u0131ql\u0131 investisiya layih\u0259l\u0259rinin h\u0259yata ke\u00e7irilm\u0259si \u00fc\u00e7\u00fcn yeni imkanlar yaran\u0131b. Prezident vur\u011fulad\u0131 ki, Az\u0259rbaycan \u015e\u0259rq il\u0259 Q\u0259rbi birl\u0259\u015fdir\u0259n m\u00fch\u00fcm n\u0259qliyyat qov\u015fa\u011f\u0131 kimi Ukrayna il\u0259 iqtisadi \u0259m\u0259kda\u015fl\u0131\u011f\u0131n d\u0259rinl\u0259\u015fm\u0259sind\u0259 maraql\u0131d\u0131r. X\u00fcsusil\u0259 Orta D\u0259hliz v\u0259 dig\u0259r beyn\u0259lxalq n\u0259qliyyat mar\u015frutlar\u0131 \u00e7\u0259r\u00e7iv\u0259sind\u0259 \u0259m\u0259kda\u015fl\u0131\u011f\u0131n geni\u015fl\u0259nm\u0259si h\u0259r iki \u00f6lk\u0259 \u00fc\u00e7\u00fcn yeni perspektivl\u0259r a\u00e7\u0131r. Bu, yaln\u0131z ikit\u0259r\u0259fli m\u00fcnasib\u0259tl\u0259ri deyil, b\u00fct\u00f6vl\u00fckd\u0259 regionun iqtisadi inteqrasiyas\u0131n\u0131 g\u00fccl\u0259ndir\u0259 bil\u0259c\u0259k bir istiqam\u0259t kimi qiym\u0259tl\u0259ndirilir. Prezidentin b\u0259yanat\u0131nda siyasi m\u00fcnasib\u0259tl\u0259rin y\u00fcks\u0259k s\u0259viyy\u0259d\u0259 oldu\u011fu da x\u00fcsusi vur\u011fuland\u0131. \u0130lham \u018fliyev qeyd etdi ki, Az\u0259rbaycan v\u0259 Ukrayna prezidentl\u0259ri aras\u0131nda formala\u015fm\u0131\u015f qar\u015f\u0131l\u0131ql\u0131 etimad \u0259laq\u0259l\u0259ri d\u00f6vl\u0259tl\u0259raras\u0131 m\u00fcnasib\u0259tl\u0259rin inki\u015faf\u0131nda m\u00fch\u00fcm rol oynay\u0131r. O bildirdi ki, bu s\u0259f\u0259r zaman\u0131 apar\u0131lan m\u00fczakir\u0259l\u0259r bir \u00e7ox istiqam\u0259tl\u0259r \u00fczr\u0259 konkret n\u0259tic\u0259l\u0259r\u0259 g\u0259tirib \u00e7\u0131xaracaq. Prezidentin fikrinc\u0259, siyasi dialoqun intensivl\u0259\u015fdirilm\u0259si, h\u00f6kum\u0259tl\u0259raras\u0131 komissiyan\u0131n f\u0259aliyy\u0259tinin geni\u015fl\u0259ndirilm\u0259si v\u0259 m\u00fcxt\u0259lif sah\u0259l\u0259r \u00fczr\u0259 \u0259m\u0259kda\u015fl\u0131q mexanizml\u0259rinin g\u00fccl\u0259ndirilm\u0259si qar\u015f\u0131dak\u0131 d\u00f6vrd\u0259 \u0259sas prioritet olacaq. Bu is\u0259 iki \u00f6lk\u0259 aras\u0131nda strateji t\u0259r\u0259fda\u015fl\u0131\u011f\u0131n yeni m\u0259rh\u0259l\u0259y\u0259 q\u0259d\u0259m qoydu\u011funu g\u00f6st\u0259rir. B\u0259yanat\u0131n \u00fcmumi ruhundan ayd\u0131n g\u00f6r\u00fcn\u00fcrd\u00fc ki, Prezident \u0130lham \u018fliyev Az\u0259rbaycan\u2013Ukrayna m\u00fcnasib\u0259tl\u0259rin\u0259 yaln\u0131z cari siyasi \u0259m\u0259kda\u015fl\u0131q kimi deyil, uzunm\u00fcdd\u0259tli strateji t\u0259r\u0259fda\u015fl\u0131q prizmas\u0131ndan yana\u015f\u0131r. D\u00f6vl\u0259t ba\u015f\u00e7\u0131s\u0131n\u0131n \u00e7\u0131x\u0131\u015f\u0131 Az\u0259rbaycan\u0131n beyn\u0259lxalq m\u00fcnasib\u0259tl\u0259rd\u0259 etibarl\u0131 t\u0259r\u0259fda\u015f, prinsipial d\u00f6vl\u0259t v\u0259 humanitar d\u0259y\u0259rl\u0259r\u0259 sadiq \u00f6lk\u0259 oldu\u011funu bir daha n\u00fcmayi\u015f etdirdi. O, h\u0259m d\u0259 g\u00f6st\u0259rdi ki, Az\u0259rbaycan m\u00fcr\u0259kk\u0259b geosiyasi \u015f\u0259raitd\u0259 m\u00fcst\u0259qil siyas\u0259t y\u00fcr\u00fcd\u0259r\u0259k dost \u00f6lk\u0259l\u0259rl\u0259 qar\u015f\u0131l\u0131ql\u0131 faydal\u0131 m\u00fcnasib\u0259tl\u0259ri inki\u015faf etdirm\u0259k \u0259zmind\u0259dir. Volodimir Zelenskinin Az\u0259rbaycana s\u0259f\u0259ri v\u0259 Prezident \u0130lham \u018fliyevin m\u0259tbuata verdiyi b\u0259yanat iki \u00f6lk\u0259 aras\u0131nda \u0259laq\u0259l\u0259rin yeni m\u0259rh\u0259l\u0259y\u0259 ke\u00e7diyini g\u00f6st\u0259r\u0259n m\u00fch\u00fcm siyasi hadis\u0259 kimi qiym\u0259tl\u0259ndiril\u0259 bil\u0259r. Bu s\u0259f\u0259r yaln\u0131z diplomatik m\u00fcnasib\u0259tl\u0259rin inki\u015faf\u0131 bax\u0131m\u0131ndan deyil, h\u0259m d\u0259 regional \u0259m\u0259kda\u015fl\u0131q, enerji t\u0259hl\u00fck\u0259sizliyi, humanitar d\u0259st\u0259k v\u0259 beyn\u0259lxalq h\u00fcququn m\u00fcdafi\u0259si bax\u0131m\u0131ndan m\u00fch\u00fcm \u0259h\u0259miyy\u0259t da\u015f\u0131y\u0131r. Prezident \u0130lham \u018fliyevin s\u0259sl\u0259ndirdiyi fikirl\u0259r Az\u0259rbaycan\u0131n g\u0259l\u0259c\u0259kd\u0259 d\u0259 beyn\u0259lxalq m\u00fcnasib\u0259tl\u0259r sistemind\u0259 f\u0259al v\u0259 etibarl\u0131 t\u0259r\u0259fda\u015f olaraq qalaca\u011f\u0131n\u0131 bir daha t\u0259sdiq etmi\u015f oldu.<\/p>\n","protected":false},"excerpt":{"rendered":"<p>2026-c\u0131 il aprelin 25-d\u0259 Ukrayna Prezidenti Volodimir Zelenskinin Az\u0259rbaycana etdiyi r\u0259smi s\u0259f\u0259r iki \u00f6lk\u0259 aras\u0131nda m\u00fcnasib\u0259tl\u0259rin inki\u015faf\u0131 bax\u0131m\u0131ndan m\u00fch\u00fcm siyasi hadis\u0259 kimi yadda qald\u0131. S\u0259f\u0259r \u00e7\u0259r\u00e7iv\u0259sind\u0259 Az\u0259rbaycan Prezidenti \u0130lham \u018fliyev v\u0259 Ukrayna Prezidenti Volodimir Zelenski aras\u0131nda ke\u00e7iril\u0259n g\u00f6r\u00fc\u015fd\u0259n sonra liderl\u0259r m\u0259tbuata b\u0259yanatlarla \u00e7\u0131x\u0131\u015f etdil\u0259r. Prezident \u0130lham \u018fliyevin \u00e7\u0131x\u0131\u015f\u0131 Az\u0259rbaycan\u2013Ukrayna m\u00fcnasib\u0259tl\u0259rinin haz\u0131rk\u0131 v\u0259ziyy\u0259tini, g\u0259l\u0259c\u0259k perspektivl\u0259rini v\u0259 beyn\u0259lxalq m\u0259s\u0259l\u0259l\u0259r\u0259 dair \u00f6lk\u0259mizin prinsipial m\u00f6vqeyini \u0259ks etdirdi. Prezident \u0130lham \u018fliyev \u00e7\u0131x\u0131\u015f\u0131nda ilk n\u00f6vb\u0259d\u0259 Ukrayna Prezidentini Az\u0259rbaycanda salamlamaqdan m\u0259mnunlu\u011funu ifad\u0259 etdi v\u0259 bu s\u0259f\u0259rin ikit\u0259r\u0259fli m\u00fcnasib\u0259tl\u0259rin daha da m\u00f6hk\u0259ml\u0259nm\u0259sin\u0259 xidm\u0259t etdiyini vur\u011fulad\u0131. D\u00f6vl\u0259t ba\u015f\u00e7\u0131s\u0131 qeyd&hellip;<\/p>\n","protected":false},"author":2,"featured_media":849884,"comment_status":"closed","ping_status":"closed","sticky":false,"template":"","format":"standard","meta":{"om_disable_all_campaigns":false,"_monsterinsights_skip_tracking":false,"_monsterinsights_sitenote_active":false,"_monsterinsights_sitenote_note":"","_monsterinsights_sitenote_category":0},"categories":[2],"tags":[],"aioseo_notices":[],"gutentor_comment":0,"rttpg_featured_image_url":{"full":["https:\/\/arantv.az\/wp-content\/uploads\/2026\/04\/681294569_924552497206098_4831518809234920333_n.jpg",1200,608,false],"landscape":["https:\/\/arantv.az\/wp-content\/uploads\/2026\/04\/681294569_924552497206098_4831518809234920333_n.jpg",1200,608,false],"portraits":["https:\/\/arantv.az\/wp-content\/uploads\/2026\/04\/681294569_924552497206098_4831518809234920333_n.jpg",1200,608,false],"thumbnail":["https:\/\/arantv.az\/wp-content\/uploads\/2026\/04\/681294569_924552497206098_4831518809234920333_n-500x280.jpg",500,280,true],"medium":["https:\/\/arantv.az\/wp-content\/uploads\/2026\/04\/681294569_924552497206098_4831518809234920333_n-660x334.jpg",660,334,true],"large":["https:\/\/arantv.az\/wp-content\/uploads\/2026\/04\/681294569_924552497206098_4831518809234920333_n-840x426.jpg",640,325,true],"1536x1536":["https:\/\/arantv.az\/wp-content\/uploads\/2026\/04\/681294569_924552497206098_4831518809234920333_n.jpg",1200,608,false],"2048x2048":["https:\/\/arantv.az\/wp-content\/uploads\/2026\/04\/681294569_924552497206098_4831518809234920333_n.jpg",1200,608,false],"post-thumbnail":["https:\/\/arantv.az\/wp-content\/uploads\/2026\/04\/681294569_924552497206098_4831518809234920333_n-240x172.jpg",240,172,true],"advps-thumb-one":["https:\/\/arantv.az\/wp-content\/uploads\/2026\/04\/681294569_924552497206098_4831518809234920333_n.jpg",1200,608,false]},"rttpg_author":{"display_name":"V\u00fcsal Rafiqo\u011flu","author_link":"https:\/\/arantv.az\/?author=2"},"rttpg_comment":0,"rttpg_category":"<a href=\"https:\/\/arantv.az\/?cat=2\" rel=\"category\">Region X\u0259b\u0259rl\u0259ri<\/a>","rttpg_excerpt":"2026-c\u0131 il aprelin 25-d\u0259 Ukrayna Prezidenti Volodimir Zelenskinin Az\u0259rbaycana etdiyi r\u0259smi s\u0259f\u0259r iki \u00f6lk\u0259 aras\u0131nda m\u00fcnasib\u0259tl\u0259rin inki\u015faf\u0131 bax\u0131m\u0131ndan m\u00fch\u00fcm siyasi hadis\u0259 kimi yadda qald\u0131. S\u0259f\u0259r \u00e7\u0259r\u00e7iv\u0259sind\u0259 Az\u0259rbaycan Prezidenti \u0130lham \u018fliyev v\u0259 Ukrayna Prezidenti Volodimir Zelenski aras\u0131nda ke\u00e7iril\u0259n g\u00f6r\u00fc\u015fd\u0259n sonra liderl\u0259r m\u0259tbuata b\u0259yanatlarla \u00e7\u0131x\u0131\u015f etdil\u0259r. Prezident \u0130lham \u018fliyevin \u00e7\u0131x\u0131\u015f\u0131 Az\u0259rbaycan\u2013Ukrayna m\u00fcnasib\u0259tl\u0259rinin haz\u0131rk\u0131 v\u0259ziyy\u0259tini, g\u0259l\u0259c\u0259k perspektivl\u0259rini v\u0259&hellip;","_links":{"self":[{"href":"https:\/\/arantv.az\/index.php?rest_route=\/wp\/v2\/posts\/849883"}],"collection":[{"href":"https:\/\/arantv.az\/index.php?rest_route=\/wp\/v2\/posts"}],"about":[{"href":"https:\/\/arantv.az\/index.php?rest_route=\/wp\/v2\/types\/post"}],"author":[{"embeddable":true,"href":"https:\/\/arantv.az\/index.php?rest_route=\/wp\/v2\/users\/2"}],"replies":[{"embeddable":true,"href":"https:\/\/arantv.az\/index.php?rest_route=%2Fwp%2Fv2%2Fcomments&post=849883"}],"version-history":[{"count":1,"href":"https:\/\/arantv.az\/index.php?rest_route=\/wp\/v2\/posts\/849883\/revisions"}],"predecessor-version":[{"id":849885,"href":"https:\/\/arantv.az\/index.php?rest_route=\/wp\/v2\/posts\/849883\/revisions\/849885"}],"wp:featuredmedia":[{"embeddable":true,"href":"https:\/\/arantv.az\/index.php?rest_route=\/wp\/v2\/media\/849884"}],"wp:attachment":[{"href":"https:\/\/arantv.az\/index.php?rest_route=%2Fwp%2Fv2%2Fmedia&parent=849883"}],"wp:term":[{"taxonomy":"category","embeddable":true,"href":"https:\/\/arantv.az\/index.php?rest_route=%2Fwp%2Fv2%2Fcategories&post=849883"},{"taxonomy":"post_tag","embeddable":true,"href":"https:\/\/arantv.az\/index.php?rest_route=%2Fwp%2Fv2%2Ftags&post=849883"}],"curies":[{"name":"wp","href":"https:\/\/api.w.org\/{rel}","templated":true}]}}