{"id":849894,"date":"2026-04-27T19:08:53","date_gmt":"2026-04-27T15:08:53","guid":{"rendered":"https:\/\/arantv.az\/?p=849894"},"modified":"2026-04-27T19:08:53","modified_gmt":"2026-04-27T15:08:53","slug":"andrey-babis-ilham-%c9%99liyevi-cexiyaya-d%c9%99v%c9%99t-etdi","status":"publish","type":"post","link":"https:\/\/arantv.az\/?p=849894","title":{"rendered":"Andrey Babi\u015f \u0130lham \u018fliyevi \u00c7exiyaya d\u0259v\u0259t etdi"},"content":{"rendered":"<p><strong>\u00c7exiyan\u0131n Ba\u015f naziri Andrey Babi\u015f Az\u0259rbaycan Prezidenti \u0130lham \u018fliyevi \u00c7exiyaya r\u0259smi s\u0259f\u0259r\u0259 d\u0259v\u0259t edib.<\/strong><\/p>\n<p><strong>Musavat.com<\/strong>\u00a0Report-a istinadla bildirir ki,\u00a0bu bar\u0259d\u0259 Babi\u015f &#8220;Facebook&#8221;da yaz\u0131b.<\/p>\n<p>&#8220;M\u0259n bundan sonra da \u00f6lk\u0259l\u0259rimiz aras\u0131ndak\u0131 m\u00fcnasib\u0259tl\u0259ri inki\u015faf etdirm\u0259k niyy\u0259tind\u0259y\u0259m v\u0259 m\u0259mnuniyy\u0259tl\u0259 Prezident \u0130lham \u018fliyevi xan\u0131m\u0131 il\u0259 birlikd\u0259 \u00c7exiyaya s\u0259f\u0259r etm\u0259y\u0259 d\u0259v\u0259t etdim&#8221;, &#8211; o qeyd edib.<\/p>\n<p>Babi\u015f bildirib\u00a0ki, yanvar ay\u0131nda Davosda ke\u00e7iril\u0259n D\u00fcnya \u0130qtisadi Forumunda Prezident \u0130lham \u018fliyev\u0259 Avropa \u0130ttifaq\u0131ndan (A\u0130) k\u0259nara ilk s\u0259f\u0259rinin Az\u0259rbaycana olaca\u011f\u0131na s\u00f6z verib v\u0259 bu v\u0259dini yerin\u0259 yetir\u0259 bildiyind\u0259n m\u0259mnunlu\u011funu ifad\u0259 edib.<\/p>\n<p>&#8220;Dostluq xarakterli v\u0259 \u0259n \u0259sas\u0131, \u00e7ox konkret dan\u0131\u015f\u0131qlara g\u00f6r\u0259 t\u0259\u015f\u0259kk\u00fcr edir\u0259m. \u00d6lk\u0259l\u0259rimiz aras\u0131nda m\u00f6hk\u0259m \u0259laq\u0259l\u0259r v\u0259 ticar\u0259t \u0259m\u0259kda\u015fl\u0131\u011f\u0131 \u00fc\u00e7\u00fcn b\u00f6y\u00fck potensial m\u00f6vcuddur. \u00d6t\u0259n il qar\u015f\u0131l\u0131ql\u0131 \u0259mt\u0259\u0259 d\u00f6vriyy\u0259si $42 mlrd. t\u0259\u015fkil edib ki, bunun da \u0259sas hiss\u0259sini \u00c7exiyaya Az\u0259rbaycan neftinin t\u0259dar\u00fck\u00fc t\u0259\u015fkil edib&#8221;, &#8211; o vur\u011fulay\u0131b.<\/p>\n<p>Ba\u015f nazirin s\u00f6zl\u0259rin\u0259 g\u00f6r\u0259, t\u0259r\u0259fl\u0259r qaz t\u0259dar\u00fck\u00fc \u00fczr\u0259 uzunm\u00fcdd\u0259tli m\u00fcqavil\u0259nin ba\u011flanmas\u0131na olan mara\u011f\u0131 vur\u011fulayaraq, dig\u0259r sah\u0259l\u0259rd\u0259 d\u0259 \u0259m\u0259kda\u015fl\u0131\u011f\u0131 geni\u015fl\u0259ndirm\u0259y\u0259 haz\u0131r olduqlar\u0131n\u0131 ifad\u0259 edibl\u0259r. O qeyd etdi ki, dan\u0131\u015f\u0131qlarda &#8220;\u010cEZ&#8221; (\u00c7exiyan\u0131n \u0259n b\u00f6y\u00fck enerji \u015firk\u0259ti) \u015firk\u0259tinin n\u00fcmay\u0259nd\u0259l\u0259ri i\u015ftirak edir v\u0259 bu prosesin u\u011furla ba\u015fa \u00e7ataca\u011f\u0131na \u0259minliyini bildirib.<\/p>\n<p>O, h\u0259m\u00e7inin vur\u011fulay\u0131b ki, Prezident \u0130lham \u018fliyev enerji v\u0259 s\u0259naye qar\u015f\u0131l\u0131ql\u0131 f\u0259aliyy\u0259tinin inki\u015faf\u0131na diqq\u0259t yetir\u0259c\u0259k h\u00f6kum\u0259tl\u0259raras\u0131 iqtisadi komissiyan\u0131n yarad\u0131lmas\u0131 t\u0259\u015f\u0259bb\u00fcs\u00fc il\u0259 \u00e7\u0131x\u0131\u015f edib. \u00c7exiya t\u0259r\u0259find\u0259n ona s\u0259naye v\u0259 ticar\u0259t naziri Karel Havli\u00e7ek, Az\u0259rbaycan t\u0259r\u0259find\u0259n is\u0259 iqtisadiyyat naziri Mikay\u0131l Cabbarov r\u0259hb\u0259rlik ed\u0259c\u0259k.<\/p>\n<p>Bundan \u0259lav\u0259, t\u0259r\u0259fl\u0259r Karlov\u0131 Var\u0131 hava liman\u0131n\u0131n inki\u015faf\u0131, habel\u0259 \u00c7exiya \u015firk\u0259tl\u0259ri il\u0259 \u0259m\u0259kda\u015fl\u0131q da daxil olmaqla, bir s\u0131ra konkret layih\u0259l\u0259ri m\u00fczakir\u0259 edibl\u0259r. Babi\u015f \u0259lav\u0259 edib ki, \u00c7exiya m\u00fcdafi\u0259 m\u00fc\u0259ssis\u0259l\u0259ri art\u0131q Az\u0259rbaycana \u0259h\u0259miyy\u0259tli t\u0259dar\u00fck\u00e7\u00fcl\u0259rdir.<\/p>\n","protected":false},"excerpt":{"rendered":"<p>\u00c7exiyan\u0131n Ba\u015f naziri Andrey Babi\u015f Az\u0259rbaycan Prezidenti \u0130lham \u018fliyevi \u00c7exiyaya r\u0259smi s\u0259f\u0259r\u0259 d\u0259v\u0259t edib. Musavat.com\u00a0Report-a istinadla bildirir ki,\u00a0bu bar\u0259d\u0259 Babi\u015f &#8220;Facebook&#8221;da yaz\u0131b. &#8220;M\u0259n bundan sonra da \u00f6lk\u0259l\u0259rimiz aras\u0131ndak\u0131 m\u00fcnasib\u0259tl\u0259ri inki\u015faf etdirm\u0259k niyy\u0259tind\u0259y\u0259m v\u0259 m\u0259mnuniyy\u0259tl\u0259 Prezident \u0130lham \u018fliyevi xan\u0131m\u0131 il\u0259 birlikd\u0259 \u00c7exiyaya s\u0259f\u0259r etm\u0259y\u0259 d\u0259v\u0259t etdim&#8221;, &#8211; o qeyd edib. Babi\u015f bildirib\u00a0ki, yanvar ay\u0131nda Davosda ke\u00e7iril\u0259n D\u00fcnya \u0130qtisadi Forumunda Prezident \u0130lham \u018fliyev\u0259 Avropa \u0130ttifaq\u0131ndan (A\u0130) k\u0259nara ilk s\u0259f\u0259rinin Az\u0259rbaycana olaca\u011f\u0131na s\u00f6z verib v\u0259 bu v\u0259dini yerin\u0259 yetir\u0259 bildiyind\u0259n m\u0259mnunlu\u011funu ifad\u0259 edib. &#8220;Dostluq xarakterli v\u0259 \u0259n \u0259sas\u0131, \u00e7ox konkret dan\u0131\u015f\u0131qlara g\u00f6r\u0259 t\u0259\u015f\u0259kk\u00fcr&hellip;<\/p>\n","protected":false},"author":2,"featured_media":849895,"comment_status":"closed","ping_status":"closed","sticky":false,"template":"","format":"standard","meta":{"om_disable_all_campaigns":false,"_monsterinsights_skip_tracking":false,"_monsterinsights_sitenote_active":false,"_monsterinsights_sitenote_note":"","_monsterinsights_sitenote_category":0},"categories":[4],"tags":[],"aioseo_notices":[],"gutentor_comment":0,"rttpg_featured_image_url":{"full":["https:\/\/arantv.az\/wp-content\/uploads\/2026\/04\/76ba2797c88374cac10505f9317c40ce.jpg",870,500,false],"landscape":["https:\/\/arantv.az\/wp-content\/uploads\/2026\/04\/76ba2797c88374cac10505f9317c40ce.jpg",870,500,false],"portraits":["https:\/\/arantv.az\/wp-content\/uploads\/2026\/04\/76ba2797c88374cac10505f9317c40ce.jpg",870,500,false],"thumbnail":["https:\/\/arantv.az\/wp-content\/uploads\/2026\/04\/76ba2797c88374cac10505f9317c40ce-500x280.jpg",500,280,true],"medium":["https:\/\/arantv.az\/wp-content\/uploads\/2026\/04\/76ba2797c88374cac10505f9317c40ce-635x365.jpg",635,365,true],"large":["https:\/\/arantv.az\/wp-content\/uploads\/2026\/04\/76ba2797c88374cac10505f9317c40ce-840x483.jpg",640,368,true],"1536x1536":["https:\/\/arantv.az\/wp-content\/uploads\/2026\/04\/76ba2797c88374cac10505f9317c40ce.jpg",870,500,false],"2048x2048":["https:\/\/arantv.az\/wp-content\/uploads\/2026\/04\/76ba2797c88374cac10505f9317c40ce.jpg",870,500,false],"post-thumbnail":["https:\/\/arantv.az\/wp-content\/uploads\/2026\/04\/76ba2797c88374cac10505f9317c40ce-240x172.jpg",240,172,true],"advps-thumb-one":["https:\/\/arantv.az\/wp-content\/uploads\/2026\/04\/76ba2797c88374cac10505f9317c40ce.jpg",870,500,false]},"rttpg_author":{"display_name":"V\u00fcsal Rafiqo\u011flu","author_link":"https:\/\/arantv.az\/?author=2"},"rttpg_comment":0,"rttpg_category":"<a href=\"https:\/\/arantv.az\/?cat=4\" rel=\"category\">Siyas\u0259t<\/a>","rttpg_excerpt":"\u00c7exiyan\u0131n Ba\u015f naziri Andrey Babi\u015f Az\u0259rbaycan Prezidenti \u0130lham \u018fliyevi \u00c7exiyaya r\u0259smi s\u0259f\u0259r\u0259 d\u0259v\u0259t edib. Musavat.com\u00a0Report-a istinadla bildirir ki,\u00a0bu bar\u0259d\u0259 Babi\u015f &#8220;Facebook&#8221;da yaz\u0131b. &#8220;M\u0259n bundan sonra da \u00f6lk\u0259l\u0259rimiz aras\u0131ndak\u0131 m\u00fcnasib\u0259tl\u0259ri inki\u015faf etdirm\u0259k niyy\u0259tind\u0259y\u0259m v\u0259 m\u0259mnuniyy\u0259tl\u0259 Prezident \u0130lham \u018fliyevi xan\u0131m\u0131 il\u0259 birlikd\u0259 \u00c7exiyaya s\u0259f\u0259r etm\u0259y\u0259 d\u0259v\u0259t etdim&#8221;, &#8211; o qeyd edib. Babi\u015f bildirib\u00a0ki, yanvar ay\u0131nda Davosda ke\u00e7iril\u0259n&hellip;","_links":{"self":[{"href":"https:\/\/arantv.az\/index.php?rest_route=\/wp\/v2\/posts\/849894"}],"collection":[{"href":"https:\/\/arantv.az\/index.php?rest_route=\/wp\/v2\/posts"}],"about":[{"href":"https:\/\/arantv.az\/index.php?rest_route=\/wp\/v2\/types\/post"}],"author":[{"embeddable":true,"href":"https:\/\/arantv.az\/index.php?rest_route=\/wp\/v2\/users\/2"}],"replies":[{"embeddable":true,"href":"https:\/\/arantv.az\/index.php?rest_route=%2Fwp%2Fv2%2Fcomments&post=849894"}],"version-history":[{"count":1,"href":"https:\/\/arantv.az\/index.php?rest_route=\/wp\/v2\/posts\/849894\/revisions"}],"predecessor-version":[{"id":849896,"href":"https:\/\/arantv.az\/index.php?rest_route=\/wp\/v2\/posts\/849894\/revisions\/849896"}],"wp:featuredmedia":[{"embeddable":true,"href":"https:\/\/arantv.az\/index.php?rest_route=\/wp\/v2\/media\/849895"}],"wp:attachment":[{"href":"https:\/\/arantv.az\/index.php?rest_route=%2Fwp%2Fv2%2Fmedia&parent=849894"}],"wp:term":[{"taxonomy":"category","embeddable":true,"href":"https:\/\/arantv.az\/index.php?rest_route=%2Fwp%2Fv2%2Fcategories&post=849894"},{"taxonomy":"post_tag","embeddable":true,"href":"https:\/\/arantv.az\/index.php?rest_route=%2Fwp%2Fv2%2Ftags&post=849894"}],"curies":[{"name":"wp","href":"https:\/\/api.w.org\/{rel}","templated":true}]}}