{"id":849914,"date":"2026-04-27T19:15:11","date_gmt":"2026-04-27T15:15:11","guid":{"rendered":"https:\/\/arantv.az\/?p=849914"},"modified":"2026-04-27T19:15:11","modified_gmt":"2026-04-27T15:15:11","slug":"az%c9%99rbaycan-sahibkarinin-gunu-varmi","status":"publish","type":"post","link":"https:\/\/arantv.az\/?p=849914","title":{"rendered":"Az\u0259rbaycan sahibkar\u0131n\u0131n g\u00fcn\u00fc &#8211; Varm\u0131?"},"content":{"rendered":"<div class=\"text-content\" data-id=\"\" data-url=\"\">\n<p><strong>Az\u0259rbaycan sahibkarlar\u0131 daha bir \u0259lam\u0259tdar g\u00fcn\u00fc qeyd etdil\u0259r. S\u00f6hb\u0259t 25 aprel\u00a0tarixi &#8220;Sahibkarlar G\u00fcn\u00fc&#8221;nd\u0259n gedir.<\/strong><\/p>\n<p><strong>Musavat.com<\/strong>\u00a0x\u0259b\u0259r verir ki, Sahibkarlar G\u00fcn\u00fc Prezident \u0130lham \u018fliyevin 21 aprel 2016-c\u0131 il tarixli s\u0259r\u0259ncam\u0131 il\u0259 \u00f6lk\u0259d\u0259 sahibkarl\u0131\u011f\u0131n inki\u015faf\u0131na d\u00f6vl\u0259t d\u0259st\u0259yini n\u00fcmayi\u015f etdirm\u0259k v\u0259 \u00f6z\u0259l sektorun iqtisadiyyatdak\u0131 rolunu vur\u011fulamaq m\u0259qs\u0259dil\u0259 t\u0259sis edilib.<\/p>\n<p>El\u0259 h\u0259min il Prezident x\u00fcsusi m\u00fc\u015favir\u0259 ke\u00e7ir\u0259r\u0259k sahibkarlara qar\u015f\u0131 soy\u011fun\u00e7uluq h\u0259ddin\u0259 \u00e7atm\u0131\u015f yoxlamalar\u0131, m\u0259murlar\u0131n biznes f\u0259aliyy\u0259ti g\u00f6st\u0259rm\u0259kl\u0259 \u00f6zl\u0259rin\u0259 ba\u011fl\u0131 sahibkarl\u0131q subyektl\u0259rini himay\u0259 etm\u0259l\u0259ri, dig\u0259r sahibkarlar\u0131n s\u0131x\u0131\u015fd\u0131r\u0131lmas\u0131 kimi m\u0259nfi hallar\u0131 k\u0259skin t\u0259nqid etmi\u015fdi. Onun birba\u015fa t\u0259\u015f\u0259bb\u00fcs\u00fc il\u0259 2016-c\u0131 ild\u0259 Az\u0259rbaycanda d\u00f6vl\u0259t qurumlar\u0131n\u0131n sahibkarl\u0131q subyektl\u0259rind\u0259 \u0259sass\u0131z yoxlamalar\u0131n\u0131 qada\u011fan ed\u0259n qanun q\u0259bul edilib. Qanununun q\u00fcvv\u0259d\u0259 olma m\u00fcdd\u0259ti d\u0259f\u0259l\u0259rl\u0259 art\u0131r\u0131l\u0131b, h\u0259l\u0259 d\u0259 q\u00fcvv\u0259d\u0259dir. Lakin qanunun sahibkarlar\u0131 m\u00fcxt\u0259lif d\u00f6vl\u0259t qurumlar\u0131n\u0131n haqs\u0131z t\u0259zyiql\u0259rind\u0259n tam m\u00fchafiz\u0259 etdiyini s\u00f6yl\u0259m\u0259k m\u00fcmk\u00fcn deyil. Eyni zamanda Az\u0259rbaycanda sahibkarl\u0131\u011f\u0131n y\u00fcks\u0259k t\u0259\u015f\u0259kk\u00fcl\u00fc d\u0259 m\u00fc\u015fahid\u0259 olunmur.<\/p>\n<p>R\u0259smi statistikaya \u0259sas\u0259n 2026-c\u0131 ilin yanvar-mart aylar\u0131 \u0259rzind\u0259 Az\u0259rbaycanda statistik vahidl\u0259rin &#8211; y\u0259ni sahibkarl\u0131q qsbyektl\u0259rinin (f\u0259rdi sahibkarlar istisna olmaqla) say\u0131 1,3 faiz artaraq aprelin 1-i v\u0259ziyy\u0259tin\u0259 229\u00a0558 olub. Bunun 217 323-\u00fc \u00f6z\u0259l m\u00fclkiyy\u0259td\u0259dir.<\/p>\n<p><strong>Sahibkarl\u0131q subyektl\u0259rinin iqtisadiyyat\u0131n sah\u0259l\u0259ri \u00fczr\u0259 b\u00f6lg\u00fc nisb\u0259ti Az\u0259rbaycan iqtisadiyyat\u0131n\u0131n s\u0259rv\u0259t g\u0259lirind\u0259n as\u0131l\u0131l\u0131\u011f\u0131n\u0131, istehsal v\u0259 texnologiyalar\u0131n z\u0259if inki\u015faf\u0131n\u0131 ortaya qoyur.<\/strong>\u00a0Bel\u0259 ki, \u00f6lk\u0259 \u00fczr\u0259 sahibkarl\u0131q subyektl\u0259rinin 32,2 faizi ticar\u0259t, n\u0259qliyyat vasit\u0259l\u0259rinin t\u0259miri, c\u0259mi 6,1 faizi emal s\u0259nayesind\u0259 fa\u0259liyy\u0259t g\u00f6st\u0259rir.<\/p>\n<p>Dig\u0259r n\u0259z\u0259r\u0259\u00e7arpan m\u0259qam sahibkarl\u0131q subyektl\u0259rinin regional b\u00f6lg\u00fcs\u00fcd\u00fcr. Bel\u0259 ki, 2026-c\u0131 il aprelin 1-i tarixin\u0259 \u00f6lk\u0259d\u0259 qeyd\u0259 al\u0131nan sahibkarl\u0131q subyektl\u0259rinin 42 faizi, yaxud 153543-\u00fc Bak\u0131 \u015f\u0259h\u0259rind\u0259, daha 7 faizi, yaxud 15339-\u00fc X\u0131z\u0131-Ab\u015feron iqtisadi rayonunda f\u0259aliyy\u0259t g\u00f6st\u0259rib. Bu ilin 3 ay\u0131nda yeni yarad\u0131lan 3050 sahibkarl\u0131q qubyektinin 71,4 faizi Bak\u0131da, 8,8 faizi Ab\u015feron-X\u0131z\u0131, 2,9 faizi Nax\u00e7\u0131van Muxtar Respublikas\u0131, 2,5 faizi M\u0259rk\u0259zi Aran, 2,2 faizi G\u0259nc\u0259-Da\u015fk\u0259s\u0259n\u00a0v\u0259 dig\u0259r iqtisadi rayonlarda f\u0259aliyy\u0259t g\u00f6st\u0259rir. Bu b\u00f6lg\u00fc bir daha g\u00f6st\u0259rir ki, Az\u0259rbaycan iqtisadiyyat\u0131 neft-qaz g\u0259lirl\u0259rind\u0259n as\u0131l\u0131 iqtisadiyyat olaraq qal\u0131r. \u00d6lk\u0259 \u00fczr\u0259 sahibkarl\u0131q subyektl\u0259ri d\u0259 bu g\u0259lirl\u0259rin \u0259ld\u0259 olundu\u011fu paytaxt Bak\u0131 v\u0259 onun \u0259traf\u0131nda topla\u015f\u0131b. Regionlar aras\u0131nda iqtisadi inki\u015faf s\u0259viyy\u0259sind\u0259ki k\u0259skin disproporsiyan\u0131n formala\u015fmas\u0131nda \u00a0bu amil m\u00fch\u00fcm rol oynay\u0131r.<\/p>\n<p>Az\u0259rbaycan sahibkarl\u0131\u011f\u0131n\u0131n \u00f6l\u00e7\u00fcy\u0259 g\u00f6r\u0259 b\u00f6lg\u00fcs\u00fcn\u0259 n\u0259z\u0259r yetirs\u0259k, ciddi disproporsiyan\u0131n oldu\u011funu g\u00f6r\u0259rik. Bel\u0259 ki, 2026-c\u0131 il aprelin 1-i v\u0259ziyy\u0259tin\u0259 \u00f6lk\u0259 \u00fczr\u0259 kommersiya t\u0259\u015fkilatlar\u0131n\u0131n \u00fcmumi say\u0131n\u0131n 91,7 faizini mikro sahibkarl\u0131q, 5,8 faizini ki\u00e7ik sahibkarl\u0131q, 2 faizini orta sahibkarl\u0131q, c\u0259mi 0,5 faizini iri sahibkarl\u0131q subyektl\u0259ri t\u0259\u015fkil edib.<\/p>\n<p><img loading=\"lazy\" src=\"https:\/\/cdn.musavat.com\/news\/images\/Ayten\/x2NH2waOa3l7KDKIRdeMGbrXQlEhTMialGhiX3VO_1200.jpg\" alt=\"x2NH2waOa3l7KDKIRdeMGbrXQlEhTMialGhiX3VO_1200.jpg (47 KB)\" width=\"700\" height=\"450\" \/><\/p>\n<p>Mikrosahibkarlar\u0131n 34,9 faizi, ki\u00e7ik sahibkarlar\u0131n 35,8 faizi, orta sahibkarlar\u0131n 35 faizi, iri sahibkarlar\u0131n 22,4 faizi Ticar\u0259t; n\u0259qliyyat vasit\u0259l\u0259rinin t\u0259miri\u00a0sah\u0259sind\u0259 \u00e7al\u0131\u015f\u0131b. \u00a0Emal s\u0259nayesind\u0259 ki\u00e7ik sahibkarl\u0131q subyektl\u0259rinin 9,8 faizi, orta sahbikarl\u0131q subyektl\u0259rinin 10,9 faizi, iri sahibkarl\u0131q subyektl\u0259rinin is\u0259 13,4 faizi f\u0259aliyy\u0259t g\u00f6st\u0259rib.<\/p>\n<p>Regional b\u00f6lg\u00fcy\u0259 g\u0259ldikd\u0259, mikrosahbikarl\u0131q subyektl\u0259rinin 76,2 faizi, ki\u00e7ik sahibkarl\u0131q subyektl\u0259rinin 80,4 faizi, orta sahibkarl\u0131q subyektl\u0259rinin 75,1 faizi, iri sahibkarl\u0131q subyektl\u0259rinin 83,9 faizi Bak\u0131 v\u0259 Ab\u015feron-X\u0131z\u0131 iqtisadi rayonunda yerl\u0259\u015fir.<\/p>\n<p><strong>\u0130qtisadiyyat Nazirliyi yan\u0131nda D\u00f6vl\u0259t Vergi Xidm\u0259tinin m\u0259lumat\u0131na \u0259sas\u0259n, 2026-c\u0131 il aprelin 1-i v\u0259ziyy\u0259tin\u0259 h\u00fcquqi \u015f\u0259xs yaratmadan sahibkarl\u0131q f\u0259aliyy\u0259ti il\u0259 m\u0259\u015f\u011ful olmaq \u00fc\u00e7\u00fcn 1 milyon 472 min 498 f\u0259rdi sahibkar qeydiyyatdan ke\u00e7ib.<\/strong><\/p>\n<p>Bu g\u00f6st\u0259rici \u00f6t\u0259n ilin eyni d\u00f6vr\u00fcn\u0259 nisb\u0259t\u0259n 4,8 faiz art\u0131b.<\/p>\n<p>Hesabat d\u00f6vr\u00fcnd\u0259 h\u0259r d\u00f6rd f\u0259rdi sahibkardan \u00fc\u00e7\u00fc \u201cK\u0259nd t\u0259s\u0259rr\u00fcfat\u0131, me\u015f\u0259 t\u0259s\u0259rr\u00fcfat\u0131 v\u0259 bal\u0131q\u00e7\u0131l\u0131q\u201d, \u201cTicar\u0259t; n\u0259qliyyat vasit\u0259l\u0259rinin t\u0259miri\u201d, \u201cN\u0259qliyyat v\u0259 anbar t\u0259s\u0259rr\u00fcfat\u0131\u201d v\u0259 \u201cDig\u0259r sah\u0259l\u0259rd\u0259 xidm\u0259tl\u0259rin g\u00f6st\u0259rilm\u0259si\u201d sah\u0259l\u0259ri \u00fczr\u0259 qeydiyyatdan ke\u00e7ib.<\/p>\n<p>Sahibkarl\u0131qla m\u0259\u015f\u011ful olmaq niyy\u0259tind\u0259 olan f\u0259rdi sahibkarlar\u0131n \u0259sas hiss\u0259si Bak\u0131da (25,9\u00a0faiz), L\u0259nk\u0259ran-Astara (10,2\u00a0faiz), Qazax-Tovuz (7,9\u00a0faiz) v\u0259 M\u0259rk\u0259zi Aran (7,2\u00a0faiz) iqtisadi rayonlar\u0131nda qeydiyyata al\u0131n\u0131b.<\/p>\n<p>F\u0259rdi sahibkarlar\u0131n 76,2%-ni ki\u015fil\u0259r (1 milyon 121 min 934 n\u0259f\u0259r), 23,8\u00a0faizini is\u0259 qad\u0131nlar (350 min 564 n\u0259f\u0259r) t\u0259\u015fkil edib.<\/p>\n<p>Qeyd ed\u0259k ki, qad\u0131nlar \u201cDig\u0259r sah\u0259l\u0259rd\u0259 xidm\u0259tl\u0259rin g\u00f6st\u0259rilm\u0259si\u201d f\u0259aliyy\u0259t n\u00f6v\u00fcnd\u0259 m\u00f6vcud sahibkarlar\u0131n \u00fcmumi say\u0131n\u0131n 38,3 faizini, \u201cK\u0259nd t\u0259s\u0259rr\u00fcfat\u0131, me\u015f\u0259 t\u0259s\u0259rr\u00fcfat\u0131 v\u0259 bal\u0131q\u00e7\u0131l\u0131q\u201d f\u0259aliyy\u0259t sah\u0259sind\u0259 26,2 faizini, \u201cTicar\u0259t; n\u0259qliyyat vasit\u0259l\u0259rinin t\u0259miri\u201d f\u0259aliyy\u0259t sah\u0259sind\u0259 is\u0259 22,3 faizini t\u0259\u015fkil edir.<\/p>\n<p><strong>Sahibkar qad\u0131nlar\u0131n 28,1 faizi Bak\u0131da, 10 faizi L\u0259nk\u0259ran-Astara, 9,6 faizi Qazax-Tovuz, qalanlar\u0131 is\u0259 dig\u0259r iqtisadi rayonlarda qeydiyyatdan ke\u00e7ib.<\/strong>\u00a0F\u0259rdi sahibkarlar\u0131n cins t\u0259rkibinin regionlar \u00fczr\u0259 say b\u00f6lg\u00fcs\u00fcnd\u0259n ayd\u0131n olur ki, Qazax-Tovuz (28,8\u00a0faiz), Nax\u00e7\u0131van Muxtar Respublikas\u0131 (27,9\u00a0faiz), G\u0259nc\u0259-Da\u015fk\u0259s\u0259n (26,2\u00a0faiz), Bak\u0131 (25,8\u00a0faiz), \u015e\u0259rqi Z\u0259ng\u0259zur (24,9\u00a0faiz) iqtisadi rayonlar\u0131nda qad\u0131n sahibkarlar\u0131n pay\u0131 \u00f6lk\u0259 \u00fczr\u0259 orta g\u00f6st\u0259ricid\u0259n yuxar\u0131d\u0131r.<\/p>\n<p>Say bax\u0131m\u0131ndan m\u00fch\u00fcm \u00fcst\u00fcnl\u00fckd\u0259 olan mikro, ki\u015fik v\u0259 orta sahibkarlar\u0131n \u00f6lk\u0259 \u00fczr\u0259 kredit qoyulu\u015funda pay\u0131 el\u0259 d\u0259 y\u00fcks\u0259k deyil. Az\u0259rbaycan M\u0259rk\u0259zi Bank\u0131n\u0131n m\u0259lumat\u0131na \u0259sas\u0259n \u00a0bu ilin mart\u0131n 1-n\u0259 Az\u0259rbaycanda banklar\u0131n kredit portfelinin 53,3\u00a0faizi, yaxud 16\u00a0milyard 58 milyon manat\u0131n\u0131 biznes kreditl\u0259ri t\u0259\u015fkil edib.\u00a0Bu, \u00f6t\u0259n ilin eyni d\u00f6vr\u00fcn\u0259 nisb\u0259t\u0259n is\u0259 1,3 milyard manat v\u0259 yaxud 8,7\u00a0faiz\u00a0\u00e7oxdur.<\/p>\n<p><img loading=\"lazy\" src=\"https:\/\/cdn.musavat.com\/news\/images\/Ayten\/6cae0698-fefb-30dc-a429-916abc1a6f74_1200.jpg\" alt=\"6cae0698-fefb-30dc-a429-916abc1a6f74_1200.jpg (123 KB)\" width=\"700\" height=\"521\" \/><\/p>\n<p>Hesabat d\u00f6vr\u00fcnd\u0259 \u00fcmumi biznes kreditl\u0259rinin\u00a08\u00a0milyard 389 milyon manat\u0131, yaxud \u00a052,2 faizi \u00fcmumi sahibkarl\u0131q subyektl\u0259rinin 0,5 faizini t\u0259\u015fkil ed\u0259n iri sahibkarlara verilib. Bu d\u00f6vrd\u0259\u00a0orta sahibkarl\u0131q subyektl\u0259rin\u0259 2\u00a0\u00a0milyard 270 milyon manat\u00a0manat(\u00fcmumi biznes kreditl\u0259rinin 14,1 faizi), ki\u00e7ik sahibkarl\u0131q subyektl\u0259rin\u0259\u00a01\u00a0milyard 722 milyon\u00a0manat(10,7 faiz), mikrosahibkarl\u0131q subyektl\u0259rin\u0259 is\u0259 3 milyard 677 milyon manat(22,9 faiz) kredit verilib.<\/p>\n<p>T\u0259\u0259ss\u00fcf ki, r\u0259smi statistika m\u0259\u015f\u011fulluq sah\u0259sind\u0259 sahibkarl\u0131q subyektl\u0259ri \u00fczr\u0259 b\u00f6lg\u00fcn\u00fc a\u00e7\u0131qlam\u0131r. Buna g\u00f6r\u0259 d\u0259 bu sah\u0259d\u0259 Az\u0259rbaycandak\u0131 v\u0259ziyy\u0259tin d\u00fcnya praktikas\u0131ndan n\u0259 q\u0259d\u0259r f\u0259rql\u0259ndiyini bilmirik. D\u00fcnya praktikas\u0131na \u0259sas\u0259n m\u0259\u015f\u011fullu\u011fun t\u0259minat\u0131nda apar\u0131c\u0131 rol ki\u00e7ik v\u0259 orta sahibkarl\u0131q subyektl\u0259rind\u0259dir. Az\u0259rbaycanda bu nisb\u0259tin miqyas\u0131n\u0131 r\u0259smi statistika a\u00e7\u0131qlam\u0131r. A\u00e7\u0131qlanan muzdlu i\u015f\u00e7i say\u0131na dair statistikadan ayd\u0131n olur ki, \u00f6z\u0259l sektorda bel\u0259 i\u015f\u00e7il\u0259rin say\u0131 az da olsa, davaml\u0131 art\u0131m n\u00fcmayi\u015f etdirir. Bu is\u0259 sahibkarl\u0131q sah\u0259sin\u0259 baxd\u0131qda, \u0259n m\u00fcsb\u0259t tendensiya kimi diqq\u0259ti c\u0259lb edir&#8230;<\/p>\n<p><strong>D\u00fcnya SAK\u0130T,<\/strong><br \/>\n<strong>Musavat.com<\/strong><\/p>\n<\/div>\n<div><\/div>\n<div><\/div>\n<div class=\"inner-social-box\">\n<div class=\"subs-in-social subs-whatsapp\"><\/div>\n<\/div>\n","protected":false},"excerpt":{"rendered":"<p>Az\u0259rbaycan sahibkarlar\u0131 daha bir \u0259lam\u0259tdar g\u00fcn\u00fc qeyd etdil\u0259r. S\u00f6hb\u0259t 25 aprel\u00a0tarixi &#8220;Sahibkarlar G\u00fcn\u00fc&#8221;nd\u0259n gedir. Musavat.com\u00a0x\u0259b\u0259r verir ki, Sahibkarlar G\u00fcn\u00fc Prezident \u0130lham \u018fliyevin 21 aprel 2016-c\u0131 il tarixli s\u0259r\u0259ncam\u0131 il\u0259 \u00f6lk\u0259d\u0259 sahibkarl\u0131\u011f\u0131n inki\u015faf\u0131na d\u00f6vl\u0259t d\u0259st\u0259yini n\u00fcmayi\u015f etdirm\u0259k v\u0259 \u00f6z\u0259l sektorun iqtisadiyyatdak\u0131 rolunu vur\u011fulamaq m\u0259qs\u0259dil\u0259 t\u0259sis edilib. El\u0259 h\u0259min il Prezident x\u00fcsusi m\u00fc\u015favir\u0259 ke\u00e7ir\u0259r\u0259k sahibkarlara qar\u015f\u0131 soy\u011fun\u00e7uluq h\u0259ddin\u0259 \u00e7atm\u0131\u015f yoxlamalar\u0131, m\u0259murlar\u0131n biznes f\u0259aliyy\u0259ti g\u00f6st\u0259rm\u0259kl\u0259 \u00f6zl\u0259rin\u0259 ba\u011fl\u0131 sahibkarl\u0131q subyektl\u0259rini himay\u0259 etm\u0259l\u0259ri, dig\u0259r sahibkarlar\u0131n s\u0131x\u0131\u015fd\u0131r\u0131lmas\u0131 kimi m\u0259nfi hallar\u0131 k\u0259skin t\u0259nqid etmi\u015fdi. Onun birba\u015fa t\u0259\u015f\u0259bb\u00fcs\u00fc il\u0259 2016-c\u0131 ild\u0259 Az\u0259rbaycanda d\u00f6vl\u0259t qurumlar\u0131n\u0131n sahibkarl\u0131q subyektl\u0259rind\u0259 \u0259sass\u0131z yoxlamalar\u0131n\u0131&hellip;<\/p>\n","protected":false},"author":2,"featured_media":849915,"comment_status":"closed","ping_status":"closed","sticky":false,"template":"","format":"standard","meta":{"om_disable_all_campaigns":false,"_monsterinsights_skip_tracking":false,"_monsterinsights_sitenote_active":false,"_monsterinsights_sitenote_note":"","_monsterinsights_sitenote_category":0},"categories":[1],"tags":[],"aioseo_notices":[],"gutentor_comment":0,"rttpg_featured_image_url":{"full":["https:\/\/arantv.az\/wp-content\/uploads\/2026\/04\/d14a291a43668a9c7ff78ea9d6b044ae.jpg",870,500,false],"landscape":["https:\/\/arantv.az\/wp-content\/uploads\/2026\/04\/d14a291a43668a9c7ff78ea9d6b044ae.jpg",870,500,false],"portraits":["https:\/\/arantv.az\/wp-content\/uploads\/2026\/04\/d14a291a43668a9c7ff78ea9d6b044ae.jpg",870,500,false],"thumbnail":["https:\/\/arantv.az\/wp-content\/uploads\/2026\/04\/d14a291a43668a9c7ff78ea9d6b044ae-500x280.jpg",500,280,true],"medium":["https:\/\/arantv.az\/wp-content\/uploads\/2026\/04\/d14a291a43668a9c7ff78ea9d6b044ae-635x365.jpg",635,365,true],"large":["https:\/\/arantv.az\/wp-content\/uploads\/2026\/04\/d14a291a43668a9c7ff78ea9d6b044ae-840x483.jpg",640,368,true],"1536x1536":["https:\/\/arantv.az\/wp-content\/uploads\/2026\/04\/d14a291a43668a9c7ff78ea9d6b044ae.jpg",870,500,false],"2048x2048":["https:\/\/arantv.az\/wp-content\/uploads\/2026\/04\/d14a291a43668a9c7ff78ea9d6b044ae.jpg",870,500,false],"post-thumbnail":["https:\/\/arantv.az\/wp-content\/uploads\/2026\/04\/d14a291a43668a9c7ff78ea9d6b044ae-240x172.jpg",240,172,true],"advps-thumb-one":["https:\/\/arantv.az\/wp-content\/uploads\/2026\/04\/d14a291a43668a9c7ff78ea9d6b044ae.jpg",870,500,false]},"rttpg_author":{"display_name":"V\u00fcsal Rafiqo\u011flu","author_link":"https:\/\/arantv.az\/?author=2"},"rttpg_comment":0,"rttpg_category":"<a href=\"https:\/\/arantv.az\/?cat=1\" rel=\"category\">C\u0259miyy\u0259t<\/a>","rttpg_excerpt":"Az\u0259rbaycan sahibkarlar\u0131 daha bir \u0259lam\u0259tdar g\u00fcn\u00fc qeyd etdil\u0259r. S\u00f6hb\u0259t 25 aprel\u00a0tarixi &#8220;Sahibkarlar G\u00fcn\u00fc&#8221;nd\u0259n gedir. Musavat.com\u00a0x\u0259b\u0259r verir ki, Sahibkarlar G\u00fcn\u00fc Prezident \u0130lham \u018fliyevin 21 aprel 2016-c\u0131 il tarixli s\u0259r\u0259ncam\u0131 il\u0259 \u00f6lk\u0259d\u0259 sahibkarl\u0131\u011f\u0131n inki\u015faf\u0131na d\u00f6vl\u0259t d\u0259st\u0259yini n\u00fcmayi\u015f etdirm\u0259k v\u0259 \u00f6z\u0259l sektorun iqtisadiyyatdak\u0131 rolunu vur\u011fulamaq m\u0259qs\u0259dil\u0259 t\u0259sis edilib. El\u0259 h\u0259min il Prezident x\u00fcsusi m\u00fc\u015favir\u0259 ke\u00e7ir\u0259r\u0259k sahibkarlara qar\u015f\u0131 soy\u011fun\u00e7uluq&hellip;","_links":{"self":[{"href":"https:\/\/arantv.az\/index.php?rest_route=\/wp\/v2\/posts\/849914"}],"collection":[{"href":"https:\/\/arantv.az\/index.php?rest_route=\/wp\/v2\/posts"}],"about":[{"href":"https:\/\/arantv.az\/index.php?rest_route=\/wp\/v2\/types\/post"}],"author":[{"embeddable":true,"href":"https:\/\/arantv.az\/index.php?rest_route=\/wp\/v2\/users\/2"}],"replies":[{"embeddable":true,"href":"https:\/\/arantv.az\/index.php?rest_route=%2Fwp%2Fv2%2Fcomments&post=849914"}],"version-history":[{"count":1,"href":"https:\/\/arantv.az\/index.php?rest_route=\/wp\/v2\/posts\/849914\/revisions"}],"predecessor-version":[{"id":849916,"href":"https:\/\/arantv.az\/index.php?rest_route=\/wp\/v2\/posts\/849914\/revisions\/849916"}],"wp:featuredmedia":[{"embeddable":true,"href":"https:\/\/arantv.az\/index.php?rest_route=\/wp\/v2\/media\/849915"}],"wp:attachment":[{"href":"https:\/\/arantv.az\/index.php?rest_route=%2Fwp%2Fv2%2Fmedia&parent=849914"}],"wp:term":[{"taxonomy":"category","embeddable":true,"href":"https:\/\/arantv.az\/index.php?rest_route=%2Fwp%2Fv2%2Fcategories&post=849914"},{"taxonomy":"post_tag","embeddable":true,"href":"https:\/\/arantv.az\/index.php?rest_route=%2Fwp%2Fv2%2Ftags&post=849914"}],"curies":[{"name":"wp","href":"https:\/\/api.w.org\/{rel}","templated":true}]}}