{"id":849927,"date":"2026-04-27T20:32:58","date_gmt":"2026-04-27T16:32:58","guid":{"rendered":"https:\/\/arantv.az\/?p=849927"},"modified":"2026-04-27T20:32:58","modified_gmt":"2026-04-27T16:32:58","slug":"prezident-manatin-m%c9%99z%c9%99nn%c9%99sind%c9%99n-danisdi","status":"publish","type":"post","link":"https:\/\/arantv.az\/?p=849927","title":{"rendered":"Prezident manat\u0131n m\u0259z\u0259nn\u0259sind\u0259n dan\u0131\u015fd\u0131"},"content":{"rendered":"<p><strong>Az\u0259rbaycan\u0131n maliyy\u0259 v\u0259 iqtisadi v\u0259ziyy\u0259ti sabitdir. \u00c7ox ill\u0259r \u0259rzind\u0259, art\u0131q doqquz ildir ki, valyutam\u0131z sabitdir.<\/strong><\/p>\n<p><strong>Musavat.com<\/strong>\u00a0x\u0259b\u0259r verir ki, bu s\u00f6zl\u0259ri Prezident \u0130lham \u018fliyev Az\u0259rbaycan-\u00c7exiya biznes-forumunda \u00e7\u0131x\u0131\u015f\u0131 zaman\u0131 s\u00f6yl\u0259yib.<\/p>\n<p>\u018fslind\u0259, m\u0259z\u0259nn\u0259nin d\u0259yi\u015fm\u0259z olaraq qald\u0131\u011f\u0131n\u0131, 2017-ci ild\u0259n etibar\u0259n bir dollar\u0131n 1,7 manat t\u0259\u015fkil etdiyini vur\u011fulayan d\u00f6vl\u0259timizin ba\u015f\u00e7\u0131s\u0131 deyib: &#8220;D\u00fc\u015f\u00fcn\u00fcr\u0259m ki, bu, h\u0259r hans\u0131 yerli v\u0259 xarici potensial s\u0259rmay\u0259dar \u00fc\u00e7\u00fcn m\u00fch\u00fcm g\u00f6st\u0259ricidir&#8221;.<\/p>\n","protected":false},"excerpt":{"rendered":"<p>Az\u0259rbaycan\u0131n maliyy\u0259 v\u0259 iqtisadi v\u0259ziyy\u0259ti sabitdir. \u00c7ox ill\u0259r \u0259rzind\u0259, art\u0131q doqquz ildir ki, valyutam\u0131z sabitdir. Musavat.com\u00a0x\u0259b\u0259r verir ki, bu s\u00f6zl\u0259ri Prezident \u0130lham \u018fliyev Az\u0259rbaycan-\u00c7exiya biznes-forumunda \u00e7\u0131x\u0131\u015f\u0131 zaman\u0131 s\u00f6yl\u0259yib. \u018fslind\u0259, m\u0259z\u0259nn\u0259nin d\u0259yi\u015fm\u0259z olaraq qald\u0131\u011f\u0131n\u0131, 2017-ci ild\u0259n etibar\u0259n bir dollar\u0131n 1,7 manat t\u0259\u015fkil etdiyini vur\u011fulayan d\u00f6vl\u0259timizin ba\u015f\u00e7\u0131s\u0131 deyib: &#8220;D\u00fc\u015f\u00fcn\u00fcr\u0259m ki, bu, h\u0259r hans\u0131 yerli v\u0259 xarici potensial s\u0259rmay\u0259dar \u00fc\u00e7\u00fcn m\u00fch\u00fcm g\u00f6st\u0259ricidir&#8221;.<\/p>\n","protected":false},"author":2,"featured_media":849928,"comment_status":"closed","ping_status":"closed","sticky":false,"template":"","format":"standard","meta":{"om_disable_all_campaigns":false,"_monsterinsights_skip_tracking":false,"_monsterinsights_sitenote_active":false,"_monsterinsights_sitenote_note":"","_monsterinsights_sitenote_category":0},"categories":[4],"tags":[],"aioseo_notices":[],"gutentor_comment":0,"rttpg_featured_image_url":{"full":["https:\/\/arantv.az\/wp-content\/uploads\/2026\/04\/df00a4083654d507c4d8b4ab51c13846.jpg",750,422,false],"landscape":["https:\/\/arantv.az\/wp-content\/uploads\/2026\/04\/df00a4083654d507c4d8b4ab51c13846.jpg",750,422,false],"portraits":["https:\/\/arantv.az\/wp-content\/uploads\/2026\/04\/df00a4083654d507c4d8b4ab51c13846.jpg",750,422,false],"thumbnail":["https:\/\/arantv.az\/wp-content\/uploads\/2026\/04\/df00a4083654d507c4d8b4ab51c13846-500x280.jpg",500,280,true],"medium":["https:\/\/arantv.az\/wp-content\/uploads\/2026\/04\/df00a4083654d507c4d8b4ab51c13846-649x365.jpg",649,365,true],"large":["https:\/\/arantv.az\/wp-content\/uploads\/2026\/04\/df00a4083654d507c4d8b4ab51c13846.jpg",640,360,false],"1536x1536":["https:\/\/arantv.az\/wp-content\/uploads\/2026\/04\/df00a4083654d507c4d8b4ab51c13846.jpg",750,422,false],"2048x2048":["https:\/\/arantv.az\/wp-content\/uploads\/2026\/04\/df00a4083654d507c4d8b4ab51c13846.jpg",750,422,false],"post-thumbnail":["https:\/\/arantv.az\/wp-content\/uploads\/2026\/04\/df00a4083654d507c4d8b4ab51c13846-240x172.jpg",240,172,true],"advps-thumb-one":["https:\/\/arantv.az\/wp-content\/uploads\/2026\/04\/df00a4083654d507c4d8b4ab51c13846.jpg",750,422,false]},"rttpg_author":{"display_name":"V\u00fcsal Rafiqo\u011flu","author_link":"https:\/\/arantv.az\/?author=2"},"rttpg_comment":0,"rttpg_category":"<a href=\"https:\/\/arantv.az\/?cat=4\" rel=\"category\">Siyas\u0259t<\/a>","rttpg_excerpt":"Az\u0259rbaycan\u0131n maliyy\u0259 v\u0259 iqtisadi v\u0259ziyy\u0259ti sabitdir. \u00c7ox ill\u0259r \u0259rzind\u0259, art\u0131q doqquz ildir ki, valyutam\u0131z sabitdir. Musavat.com\u00a0x\u0259b\u0259r verir ki, bu s\u00f6zl\u0259ri Prezident \u0130lham \u018fliyev Az\u0259rbaycan-\u00c7exiya biznes-forumunda \u00e7\u0131x\u0131\u015f\u0131 zaman\u0131 s\u00f6yl\u0259yib. \u018fslind\u0259, m\u0259z\u0259nn\u0259nin d\u0259yi\u015fm\u0259z olaraq qald\u0131\u011f\u0131n\u0131, 2017-ci ild\u0259n etibar\u0259n bir dollar\u0131n 1,7 manat t\u0259\u015fkil etdiyini vur\u011fulayan d\u00f6vl\u0259timizin ba\u015f\u00e7\u0131s\u0131 deyib: &#8220;D\u00fc\u015f\u00fcn\u00fcr\u0259m ki, bu, h\u0259r hans\u0131 yerli v\u0259 xarici potensial&hellip;","_links":{"self":[{"href":"https:\/\/arantv.az\/index.php?rest_route=\/wp\/v2\/posts\/849927"}],"collection":[{"href":"https:\/\/arantv.az\/index.php?rest_route=\/wp\/v2\/posts"}],"about":[{"href":"https:\/\/arantv.az\/index.php?rest_route=\/wp\/v2\/types\/post"}],"author":[{"embeddable":true,"href":"https:\/\/arantv.az\/index.php?rest_route=\/wp\/v2\/users\/2"}],"replies":[{"embeddable":true,"href":"https:\/\/arantv.az\/index.php?rest_route=%2Fwp%2Fv2%2Fcomments&post=849927"}],"version-history":[{"count":1,"href":"https:\/\/arantv.az\/index.php?rest_route=\/wp\/v2\/posts\/849927\/revisions"}],"predecessor-version":[{"id":849929,"href":"https:\/\/arantv.az\/index.php?rest_route=\/wp\/v2\/posts\/849927\/revisions\/849929"}],"wp:featuredmedia":[{"embeddable":true,"href":"https:\/\/arantv.az\/index.php?rest_route=\/wp\/v2\/media\/849928"}],"wp:attachment":[{"href":"https:\/\/arantv.az\/index.php?rest_route=%2Fwp%2Fv2%2Fmedia&parent=849927"}],"wp:term":[{"taxonomy":"category","embeddable":true,"href":"https:\/\/arantv.az\/index.php?rest_route=%2Fwp%2Fv2%2Fcategories&post=849927"},{"taxonomy":"post_tag","embeddable":true,"href":"https:\/\/arantv.az\/index.php?rest_route=%2Fwp%2Fv2%2Ftags&post=849927"}],"curies":[{"name":"wp","href":"https:\/\/api.w.org\/{rel}","templated":true}]}}