{"id":849930,"date":"2026-04-27T20:34:52","date_gmt":"2026-04-27T16:34:52","guid":{"rendered":"https:\/\/arantv.az\/?p=849930"},"modified":"2026-04-27T20:34:52","modified_gmt":"2026-04-27T16:34:52","slug":"olk%c9%99mizd%c9%99-turaz-qartali-2026-birg%c9%99-taktiki-ucus-t%c9%99limi-baslayib","status":"publish","type":"post","link":"https:\/\/arantv.az\/?p=849930","title":{"rendered":"\u00d6lk\u0259mizd\u0259 \u201cTurAz Qartal\u0131 &#8211; 2026&#8243; birg\u0259 taktiki-u\u00e7u\u015f t\u0259limi ba\u015flay\u0131b"},"content":{"rendered":"<div class=\"content lead font-weight-normal\">\n<p>Az\u0259rbaycan Respublikas\u0131 il\u0259 T\u00fcrkiy\u0259 Respublikas\u0131 aras\u0131nda h\u0259rbi \u0259m\u0259kda\u015fl\u0131q \u00e7\u0259r\u00e7iv\u0259sind\u0259 \u00f6lk\u0259mizd\u0259\u00a0 \u201cTurAz Qartal\u0131 &#8211; 2026\u201d birg\u0259 taktiki-u\u00e7u\u015f t\u0259limi ba\u015flay\u0131b.<\/p>\n<p>\u201c<strong>\u0130ki sahil\u201d x\u0259b\u0259r verir ki,\u00a0<\/strong>bu bar\u0259d\u0259 M\u00fcdafi\u0259 Nazirliyi m\u0259lumat yay\u0131b.<\/p>\n<p>Qeyd edilib ki, \u0259vv\u0259lc\u0259 brifinq zal\u0131nda Az\u0259rbaycan xalq\u0131n\u0131n \u00dcmummilli Lideri Heyd\u0259r \u018fliyev v\u0259 V\u0259t\u0259n u\u011frunda canlar\u0131ndan ke\u00e7\u0259n \u015f\u0259hidl\u0259rimizin xatir\u0259si d\u0259rin ehtiramla yad edilib. Daha sonra Az\u0259rbaycan v\u0259 T\u00fcrkiy\u0259 Respublikalar\u0131n\u0131n D\u00f6vl\u0259t himnl\u0259ri s\u0259sl\u0259ndirilib.<\/p>\n<p>T\u0259lim \u00fc\u00e7\u00fcn haz\u0131rlanm\u0131\u015f video\u00e7arx i\u015ftirak\u00e7\u0131lara n\u00fcmayi\u015f etdirilib.<\/p>\n<p>Daha sonra inzibati m\u0259lumatland\u0131rma, icra olunacaq t\u0259lim tap\u015f\u0131r\u0131qlar\u0131 haqq\u0131nda brifinq t\u0259qdim olunub.<\/p>\n<p>Qeyd ed\u0259k ki, t\u0259lim iki \u00f6lk\u0259nin m\u00fc\u015ft\u0259r\u0259k hava \u0259m\u0259liyyatlar\u0131n\u0131n planla\u015fd\u0131r\u0131lmas\u0131 v\u0259 icras\u0131 \u00fczr\u0259 qar\u015f\u0131l\u0131ql\u0131 t\u0259cr\u00fcb\u0259 m\u00fcbadil\u0259sinin apar\u0131lmas\u0131, \u015f\u0259xsi hey\u0259tin pe\u015f\u0259karl\u0131\u011f\u0131n\u0131n art\u0131r\u0131lmas\u0131 v\u0259 koordinasiyan\u0131n g\u00fccl\u0259ndirilm\u0259si m\u0259qs\u0259dil\u0259 ke\u00e7irilir.<\/p>\n<div class=\"clearfix\"><\/div>\n<\/div>\n<div class=\"fotorama--hidden\"><\/div>\n<div id=\"galleryList\" class=\"fotorama fotorama1777307623128\" data-nav=\"thumbs\" data-width=\"100%\" data-thumbwidth=\"90\" data-thumbheight=\"60\" data-allowfullscreen=\"true\" data-autoplay=\"3000\" data-ratio=\"1.5\" data-keyboard=\"true\" data-fit=\"contain\">\n<div class=\"fotorama__wrap fotorama__wrap--css3 fotorama__wrap--slide fotorama__wrap--toggle-arrows fotorama__wrap--no-controls\">\n<div class=\"fotorama__stage fotorama__pointer\">\n<div class=\"fotorama__fullscreen-icon\" tabindex=\"0\" role=\"button\"><\/div>\n<div class=\"fotorama__stage__shaft\">\n<div class=\"fotorama__stage__frame fotorama__loaded fotorama__loaded--img\"><img class=\"fotorama__img\" src=\"https:\/\/ikisahil.az\/photo\/0x0_2\/upload\/gallery\/2026\/04\/27\/-9f6f2381177730617377503020410215902.jpg\" \/><\/div>\n<div class=\"fotorama__stage__frame fotorama__loaded fotorama__loaded--img fotorama__active\"><img class=\"fotorama__img\" src=\"https:\/\/ikisahil.az\/photo\/0x0_2\/upload\/gallery\/2026\/04\/27\/-f9fd5ec4177730617366784890610508752.jpg\" \/><\/div>\n<div class=\"fotorama__stage__frame fotorama__loaded fotorama__loaded--img\"><img class=\"fotorama__img\" src=\"https:\/\/ikisahil.az\/photo\/0x0_2\/upload\/gallery\/2026\/04\/27\/-c2ed25e9177730617330643092710603844.jpg\" \/><\/div>\n<\/div>\n<div class=\"fotorama__arr fotorama__arr--prev\" tabindex=\"0\" role=\"button\"><\/div>\n<div class=\"fotorama__arr fotorama__arr--next\" tabindex=\"0\" role=\"button\"><\/div>\n<div class=\"fotorama__video-close\"><\/div>\n<\/div>\n<div class=\"fotorama__nav-wrap\">\n<div class=\"fotorama__nav fotorama__nav--thumbs fotorama__shadows--left\">\n<div class=\"fotorama__nav__shaft fotorama__grab\">\n<div class=\"fotorama__thumb-border\"><\/div>\n<div class=\"fotorama__nav__frame fotorama__nav__frame--thumb\" tabindex=\"0\" role=\"button\">\n<div class=\"fotorama__thumb fotorama__loaded fotorama__loaded--img\"><img class=\"fotorama__img\" src=\"https:\/\/ikisahil.az\/photo\/150x100_2\/upload\/gallery\/2026\/04\/27\/-697e382c177730617343832015210083126.jpg\" \/><\/div>\n<\/div>\n<div class=\"fotorama__nav__frame fotorama__nav__frame--thumb\" tabindex=\"0\" role=\"button\">\n<div class=\"fotorama__thumb fotorama__loaded fotorama__loaded--img\"><img class=\"fotorama__img\" src=\"https:\/\/ikisahil.az\/photo\/150x100_2\/upload\/gallery\/2026\/04\/27\/-d1d5923f177730617323722827510003395.jpg\" \/><\/div>\n<\/div>\n<div class=\"fotorama__nav__frame fotorama__nav__frame--thumb\" tabindex=\"0\" role=\"button\">\n<div class=\"fotorama__thumb fotorama__loaded fotorama__loaded--img\"><img class=\"fotorama__img\" src=\"https:\/\/ikisahil.az\/photo\/150x100_2\/upload\/gallery\/2026\/04\/27\/-3ebd728d177730617320322878410877882.jpg\" \/><\/div>\n<\/div>\n<div class=\"fotorama__nav__frame fotorama__nav__frame--thumb\" tabindex=\"0\" role=\"button\">\n<div class=\"fotorama__thumb fotorama__loaded fotorama__loaded--img\"><img class=\"fotorama__img\" src=\"https:\/\/ikisahil.az\/photo\/150x100_2\/upload\/gallery\/2026\/04\/27\/-9f6f2381177730617377503020410215902.jpg\" \/><\/div>\n<\/div>\n<div class=\"fotorama__nav__frame fotorama__nav__frame--thumb fotorama__active\" tabindex=\"0\" role=\"button\">\n<div class=\"fotorama__thumb fotorama__loaded fotorama__loaded--img\"><img class=\"fotorama__img\" src=\"https:\/\/ikisahil.az\/photo\/150x100_2\/upload\/gallery\/2026\/04\/27\/-f9fd5ec4177730617366784890610508752.jpg\" \/><\/div>\n<\/div>\n<div class=\"fotorama__nav__frame fotorama__nav__frame--thumb\" tabindex=\"0\" role=\"button\">\n<div class=\"fotorama__thumb fotorama__loaded fotorama__loaded--img\"><img class=\"fotorama__img\" src=\"https:\/\/ikisahil.az\/photo\/150x100_2\/upload\/gallery\/2026\/04\/27\/-c2ed25e9177730617330643092710603844.jpg\" \/><\/div>\n<\/div>\n<div class=\"fotorama__nav__frame fotorama__nav__frame--thumb\" tabindex=\"0\" role=\"button\">\n<div class=\"fotorama__thumb fotorama__loaded fotorama__loaded--img\"><img class=\"fotorama__img\" src=\"https:\/\/ikisahil.az\/photo\/150x100_2\/upload\/gallery\/2026\/04\/27\/-ada5e0b6177730617340057567210705127.jpg\" \/><\/div>\n<\/div>\n<\/div>\n<\/div>\n<\/div>\n<\/div>\n<\/div>\n<div class=\"sharing my-2 row no-gutters d-print-none\"><\/div>\n<div class=\"d-none d-sm-block\"><\/div>\n","protected":false},"excerpt":{"rendered":"<p>Az\u0259rbaycan Respublikas\u0131 il\u0259 T\u00fcrkiy\u0259 Respublikas\u0131 aras\u0131nda h\u0259rbi \u0259m\u0259kda\u015fl\u0131q \u00e7\u0259r\u00e7iv\u0259sind\u0259 \u00f6lk\u0259mizd\u0259\u00a0 \u201cTurAz Qartal\u0131 &#8211; 2026\u201d birg\u0259 taktiki-u\u00e7u\u015f t\u0259limi ba\u015flay\u0131b. \u201c\u0130ki sahil\u201d x\u0259b\u0259r verir ki,\u00a0bu bar\u0259d\u0259 M\u00fcdafi\u0259 Nazirliyi m\u0259lumat yay\u0131b. Qeyd edilib ki, \u0259vv\u0259lc\u0259 brifinq zal\u0131nda Az\u0259rbaycan xalq\u0131n\u0131n \u00dcmummilli Lideri Heyd\u0259r \u018fliyev v\u0259 V\u0259t\u0259n u\u011frunda canlar\u0131ndan ke\u00e7\u0259n \u015f\u0259hidl\u0259rimizin xatir\u0259si d\u0259rin ehtiramla yad edilib. Daha sonra Az\u0259rbaycan v\u0259 T\u00fcrkiy\u0259 Respublikalar\u0131n\u0131n D\u00f6vl\u0259t himnl\u0259ri s\u0259sl\u0259ndirilib. T\u0259lim \u00fc\u00e7\u00fcn haz\u0131rlanm\u0131\u015f video\u00e7arx i\u015ftirak\u00e7\u0131lara n\u00fcmayi\u015f etdirilib. Daha sonra inzibati m\u0259lumatland\u0131rma, icra olunacaq t\u0259lim tap\u015f\u0131r\u0131qlar\u0131 haqq\u0131nda brifinq t\u0259qdim olunub. Qeyd ed\u0259k ki, t\u0259lim iki \u00f6lk\u0259nin m\u00fc\u015ft\u0259r\u0259k hava \u0259m\u0259liyyatlar\u0131n\u0131n planla\u015fd\u0131r\u0131lmas\u0131 v\u0259&hellip;<\/p>\n","protected":false},"author":2,"featured_media":849931,"comment_status":"closed","ping_status":"closed","sticky":false,"template":"","format":"standard","meta":{"om_disable_all_campaigns":false,"_monsterinsights_skip_tracking":false,"_monsterinsights_sitenote_active":false,"_monsterinsights_sitenote_note":"","_monsterinsights_sitenote_category":0},"categories":[10],"tags":[],"aioseo_notices":[],"gutentor_comment":0,"rttpg_featured_image_url":{"full":["https:\/\/arantv.az\/wp-content\/uploads\/2026\/04\/571e0f7e177730615017593384610655692.jpg",975,540,false],"landscape":["https:\/\/arantv.az\/wp-content\/uploads\/2026\/04\/571e0f7e177730615017593384610655692.jpg",975,540,false],"portraits":["https:\/\/arantv.az\/wp-content\/uploads\/2026\/04\/571e0f7e177730615017593384610655692.jpg",975,540,false],"thumbnail":["https:\/\/arantv.az\/wp-content\/uploads\/2026\/04\/571e0f7e177730615017593384610655692-500x280.jpg",500,280,true],"medium":["https:\/\/arantv.az\/wp-content\/uploads\/2026\/04\/571e0f7e177730615017593384610655692-660x365.jpg",660,365,true],"large":["https:\/\/arantv.az\/wp-content\/uploads\/2026\/04\/571e0f7e177730615017593384610655692-840x465.jpg",640,354,true],"1536x1536":["https:\/\/arantv.az\/wp-content\/uploads\/2026\/04\/571e0f7e177730615017593384610655692.jpg",975,540,false],"2048x2048":["https:\/\/arantv.az\/wp-content\/uploads\/2026\/04\/571e0f7e177730615017593384610655692.jpg",975,540,false],"post-thumbnail":["https:\/\/arantv.az\/wp-content\/uploads\/2026\/04\/571e0f7e177730615017593384610655692-240x172.jpg",240,172,true],"advps-thumb-one":["https:\/\/arantv.az\/wp-content\/uploads\/2026\/04\/571e0f7e177730615017593384610655692.jpg",975,540,false]},"rttpg_author":{"display_name":"V\u00fcsal Rafiqo\u011flu","author_link":"https:\/\/arantv.az\/?author=2"},"rttpg_comment":0,"rttpg_category":"<a href=\"https:\/\/arantv.az\/?cat=10\" rel=\"category\">C\u0259bh\u0259d\u0259n X\u0259b\u0259r<\/a>","rttpg_excerpt":"Az\u0259rbaycan Respublikas\u0131 il\u0259 T\u00fcrkiy\u0259 Respublikas\u0131 aras\u0131nda h\u0259rbi \u0259m\u0259kda\u015fl\u0131q \u00e7\u0259r\u00e7iv\u0259sind\u0259 \u00f6lk\u0259mizd\u0259\u00a0 \u201cTurAz Qartal\u0131 &#8211; 2026\u201d birg\u0259 taktiki-u\u00e7u\u015f t\u0259limi ba\u015flay\u0131b. \u201c\u0130ki sahil\u201d x\u0259b\u0259r verir ki,\u00a0bu bar\u0259d\u0259 M\u00fcdafi\u0259 Nazirliyi m\u0259lumat yay\u0131b. Qeyd edilib ki, \u0259vv\u0259lc\u0259 brifinq zal\u0131nda Az\u0259rbaycan xalq\u0131n\u0131n \u00dcmummilli Lideri Heyd\u0259r \u018fliyev v\u0259 V\u0259t\u0259n u\u011frunda canlar\u0131ndan ke\u00e7\u0259n \u015f\u0259hidl\u0259rimizin xatir\u0259si d\u0259rin ehtiramla yad edilib. Daha sonra Az\u0259rbaycan v\u0259&hellip;","_links":{"self":[{"href":"https:\/\/arantv.az\/index.php?rest_route=\/wp\/v2\/posts\/849930"}],"collection":[{"href":"https:\/\/arantv.az\/index.php?rest_route=\/wp\/v2\/posts"}],"about":[{"href":"https:\/\/arantv.az\/index.php?rest_route=\/wp\/v2\/types\/post"}],"author":[{"embeddable":true,"href":"https:\/\/arantv.az\/index.php?rest_route=\/wp\/v2\/users\/2"}],"replies":[{"embeddable":true,"href":"https:\/\/arantv.az\/index.php?rest_route=%2Fwp%2Fv2%2Fcomments&post=849930"}],"version-history":[{"count":1,"href":"https:\/\/arantv.az\/index.php?rest_route=\/wp\/v2\/posts\/849930\/revisions"}],"predecessor-version":[{"id":849932,"href":"https:\/\/arantv.az\/index.php?rest_route=\/wp\/v2\/posts\/849930\/revisions\/849932"}],"wp:featuredmedia":[{"embeddable":true,"href":"https:\/\/arantv.az\/index.php?rest_route=\/wp\/v2\/media\/849931"}],"wp:attachment":[{"href":"https:\/\/arantv.az\/index.php?rest_route=%2Fwp%2Fv2%2Fmedia&parent=849930"}],"wp:term":[{"taxonomy":"category","embeddable":true,"href":"https:\/\/arantv.az\/index.php?rest_route=%2Fwp%2Fv2%2Fcategories&post=849930"},{"taxonomy":"post_tag","embeddable":true,"href":"https:\/\/arantv.az\/index.php?rest_route=%2Fwp%2Fv2%2Ftags&post=849930"}],"curies":[{"name":"wp","href":"https:\/\/api.w.org\/{rel}","templated":true}]}}