{"id":849936,"date":"2026-04-27T20:39:00","date_gmt":"2026-04-27T16:39:00","guid":{"rendered":"https:\/\/arantv.az\/?p=849936"},"modified":"2026-04-27T20:39:00","modified_gmt":"2026-04-27T16:39:00","slug":"turkiy%c9%99nin-quru-qosunlari-komandani-az%c9%99rbaycanda-r%c9%99smi-s%c9%99f%c9%99rd%c9%99dir","status":"publish","type":"post","link":"https:\/\/arantv.az\/?p=849936","title":{"rendered":"T\u00fcrkiy\u0259nin Quru Qo\u015funlar\u0131 komandan\u0131 Az\u0259rbaycanda r\u0259smi s\u0259f\u0259rd\u0259dir"},"content":{"rendered":"<p>Aprelin 27-d\u0259 M\u00fcdafi\u0259 nazirinin birinci m\u00fcavini \u2013 Az\u0259rbaycan Ordusunun Ba\u015f Q\u0259rargah r\u0259isi general-polkovnik K\u0259rim V\u0259liyev \u00f6lk\u0259mizd\u0259 r\u0259smi s\u0259f\u0259rd\u0259 olan T\u00fcrkiy\u0259 Respublikas\u0131 Silahl\u0131 Q\u00fcvv\u0259l\u0259rinin Quru Qo\u015funlar\u0131 komandan\u0131 ordu general\u0131 Metin Tokelin r\u0259hb\u0259rlik etdiyi n\u00fcmay\u0259nd\u0259 hey\u0259ti il\u0259 g\u00f6r\u00fc\u015f\u00fcb.<\/p>\n<p><strong>\u201c\u0130ki sahil\u201d x\u0259b\u0259r verir ki,<\/strong>\u00a0bu bar\u0259d\u0259\u00a0M\u00fcdafi\u0259 Nazirliyind\u0259n m\u0259lumat verilib.<\/p>\n<p>\u018fvv\u0259lc\u0259 qonaqlar F\u0259xri xiyabanda Ulu \u00d6nd\u0259r Heyd\u0259r \u018fliyevin v\u0259 g\u00f6rk\u0259mli oftalmoloq-alim, akademik Z\u0259rif\u0259 xan\u0131m \u018fliyevan\u0131n m\u0259zarlar\u0131n\u0131, h\u0259m\u00e7inin \u015e\u0259hidl\u0259r xiyaban\u0131 v\u0259 T\u00fcrk \u015e\u0259hidliyini ziyar\u0259t edib, \u0259klil v\u0259 g\u00fcl d\u0259st\u0259l\u0259ri qoyaraq xatir\u0259l\u0259rin\u0259 d\u0259rin h\u00f6rm\u0259t v\u0259 ehtiram n\u00fcmayi\u015f etdiribl\u0259r. Daha sonra Z\u0259f\u0259r park\u0131 ziyar\u0259t olunub v\u0259 Z\u0259f\u0259r abid\u0259sinin \u00f6n\u00fcn\u0259 \u0259klil qoyulub.<\/p>\n<p>Ba\u015f Q\u0259rargahda ke\u00e7iril\u0259n g\u00f6r\u00fc\u015fd\u0259 general-polkovnik K.V\u0259liyev Az\u0259rbaycan-T\u00fcrkiy\u0259 h\u0259rbi \u0259m\u0259kda\u015fl\u0131\u011f\u0131n\u0131n daim inki\u015faf etdiyini v\u0259 bu \u0259laq\u0259l\u0259rin daha da geni\u015fl\u0259ndirilm\u0259sinin vacibliyini qeyd edib.<\/p>\n<p>Az\u0259rbaycan v\u0259 T\u00fcrkiy\u0259 h\u0259rb\u00e7il\u0259rinin i\u015ftirak\u0131 il\u0259 \u00f6lk\u0259mizd\u0259 ke\u00e7iril\u0259n &#8220;TurAz Qartal\u0131-2026&#8221; birg\u0259 taktiki-u\u00e7u\u015f t\u0259limi bar\u0259d\u0259 dan\u0131\u015fan Ba\u015f Q\u0259rargah r\u0259isi bu kimi t\u0259liml\u0259rin ikit\u0259r\u0259fli \u0259m\u0259kda\u015fl\u0131\u011f\u0131n inki\u015faf\u0131 \u00fc\u00e7\u00fcn \u0259h\u0259miyy\u0259tli oldu\u011funu v\u0259 b\u00f6lg\u0259nin t\u0259hl\u00fck\u0259sizliyin\u0259 t\u00f6hf\u0259 verdiyini vur\u011fulay\u0131b.<\/p>\n<p>G\u00f6st\u0259ril\u0259n qonaqp\u0259rv\u0259rliy\u0259 g\u00f6r\u0259 t\u0259\u015f\u0259kk\u00fcr\u00fcn\u00fc bildir\u0259n ordu general\u0131 M.Tokel strateji m\u00fctt\u0259fiqliyi \u00f6z\u00fcnd\u0259 ehtiva ed\u0259n h\u0259rbi \u0259m\u0259kda\u015fl\u0131\u011f\u0131m\u0131z\u0131n daha da geni\u015fl\u0259ndirilm\u0259si bax\u0131m\u0131ndan qar\u015f\u0131l\u0131ql\u0131 s\u0259f\u0259rl\u0259rin davam etdirilm\u0259sinin vacibliyini bildirib.<\/p>\n<p>G\u00f6r\u00fc\u015fd\u0259 m\u00fcasir texnoloji yenilikl\u0259rin t\u0259tbiqi il\u0259 ke\u00e7iril\u0259n birg\u0259 v\u0259 \u00e7oxmill\u0259tli t\u0259liml\u0259rin \u00f6lk\u0259l\u0259rimizin h\u0259rbi qulluq\u00e7ular\u0131n\u0131n pe\u015f\u0259karl\u0131\u011f\u0131n\u0131n y\u00fcks\u0259lm\u0259si v\u0259 praktiki v\u0259rdi\u015fl\u0259rinin t\u0259kmill\u0259\u015fdirilm\u0259si \u00fc\u00e7\u00fcn \u0259h\u0259miyy\u0259tli oldu\u011fu vur\u011fulan\u0131b.<\/p>\n<p>T\u0259r\u0259fl\u0259r Az\u0259rbaycan-T\u00fcrkiy\u0259 h\u0259rbi \u0259m\u0259kda\u015fl\u0131\u011f\u0131n\u0131n m\u00fcxt\u0259lif sah\u0259l\u0259rini m\u00fczakir\u0259 edib, birg\u0259 f\u0259aliyy\u0259tl\u0259r v\u0259 maraq do\u011furan dig\u0259r m\u0259s\u0259l\u0259l\u0259r\u0259 dair geni\u015f fikir m\u00fcbadil\u0259si apar\u0131blar.<\/p>\n","protected":false},"excerpt":{"rendered":"<p>Aprelin 27-d\u0259 M\u00fcdafi\u0259 nazirinin birinci m\u00fcavini \u2013 Az\u0259rbaycan Ordusunun Ba\u015f Q\u0259rargah r\u0259isi general-polkovnik K\u0259rim V\u0259liyev \u00f6lk\u0259mizd\u0259 r\u0259smi s\u0259f\u0259rd\u0259 olan T\u00fcrkiy\u0259 Respublikas\u0131 Silahl\u0131 Q\u00fcvv\u0259l\u0259rinin Quru Qo\u015funlar\u0131 komandan\u0131 ordu general\u0131 Metin Tokelin r\u0259hb\u0259rlik etdiyi n\u00fcmay\u0259nd\u0259 hey\u0259ti il\u0259 g\u00f6r\u00fc\u015f\u00fcb. \u201c\u0130ki sahil\u201d x\u0259b\u0259r verir ki,\u00a0bu bar\u0259d\u0259\u00a0M\u00fcdafi\u0259 Nazirliyind\u0259n m\u0259lumat verilib. \u018fvv\u0259lc\u0259 qonaqlar F\u0259xri xiyabanda Ulu \u00d6nd\u0259r Heyd\u0259r \u018fliyevin v\u0259 g\u00f6rk\u0259mli oftalmoloq-alim, akademik Z\u0259rif\u0259 xan\u0131m \u018fliyevan\u0131n m\u0259zarlar\u0131n\u0131, h\u0259m\u00e7inin \u015e\u0259hidl\u0259r xiyaban\u0131 v\u0259 T\u00fcrk \u015e\u0259hidliyini ziyar\u0259t edib, \u0259klil v\u0259 g\u00fcl d\u0259st\u0259l\u0259ri qoyaraq xatir\u0259l\u0259rin\u0259 d\u0259rin h\u00f6rm\u0259t v\u0259 ehtiram n\u00fcmayi\u015f etdiribl\u0259r. Daha sonra Z\u0259f\u0259r park\u0131 ziyar\u0259t olunub v\u0259 Z\u0259f\u0259r abid\u0259sinin&hellip;<\/p>\n","protected":false},"author":2,"featured_media":849937,"comment_status":"closed","ping_status":"closed","sticky":false,"template":"","format":"standard","meta":{"om_disable_all_campaigns":false,"_monsterinsights_skip_tracking":false,"_monsterinsights_sitenote_active":false,"_monsterinsights_sitenote_note":"","_monsterinsights_sitenote_category":0},"categories":[10],"tags":[],"aioseo_notices":[],"gutentor_comment":0,"rttpg_featured_image_url":{"full":["https:\/\/arantv.az\/wp-content\/uploads\/2026\/04\/df6c9756177730111914899141410465433.jpg",975,540,false],"landscape":["https:\/\/arantv.az\/wp-content\/uploads\/2026\/04\/df6c9756177730111914899141410465433.jpg",975,540,false],"portraits":["https:\/\/arantv.az\/wp-content\/uploads\/2026\/04\/df6c9756177730111914899141410465433.jpg",975,540,false],"thumbnail":["https:\/\/arantv.az\/wp-content\/uploads\/2026\/04\/df6c9756177730111914899141410465433-500x280.jpg",500,280,true],"medium":["https:\/\/arantv.az\/wp-content\/uploads\/2026\/04\/df6c9756177730111914899141410465433-660x365.jpg",660,365,true],"large":["https:\/\/arantv.az\/wp-content\/uploads\/2026\/04\/df6c9756177730111914899141410465433-840x465.jpg",640,354,true],"1536x1536":["https:\/\/arantv.az\/wp-content\/uploads\/2026\/04\/df6c9756177730111914899141410465433.jpg",975,540,false],"2048x2048":["https:\/\/arantv.az\/wp-content\/uploads\/2026\/04\/df6c9756177730111914899141410465433.jpg",975,540,false],"post-thumbnail":["https:\/\/arantv.az\/wp-content\/uploads\/2026\/04\/df6c9756177730111914899141410465433-240x172.jpg",240,172,true],"advps-thumb-one":["https:\/\/arantv.az\/wp-content\/uploads\/2026\/04\/df6c9756177730111914899141410465433.jpg",975,540,false]},"rttpg_author":{"display_name":"V\u00fcsal Rafiqo\u011flu","author_link":"https:\/\/arantv.az\/?author=2"},"rttpg_comment":0,"rttpg_category":"<a href=\"https:\/\/arantv.az\/?cat=10\" rel=\"category\">C\u0259bh\u0259d\u0259n X\u0259b\u0259r<\/a>","rttpg_excerpt":"Aprelin 27-d\u0259 M\u00fcdafi\u0259 nazirinin birinci m\u00fcavini \u2013 Az\u0259rbaycan Ordusunun Ba\u015f Q\u0259rargah r\u0259isi general-polkovnik K\u0259rim V\u0259liyev \u00f6lk\u0259mizd\u0259 r\u0259smi s\u0259f\u0259rd\u0259 olan T\u00fcrkiy\u0259 Respublikas\u0131 Silahl\u0131 Q\u00fcvv\u0259l\u0259rinin Quru Qo\u015funlar\u0131 komandan\u0131 ordu general\u0131 Metin Tokelin r\u0259hb\u0259rlik etdiyi n\u00fcmay\u0259nd\u0259 hey\u0259ti il\u0259 g\u00f6r\u00fc\u015f\u00fcb. \u201c\u0130ki sahil\u201d x\u0259b\u0259r verir ki,\u00a0bu bar\u0259d\u0259\u00a0M\u00fcdafi\u0259 Nazirliyind\u0259n m\u0259lumat verilib. \u018fvv\u0259lc\u0259 qonaqlar F\u0259xri xiyabanda Ulu \u00d6nd\u0259r Heyd\u0259r \u018fliyevin v\u0259 g\u00f6rk\u0259mli&hellip;","_links":{"self":[{"href":"https:\/\/arantv.az\/index.php?rest_route=\/wp\/v2\/posts\/849936"}],"collection":[{"href":"https:\/\/arantv.az\/index.php?rest_route=\/wp\/v2\/posts"}],"about":[{"href":"https:\/\/arantv.az\/index.php?rest_route=\/wp\/v2\/types\/post"}],"author":[{"embeddable":true,"href":"https:\/\/arantv.az\/index.php?rest_route=\/wp\/v2\/users\/2"}],"replies":[{"embeddable":true,"href":"https:\/\/arantv.az\/index.php?rest_route=%2Fwp%2Fv2%2Fcomments&post=849936"}],"version-history":[{"count":1,"href":"https:\/\/arantv.az\/index.php?rest_route=\/wp\/v2\/posts\/849936\/revisions"}],"predecessor-version":[{"id":849938,"href":"https:\/\/arantv.az\/index.php?rest_route=\/wp\/v2\/posts\/849936\/revisions\/849938"}],"wp:featuredmedia":[{"embeddable":true,"href":"https:\/\/arantv.az\/index.php?rest_route=\/wp\/v2\/media\/849937"}],"wp:attachment":[{"href":"https:\/\/arantv.az\/index.php?rest_route=%2Fwp%2Fv2%2Fmedia&parent=849936"}],"wp:term":[{"taxonomy":"category","embeddable":true,"href":"https:\/\/arantv.az\/index.php?rest_route=%2Fwp%2Fv2%2Fcategories&post=849936"},{"taxonomy":"post_tag","embeddable":true,"href":"https:\/\/arantv.az\/index.php?rest_route=%2Fwp%2Fv2%2Ftags&post=849936"}],"curies":[{"name":"wp","href":"https:\/\/api.w.org\/{rel}","templated":true}]}}