{"id":849940,"date":"2026-04-28T11:18:54","date_gmt":"2026-04-28T07:18:54","guid":{"rendered":"https:\/\/arantv.az\/?p=849940"},"modified":"2026-04-28T11:18:54","modified_gmt":"2026-04-28T07:18:54","slug":"akademik-z%c9%99rif%c9%99-%c9%99liyevanin-xatir%c9%99si-yad-edildi","status":"publish","type":"post","link":"https:\/\/arantv.az\/?p=849940","title":{"rendered":"Akademik Z\u0259rif\u0259 \u018fliyevan\u0131n xatir\u0259si yad edildi"},"content":{"rendered":"<div class=\"blog_text\">\n<p><strong>Az\u0259rbaycan oftalmologiya elminin g\u00f6rk\u0259mli n\u00fcmay\u0259nd\u0259si, Milli Elml\u0259r Akademiyas\u0131n\u0131n bu sah\u0259d\u0259 ilk akademiki, tibb tarixind\u0259 ad\u0131 \u0259b\u0259dil\u0259\u015fmi\u015f f\u0259dakar alim, qay\u011f\u0131ke\u015f insan Z\u0259rif\u0259 xan\u0131m \u018fliyevan\u0131n anadan olmas\u0131ndan 103 il ke\u00e7ir.<\/strong><\/p>\n<p><strong>Musavat.com<\/strong>\u00a0x\u0259b\u0259r verir ki, bu m\u00fcnasib\u0259tl\u0259 s\u0259hiyy\u0259 naziri Teymur Musayev v\u0259 nazirliyin r\u0259hb\u0259rliyi 2026-c\u0131 il aprelin 28-d\u0259 F\u0259xri xiyabanda xalq\u0131m\u0131z\u0131n \u00fcmummilli lideri, m\u00fcdrik r\u0259hb\u0259r, m\u00fcasir, m\u00fcst\u0259qil Az\u0259rbaycan d\u00f6vl\u0259tinin memar\u0131 v\u0259 qurucusu Heyd\u0259r \u018fliyevin m\u0259zar\u0131 \u00f6n\u00fcn\u0259 g\u00fcl d\u0259st\u0259l\u0259ri qoyublar.<\/p>\n<p>Z\u0259rif\u0259 xan\u0131m \u018fliyevan\u0131n \u0259ziz xatir\u0259si ehtiramla yad edilib, m\u0259zar\u0131 \u00f6n\u00fcn\u0259 \u0259klil qoyulub v\u0259 t\u0259z\u0259 \u00e7i\u00e7\u0259kl\u0259r d\u00fcz\u00fcl\u00fcb.<\/p>\n<p>G\u00f6rk\u0259mli d\u00f6vl\u0259t v\u0259 ictimai xadim \u018fziz \u018fliyevin, istedadl\u0131 h\u0259kim Tamerlan \u018fliyevin m\u0259zarlar\u0131 \u00fcz\u0259rin\u0259 d\u0259 t\u0259r \u00e7i\u00e7\u0259kl\u0259r qoyulub.<\/p>\n<\/div>\n<div class=\"two_image\">\n<figure><img src=\"https:\/\/sehiyye.gov.az\/site\/assets\/files\/13612\/42b2f40c-5ffa-4f04-bea3-66e91e7bc3bb.jpg\" alt=\"\" \/><\/figure>\n<figure><img src=\"https:\/\/sehiyye.gov.az\/site\/assets\/files\/13612\/whatsapp_image_2026-04-28_at_10_48_49.jpeg\" alt=\"\" \/><\/figure>\n<figure><img src=\"https:\/\/sehiyye.gov.az\/site\/assets\/files\/13612\/1b672efb-5ebd-4fb3-b148-9ef63293c35e.jpg\" alt=\"\" \/><\/figure>\n<figure><img src=\"https:\/\/sehiyye.gov.az\/site\/assets\/files\/13612\/02763f6e-437f-4452-8e27-d4240370af38.jpg\" alt=\"\" \/><\/figure>\n<\/div>\n<div class=\"two_image\">\n<figure><img src=\"https:\/\/sehiyye.gov.az\/site\/assets\/files\/13613\/02c864b8-df3c-4982-8f83-73ea6d77bc05.jpg\" alt=\"\" \/><\/figure>\n<figure><img src=\"https:\/\/sehiyye.gov.az\/site\/assets\/files\/13613\/0009ce5b-7f89-4a4c-af78-ebc8f43bc3cd.jpg\" alt=\"\" \/><\/figure>\n<figure><img src=\"https:\/\/sehiyye.gov.az\/site\/assets\/files\/13613\/whatsapp_image_2026-04-28_at_10_48_50.jpeg\" alt=\"\" \/><\/figure>\n<figure><img src=\"https:\/\/sehiyye.gov.az\/site\/assets\/files\/13613\/076bb73b-1a68-455e-b60d-9d8d45a02294.jpg\" alt=\"\" \/><\/figure>\n<\/div>\n","protected":false},"excerpt":{"rendered":"<p>Az\u0259rbaycan oftalmologiya elminin g\u00f6rk\u0259mli n\u00fcmay\u0259nd\u0259si, Milli Elml\u0259r Akademiyas\u0131n\u0131n bu sah\u0259d\u0259 ilk akademiki, tibb tarixind\u0259 ad\u0131 \u0259b\u0259dil\u0259\u015fmi\u015f f\u0259dakar alim, qay\u011f\u0131ke\u015f insan Z\u0259rif\u0259 xan\u0131m \u018fliyevan\u0131n anadan olmas\u0131ndan 103 il ke\u00e7ir. Musavat.com\u00a0x\u0259b\u0259r verir ki, bu m\u00fcnasib\u0259tl\u0259 s\u0259hiyy\u0259 naziri Teymur Musayev v\u0259 nazirliyin r\u0259hb\u0259rliyi 2026-c\u0131 il aprelin 28-d\u0259 F\u0259xri xiyabanda xalq\u0131m\u0131z\u0131n \u00fcmummilli lideri, m\u00fcdrik r\u0259hb\u0259r, m\u00fcasir, m\u00fcst\u0259qil Az\u0259rbaycan d\u00f6vl\u0259tinin memar\u0131 v\u0259 qurucusu Heyd\u0259r \u018fliyevin m\u0259zar\u0131 \u00f6n\u00fcn\u0259 g\u00fcl d\u0259st\u0259l\u0259ri qoyublar. Z\u0259rif\u0259 xan\u0131m \u018fliyevan\u0131n \u0259ziz xatir\u0259si ehtiramla yad edilib, m\u0259zar\u0131 \u00f6n\u00fcn\u0259 \u0259klil qoyulub v\u0259 t\u0259z\u0259 \u00e7i\u00e7\u0259kl\u0259r d\u00fcz\u00fcl\u00fcb. G\u00f6rk\u0259mli d\u00f6vl\u0259t v\u0259 ictimai xadim \u018fziz \u018fliyevin, istedadl\u0131 h\u0259kim&hellip;<\/p>\n","protected":false},"author":2,"featured_media":849941,"comment_status":"closed","ping_status":"closed","sticky":false,"template":"","format":"standard","meta":{"om_disable_all_campaigns":false,"_monsterinsights_skip_tracking":false,"_monsterinsights_sitenote_active":false,"_monsterinsights_sitenote_note":"","_monsterinsights_sitenote_category":0},"categories":[1],"tags":[],"aioseo_notices":[],"gutentor_comment":0,"rttpg_featured_image_url":{"full":["https:\/\/arantv.az\/wp-content\/uploads\/2026\/04\/5ce13b74726800660a403c4698529338.jpg",870,500,false],"landscape":["https:\/\/arantv.az\/wp-content\/uploads\/2026\/04\/5ce13b74726800660a403c4698529338.jpg",870,500,false],"portraits":["https:\/\/arantv.az\/wp-content\/uploads\/2026\/04\/5ce13b74726800660a403c4698529338.jpg",870,500,false],"thumbnail":["https:\/\/arantv.az\/wp-content\/uploads\/2026\/04\/5ce13b74726800660a403c4698529338-500x280.jpg",500,280,true],"medium":["https:\/\/arantv.az\/wp-content\/uploads\/2026\/04\/5ce13b74726800660a403c4698529338-635x365.jpg",635,365,true],"large":["https:\/\/arantv.az\/wp-content\/uploads\/2026\/04\/5ce13b74726800660a403c4698529338-840x483.jpg",640,368,true],"1536x1536":["https:\/\/arantv.az\/wp-content\/uploads\/2026\/04\/5ce13b74726800660a403c4698529338.jpg",870,500,false],"2048x2048":["https:\/\/arantv.az\/wp-content\/uploads\/2026\/04\/5ce13b74726800660a403c4698529338.jpg",870,500,false],"post-thumbnail":["https:\/\/arantv.az\/wp-content\/uploads\/2026\/04\/5ce13b74726800660a403c4698529338-240x172.jpg",240,172,true],"advps-thumb-one":["https:\/\/arantv.az\/wp-content\/uploads\/2026\/04\/5ce13b74726800660a403c4698529338.jpg",870,500,false]},"rttpg_author":{"display_name":"V\u00fcsal Rafiqo\u011flu","author_link":"https:\/\/arantv.az\/?author=2"},"rttpg_comment":0,"rttpg_category":"<a href=\"https:\/\/arantv.az\/?cat=1\" rel=\"category\">C\u0259miyy\u0259t<\/a>","rttpg_excerpt":"Az\u0259rbaycan oftalmologiya elminin g\u00f6rk\u0259mli n\u00fcmay\u0259nd\u0259si, Milli Elml\u0259r Akademiyas\u0131n\u0131n bu sah\u0259d\u0259 ilk akademiki, tibb tarixind\u0259 ad\u0131 \u0259b\u0259dil\u0259\u015fmi\u015f f\u0259dakar alim, qay\u011f\u0131ke\u015f insan Z\u0259rif\u0259 xan\u0131m \u018fliyevan\u0131n anadan olmas\u0131ndan 103 il ke\u00e7ir. Musavat.com\u00a0x\u0259b\u0259r verir ki, bu m\u00fcnasib\u0259tl\u0259 s\u0259hiyy\u0259 naziri Teymur Musayev v\u0259 nazirliyin r\u0259hb\u0259rliyi 2026-c\u0131 il aprelin 28-d\u0259 F\u0259xri xiyabanda xalq\u0131m\u0131z\u0131n \u00fcmummilli lideri, m\u00fcdrik r\u0259hb\u0259r, m\u00fcasir, m\u00fcst\u0259qil Az\u0259rbaycan d\u00f6vl\u0259tinin&hellip;","_links":{"self":[{"href":"https:\/\/arantv.az\/index.php?rest_route=\/wp\/v2\/posts\/849940"}],"collection":[{"href":"https:\/\/arantv.az\/index.php?rest_route=\/wp\/v2\/posts"}],"about":[{"href":"https:\/\/arantv.az\/index.php?rest_route=\/wp\/v2\/types\/post"}],"author":[{"embeddable":true,"href":"https:\/\/arantv.az\/index.php?rest_route=\/wp\/v2\/users\/2"}],"replies":[{"embeddable":true,"href":"https:\/\/arantv.az\/index.php?rest_route=%2Fwp%2Fv2%2Fcomments&post=849940"}],"version-history":[{"count":1,"href":"https:\/\/arantv.az\/index.php?rest_route=\/wp\/v2\/posts\/849940\/revisions"}],"predecessor-version":[{"id":849943,"href":"https:\/\/arantv.az\/index.php?rest_route=\/wp\/v2\/posts\/849940\/revisions\/849943"}],"wp:featuredmedia":[{"embeddable":true,"href":"https:\/\/arantv.az\/index.php?rest_route=\/wp\/v2\/media\/849941"}],"wp:attachment":[{"href":"https:\/\/arantv.az\/index.php?rest_route=%2Fwp%2Fv2%2Fmedia&parent=849940"}],"wp:term":[{"taxonomy":"category","embeddable":true,"href":"https:\/\/arantv.az\/index.php?rest_route=%2Fwp%2Fv2%2Fcategories&post=849940"},{"taxonomy":"post_tag","embeddable":true,"href":"https:\/\/arantv.az\/index.php?rest_route=%2Fwp%2Fv2%2Ftags&post=849940"}],"curies":[{"name":"wp","href":"https:\/\/api.w.org\/{rel}","templated":true}]}}