{"id":849944,"date":"2026-04-28T11:20:13","date_gmt":"2026-04-28T07:20:13","guid":{"rendered":"https:\/\/arantv.az\/?p=849944"},"modified":"2026-04-28T11:20:13","modified_gmt":"2026-04-28T07:20:13","slug":"guclu-yagis-yagacaq-bu-tarixl%c9%99rd%c9%99","status":"publish","type":"post","link":"https:\/\/arantv.az\/?p=849944","title":{"rendered":"G\u00fccl\u00fc ya\u011f\u0131\u015f ya\u011facaq &#8211; Bu tarixl\u0259rd\u0259"},"content":{"rendered":"<p><strong>Az\u0259rbaycan\u0131n rayonlar\u0131nda aprelin 28-d\u0259n 30-u s\u0259h\u0259r\u0259d\u0259k b\u0259zi yerl\u0259rd\u0259 hava \u015f\u0259raitinin arabir ya\u011f\u0131nt\u0131l\u0131 olaca\u011f\u0131 g\u00f6zl\u0259nilir.<\/strong><\/p>\n<p><strong>Musavat.com<\/strong>\u00a0x\u0259b\u0259r verir ki, ayr\u0131-ayr\u0131 yerl\u0259rd\u0259 ya\u011f\u0131nt\u0131n\u0131n q\u0131sam\u00fcdd\u0259tli intensiv olaca\u011f\u0131, \u015fim\u015f\u0259k \u00e7axaca\u011f\u0131, dolu d\u00fc\u015f\u0259c\u0259yi, da\u011fl\u0131q \u0259razil\u0259rd\u0259 qar ya\u011faca\u011f\u0131 ehtimal\u0131 var.<\/p>\n<p>\u00c7aylarda sululu\u011fun artaca\u011f\u0131, b\u0259zi da\u011f \u00e7aylar\u0131ndan q\u0131sam\u00fcdd\u0259tli sel ke\u00e7\u0259c\u0259yi ehtimal olunur.<\/p>\n","protected":false},"excerpt":{"rendered":"<p>Az\u0259rbaycan\u0131n rayonlar\u0131nda aprelin 28-d\u0259n 30-u s\u0259h\u0259r\u0259d\u0259k b\u0259zi yerl\u0259rd\u0259 hava \u015f\u0259raitinin arabir ya\u011f\u0131nt\u0131l\u0131 olaca\u011f\u0131 g\u00f6zl\u0259nilir. Musavat.com\u00a0x\u0259b\u0259r verir ki, ayr\u0131-ayr\u0131 yerl\u0259rd\u0259 ya\u011f\u0131nt\u0131n\u0131n q\u0131sam\u00fcdd\u0259tli intensiv olaca\u011f\u0131, \u015fim\u015f\u0259k \u00e7axaca\u011f\u0131, dolu d\u00fc\u015f\u0259c\u0259yi, da\u011fl\u0131q \u0259razil\u0259rd\u0259 qar ya\u011faca\u011f\u0131 ehtimal\u0131 var. \u00c7aylarda sululu\u011fun artaca\u011f\u0131, b\u0259zi da\u011f \u00e7aylar\u0131ndan q\u0131sam\u00fcdd\u0259tli sel ke\u00e7\u0259c\u0259yi ehtimal olunur.<\/p>\n","protected":false},"author":2,"featured_media":849945,"comment_status":"closed","ping_status":"closed","sticky":false,"template":"","format":"standard","meta":{"om_disable_all_campaigns":false,"_monsterinsights_skip_tracking":false,"_monsterinsights_sitenote_active":false,"_monsterinsights_sitenote_note":"","_monsterinsights_sitenote_category":0},"categories":[22],"tags":[],"aioseo_notices":[],"gutentor_comment":0,"rttpg_featured_image_url":{"full":["https:\/\/arantv.az\/wp-content\/uploads\/2026\/04\/171e12be3ee9dfd0f66e082110acf06c.jpg",850,500,false],"landscape":["https:\/\/arantv.az\/wp-content\/uploads\/2026\/04\/171e12be3ee9dfd0f66e082110acf06c.jpg",850,500,false],"portraits":["https:\/\/arantv.az\/wp-content\/uploads\/2026\/04\/171e12be3ee9dfd0f66e082110acf06c.jpg",850,500,false],"thumbnail":["https:\/\/arantv.az\/wp-content\/uploads\/2026\/04\/171e12be3ee9dfd0f66e082110acf06c-500x280.jpg",500,280,true],"medium":["https:\/\/arantv.az\/wp-content\/uploads\/2026\/04\/171e12be3ee9dfd0f66e082110acf06c-621x365.jpg",621,365,true],"large":["https:\/\/arantv.az\/wp-content\/uploads\/2026\/04\/171e12be3ee9dfd0f66e082110acf06c-840x494.jpg",640,376,true],"1536x1536":["https:\/\/arantv.az\/wp-content\/uploads\/2026\/04\/171e12be3ee9dfd0f66e082110acf06c.jpg",850,500,false],"2048x2048":["https:\/\/arantv.az\/wp-content\/uploads\/2026\/04\/171e12be3ee9dfd0f66e082110acf06c.jpg",850,500,false],"post-thumbnail":["https:\/\/arantv.az\/wp-content\/uploads\/2026\/04\/171e12be3ee9dfd0f66e082110acf06c-240x172.jpg",240,172,true],"advps-thumb-one":["https:\/\/arantv.az\/wp-content\/uploads\/2026\/04\/171e12be3ee9dfd0f66e082110acf06c.jpg",850,500,false]},"rttpg_author":{"display_name":"V\u00fcsal Rafiqo\u011flu","author_link":"https:\/\/arantv.az\/?author=2"},"rttpg_comment":0,"rttpg_category":"<a href=\"https:\/\/arantv.az\/?cat=22\" rel=\"category\">Hava<\/a>","rttpg_excerpt":"Az\u0259rbaycan\u0131n rayonlar\u0131nda aprelin 28-d\u0259n 30-u s\u0259h\u0259r\u0259d\u0259k b\u0259zi yerl\u0259rd\u0259 hava \u015f\u0259raitinin arabir ya\u011f\u0131nt\u0131l\u0131 olaca\u011f\u0131 g\u00f6zl\u0259nilir. Musavat.com\u00a0x\u0259b\u0259r verir ki, ayr\u0131-ayr\u0131 yerl\u0259rd\u0259 ya\u011f\u0131nt\u0131n\u0131n q\u0131sam\u00fcdd\u0259tli intensiv olaca\u011f\u0131, \u015fim\u015f\u0259k \u00e7axaca\u011f\u0131, dolu d\u00fc\u015f\u0259c\u0259yi, da\u011fl\u0131q \u0259razil\u0259rd\u0259 qar ya\u011faca\u011f\u0131 ehtimal\u0131 var. \u00c7aylarda sululu\u011fun artaca\u011f\u0131, b\u0259zi da\u011f \u00e7aylar\u0131ndan q\u0131sam\u00fcdd\u0259tli sel ke\u00e7\u0259c\u0259yi ehtimal olunur.","_links":{"self":[{"href":"https:\/\/arantv.az\/index.php?rest_route=\/wp\/v2\/posts\/849944"}],"collection":[{"href":"https:\/\/arantv.az\/index.php?rest_route=\/wp\/v2\/posts"}],"about":[{"href":"https:\/\/arantv.az\/index.php?rest_route=\/wp\/v2\/types\/post"}],"author":[{"embeddable":true,"href":"https:\/\/arantv.az\/index.php?rest_route=\/wp\/v2\/users\/2"}],"replies":[{"embeddable":true,"href":"https:\/\/arantv.az\/index.php?rest_route=%2Fwp%2Fv2%2Fcomments&post=849944"}],"version-history":[{"count":1,"href":"https:\/\/arantv.az\/index.php?rest_route=\/wp\/v2\/posts\/849944\/revisions"}],"predecessor-version":[{"id":849946,"href":"https:\/\/arantv.az\/index.php?rest_route=\/wp\/v2\/posts\/849944\/revisions\/849946"}],"wp:featuredmedia":[{"embeddable":true,"href":"https:\/\/arantv.az\/index.php?rest_route=\/wp\/v2\/media\/849945"}],"wp:attachment":[{"href":"https:\/\/arantv.az\/index.php?rest_route=%2Fwp%2Fv2%2Fmedia&parent=849944"}],"wp:term":[{"taxonomy":"category","embeddable":true,"href":"https:\/\/arantv.az\/index.php?rest_route=%2Fwp%2Fv2%2Fcategories&post=849944"},{"taxonomy":"post_tag","embeddable":true,"href":"https:\/\/arantv.az\/index.php?rest_route=%2Fwp%2Fv2%2Ftags&post=849944"}],"curies":[{"name":"wp","href":"https:\/\/api.w.org\/{rel}","templated":true}]}}