{"id":849947,"date":"2026-04-28T11:21:07","date_gmt":"2026-04-28T07:21:07","guid":{"rendered":"https:\/\/arantv.az\/?p=849947"},"modified":"2026-04-28T11:21:07","modified_gmt":"2026-04-28T07:21:07","slug":"hava-il%c9%99-bagli-%c9%99haliy%c9%99-x%c9%99b%c9%99rdarliq-ciddi-risk-var","status":"publish","type":"post","link":"https:\/\/arantv.az\/?p=849947","title":{"rendered":"Hava il\u0259 ba\u011fl\u0131 \u018fHAL\u0130Y\u018f X\u018fB\u018fRDARLIQ &#8211; Ciddi risk var"},"content":{"rendered":"<p data-start=\"0\" data-end=\"85\"><strong>Bu g\u00fcn &#8211; aprelin 28-d\u0259 \u00f6lk\u0259 \u00fczr\u0259 hava \u015f\u0259raiti d\u0259yi\u015fk\u0259n v\u0259 b\u0259zi \u0259razil\u0259rd\u0259 qeyri-sabit ke\u00e7\u0259c\u0259k.<\/strong><\/p>\n<p data-start=\"87\" data-end=\"276\"><strong>Musavat.com<\/strong>\u00a0x\u0259b\u0259r verir ki, Bak\u0131da v\u0259 Ab\u015feron yar\u0131madas\u0131nda g\u00fcn \u0259sas\u0259n ya\u011fmursuz olsa da, hava arabir tutulacaq v\u0259 \u015fimal-q\u0259rb k\u00fcl\u0259yi g\u00fccl\u0259n\u0259c\u0259k. Temperatur gec\u0259 saatlar\u0131nda 9-13\u00b0, g\u00fcnd\u00fcz is\u0259 13-16\u00b0 isti t\u0259\u015fkil ed\u0259c\u0259k.<\/p>\n<p data-start=\"278\" data-end=\"624\">Regionlarda is\u0259 hava daha d\u0259yi\u015fk\u0259n olacaq. B\u0259zi \u0259razil\u0259rd\u0259 q\u0131sam\u00fcdd\u0259tli, lakin intensiv ya\u011f\u0131nt\u0131lar g\u00f6zl\u0259nilir, \u015fim\u015f\u0259k \u00e7axaca\u011f\u0131, dolu d\u00fc\u015f\u0259c\u0259yi, da\u011fl\u0131q \u0259razil\u0259rd\u0259 is\u0259 qar ehtimal\u0131 var. Ayr\u0131-ayr\u0131 yerl\u0259rd\u0259 duman m\u00fc\u015fahid\u0259 olunacaq, q\u0259rb k\u00fcl\u0259yi is\u0259 arabir g\u00fccl\u0259n\u0259c\u0259k. Temperatur aran rayonlar\u0131nda g\u00fcnd\u00fcz 15-20\u00b0, da\u011fl\u0131q \u0259razil\u0259rd\u0259 is\u0259 7-12\u00b0 isti olacaq.<\/p>\n<p data-start=\"626\" data-end=\"978\"><strong>Musavat.com<\/strong>\u00a0xat\u0131rlad\u0131r ki, g\u00f6zl\u0259nil\u0259n k\u00fcl\u0259kli v\u0259 ya\u011f\u0131nt\u0131l\u0131 hava il\u0259 \u0259laq\u0259dar F\u00f6vq\u0259lad\u0259 Hallar Nazirliyi \u0259haliy\u0259 x\u0259b\u0259rdarl\u0131q edib. Bildirilir ki, g\u00fccl\u00fc k\u00fcl\u0259k zaman\u0131 y\u00fcng\u00fcl tikilil\u0259rd\u0259n, reklam l\u00f6vh\u0259l\u0259rind\u0259n v\u0259 elektrik x\u0259tl\u0259rind\u0259n uzaq durmaq vacibdir.<\/p>\n<p data-start=\"626\" data-end=\"978\"><em><strong>H\u0259m\u00e7inin, ild\u0131r\u0131m v\u0259 sel riski n\u0259z\u0259r\u0259 al\u0131naraq a\u00e7\u0131q \u0259razil\u0259rd\u0259 ehtiyatl\u0131 olmaq, t\u0259hl\u00fck\u0259li zonalardan uzaqla\u015fmaq t\u00f6vsiy\u0259 olunur.<\/strong><\/em><\/p>\n<p data-start=\"980\" data-end=\"1151\" data-is-last-node=\"\" data-is-only-node=\"\">Nazirlik eyni zamanda ki\u00e7ik h\u0259cmli qay\u0131qlarla d\u0259niz\u0259 \u00e7\u0131xma\u011f\u0131n t\u0259hl\u00fck\u0259li oldu\u011funu xat\u0131rladaraq, hava \u015f\u0259raiti sabitl\u0259\u015f\u0259n\u0259d\u0259k bu c\u00fcr f\u0259aliyy\u0259tl\u0259rd\u0259n \u00e7\u0259kinm\u0259yi m\u0259sl\u0259h\u0259t g\u00f6r\u00fcr.<\/p>\n","protected":false},"excerpt":{"rendered":"<p>Bu g\u00fcn &#8211; aprelin 28-d\u0259 \u00f6lk\u0259 \u00fczr\u0259 hava \u015f\u0259raiti d\u0259yi\u015fk\u0259n v\u0259 b\u0259zi \u0259razil\u0259rd\u0259 qeyri-sabit ke\u00e7\u0259c\u0259k. Musavat.com\u00a0x\u0259b\u0259r verir ki, Bak\u0131da v\u0259 Ab\u015feron yar\u0131madas\u0131nda g\u00fcn \u0259sas\u0259n ya\u011fmursuz olsa da, hava arabir tutulacaq v\u0259 \u015fimal-q\u0259rb k\u00fcl\u0259yi g\u00fccl\u0259n\u0259c\u0259k. Temperatur gec\u0259 saatlar\u0131nda 9-13\u00b0, g\u00fcnd\u00fcz is\u0259 13-16\u00b0 isti t\u0259\u015fkil ed\u0259c\u0259k. Regionlarda is\u0259 hava daha d\u0259yi\u015fk\u0259n olacaq. B\u0259zi \u0259razil\u0259rd\u0259 q\u0131sam\u00fcdd\u0259tli, lakin intensiv ya\u011f\u0131nt\u0131lar g\u00f6zl\u0259nilir, \u015fim\u015f\u0259k \u00e7axaca\u011f\u0131, dolu d\u00fc\u015f\u0259c\u0259yi, da\u011fl\u0131q \u0259razil\u0259rd\u0259 is\u0259 qar ehtimal\u0131 var. Ayr\u0131-ayr\u0131 yerl\u0259rd\u0259 duman m\u00fc\u015fahid\u0259 olunacaq, q\u0259rb k\u00fcl\u0259yi is\u0259 arabir g\u00fccl\u0259n\u0259c\u0259k. Temperatur aran rayonlar\u0131nda g\u00fcnd\u00fcz 15-20\u00b0, da\u011fl\u0131q \u0259razil\u0259rd\u0259 is\u0259 7-12\u00b0 isti olacaq. Musavat.com\u00a0xat\u0131rlad\u0131r ki,&hellip;<\/p>\n","protected":false},"author":2,"featured_media":849948,"comment_status":"closed","ping_status":"closed","sticky":false,"template":"","format":"standard","meta":{"om_disable_all_campaigns":false,"_monsterinsights_skip_tracking":false,"_monsterinsights_sitenote_active":false,"_monsterinsights_sitenote_note":"","_monsterinsights_sitenote_category":0},"categories":[22],"tags":[],"aioseo_notices":[],"gutentor_comment":0,"rttpg_featured_image_url":{"full":["https:\/\/arantv.az\/wp-content\/uploads\/2026\/04\/a8b85bc27ceac3f1d4fee2a8b29c4ca5.jpg",770,415,false],"landscape":["https:\/\/arantv.az\/wp-content\/uploads\/2026\/04\/a8b85bc27ceac3f1d4fee2a8b29c4ca5.jpg",770,415,false],"portraits":["https:\/\/arantv.az\/wp-content\/uploads\/2026\/04\/a8b85bc27ceac3f1d4fee2a8b29c4ca5.jpg",770,415,false],"thumbnail":["https:\/\/arantv.az\/wp-content\/uploads\/2026\/04\/a8b85bc27ceac3f1d4fee2a8b29c4ca5-500x280.jpg",500,280,true],"medium":["https:\/\/arantv.az\/wp-content\/uploads\/2026\/04\/a8b85bc27ceac3f1d4fee2a8b29c4ca5-660x356.jpg",660,356,true],"large":["https:\/\/arantv.az\/wp-content\/uploads\/2026\/04\/a8b85bc27ceac3f1d4fee2a8b29c4ca5.jpg",640,345,false],"1536x1536":["https:\/\/arantv.az\/wp-content\/uploads\/2026\/04\/a8b85bc27ceac3f1d4fee2a8b29c4ca5.jpg",770,415,false],"2048x2048":["https:\/\/arantv.az\/wp-content\/uploads\/2026\/04\/a8b85bc27ceac3f1d4fee2a8b29c4ca5.jpg",770,415,false],"post-thumbnail":["https:\/\/arantv.az\/wp-content\/uploads\/2026\/04\/a8b85bc27ceac3f1d4fee2a8b29c4ca5-240x172.jpg",240,172,true],"advps-thumb-one":["https:\/\/arantv.az\/wp-content\/uploads\/2026\/04\/a8b85bc27ceac3f1d4fee2a8b29c4ca5.jpg",770,415,false]},"rttpg_author":{"display_name":"V\u00fcsal Rafiqo\u011flu","author_link":"https:\/\/arantv.az\/?author=2"},"rttpg_comment":0,"rttpg_category":"<a href=\"https:\/\/arantv.az\/?cat=22\" rel=\"category\">Hava<\/a>","rttpg_excerpt":"Bu g\u00fcn &#8211; aprelin 28-d\u0259 \u00f6lk\u0259 \u00fczr\u0259 hava \u015f\u0259raiti d\u0259yi\u015fk\u0259n v\u0259 b\u0259zi \u0259razil\u0259rd\u0259 qeyri-sabit ke\u00e7\u0259c\u0259k. Musavat.com\u00a0x\u0259b\u0259r verir ki, Bak\u0131da v\u0259 Ab\u015feron yar\u0131madas\u0131nda g\u00fcn \u0259sas\u0259n ya\u011fmursuz olsa da, hava arabir tutulacaq v\u0259 \u015fimal-q\u0259rb k\u00fcl\u0259yi g\u00fccl\u0259n\u0259c\u0259k. Temperatur gec\u0259 saatlar\u0131nda 9-13\u00b0, g\u00fcnd\u00fcz is\u0259 13-16\u00b0 isti t\u0259\u015fkil ed\u0259c\u0259k. Regionlarda is\u0259 hava daha d\u0259yi\u015fk\u0259n olacaq. B\u0259zi \u0259razil\u0259rd\u0259 q\u0131sam\u00fcdd\u0259tli, lakin intensiv&hellip;","_links":{"self":[{"href":"https:\/\/arantv.az\/index.php?rest_route=\/wp\/v2\/posts\/849947"}],"collection":[{"href":"https:\/\/arantv.az\/index.php?rest_route=\/wp\/v2\/posts"}],"about":[{"href":"https:\/\/arantv.az\/index.php?rest_route=\/wp\/v2\/types\/post"}],"author":[{"embeddable":true,"href":"https:\/\/arantv.az\/index.php?rest_route=\/wp\/v2\/users\/2"}],"replies":[{"embeddable":true,"href":"https:\/\/arantv.az\/index.php?rest_route=%2Fwp%2Fv2%2Fcomments&post=849947"}],"version-history":[{"count":1,"href":"https:\/\/arantv.az\/index.php?rest_route=\/wp\/v2\/posts\/849947\/revisions"}],"predecessor-version":[{"id":849949,"href":"https:\/\/arantv.az\/index.php?rest_route=\/wp\/v2\/posts\/849947\/revisions\/849949"}],"wp:featuredmedia":[{"embeddable":true,"href":"https:\/\/arantv.az\/index.php?rest_route=\/wp\/v2\/media\/849948"}],"wp:attachment":[{"href":"https:\/\/arantv.az\/index.php?rest_route=%2Fwp%2Fv2%2Fmedia&parent=849947"}],"wp:term":[{"taxonomy":"category","embeddable":true,"href":"https:\/\/arantv.az\/index.php?rest_route=%2Fwp%2Fv2%2Fcategories&post=849947"},{"taxonomy":"post_tag","embeddable":true,"href":"https:\/\/arantv.az\/index.php?rest_route=%2Fwp%2Fv2%2Ftags&post=849947"}],"curies":[{"name":"wp","href":"https:\/\/api.w.org\/{rel}","templated":true}]}}