{"id":849950,"date":"2026-04-28T11:22:20","date_gmt":"2026-04-28T07:22:20","guid":{"rendered":"https:\/\/arantv.az\/?p=849950"},"modified":"2026-04-28T11:22:20","modified_gmt":"2026-04-28T07:22:20","slug":"leyla-v%c9%99-arzu-%c9%99liyevalar-xan-m%c9%99scidind%c9%99-fotolar","status":"publish","type":"post","link":"https:\/\/arantv.az\/?p=849950","title":{"rendered":"Leyla v\u0259 Arzu \u018fliyevalar Xan m\u0259scidind\u0259 &#8211; FOTOLAR"},"content":{"rendered":"<p><strong>Heyd\u0259r \u018fliyev Fondunun vitse-prezidenti, IDEA \u0130ctimai Birliyinin t\u0259sis\u00e7isi v\u0259 r\u0259hb\u0259ri Leyla \u018fliyeva v\u0259 Arzu \u018fliyeva \u015e\u0259kid\u0259 Sosial Xidm\u0259tl\u0259r Agentliyinin 6 sayl\u0131 u\u015faq evi sosial xidm\u0259t m\u00fc\u0259ssis\u0259sini ziyar\u0259t edibl\u0259r.<\/strong><\/p>\n<p><strong>Musavat.com<\/strong>\u00a0x\u0259b\u0259r verir ki, s\u0259f\u0259r zaman\u0131 Leyla \u018fliyeva v\u0259 Arzu \u018fliyeva m\u00fc\u0259ssis\u0259nin f\u0259aliyy\u0259ti, valideyn himay\u0259sind\u0259n m\u0259hrum olmu\u015f u\u015faqlar \u00fc\u00e7\u00fcn yarad\u0131lan \u015f\u0259rait, onlar\u0131n t\u0259lim-t\u0259rbiy\u0259si v\u0259 sosial m\u00fcdafi\u0259si istiqam\u0259tind\u0259 g\u00f6r\u00fcl\u0259n i\u015fl\u0259rl\u0259 yax\u0131ndan tan\u0131\u015f olublar.<\/p>\n<p>Bildirilib ki, 1936-c\u0131 ild\u0259n f\u0259aliyy\u0259t g\u00f6st\u0259r\u0259n u\u015faq evi Az\u0259rbaycan\u0131n Birinci vitse-prezidenti Mehriban \u018fliyevan\u0131n t\u0259\u015f\u0259bb\u00fcs\u00fc il\u0259 2018-ci ild\u0259 yeni bina il\u0259 t\u0259min edilib.<\/p>\n<p>Sonra Leyla \u018fliyeva v\u0259 Arzu \u018fliyeva u\u015faqlar\u0131n x\u00fcsusi haz\u0131rlad\u0131qlar\u0131 m\u0259d\u0259ni proqram\u0131 izl\u0259yibl\u0259r. Proqram \u00e7\u0259r\u00e7iv\u0259sind\u0259 u\u015faqlar t\u0259r\u0259find\u0259n r\u0259qs v\u0259 musiqi n\u00f6mr\u0259l\u0259ri t\u0259qdim olunub, teatr m\u0259\u015f\u011f\u0259l\u0259sind\u0259 haz\u0131rlanm\u0131\u015f s\u0259hn\u0259cikl\u0259r n\u00fcmayi\u015f etdirilib. U\u015faqlar\u0131n yarad\u0131c\u0131l\u0131q bacar\u0131qlar\u0131n\u0131, istedad\u0131n\u0131 v\u0259 s\u0259hn\u0259 m\u0259d\u0259niyy\u0259tini \u0259ks etdir\u0259n \u00e7\u0131x\u0131\u015flar maraqla qar\u015f\u0131lan\u0131b.<\/p>\n<p>Sonda m\u00fc\u0259ssis\u0259nin kollektivi v\u0259 u\u015faqlar il\u0259 xatir\u0259 \u015f\u0259kill\u0259ri \u00e7\u0259kdirilib, h\u0259diyy\u0259l\u0259r t\u0259qdim edilib.<\/p>\n<p><strong>H\u0259m\u00e7inin Heyd\u0259r \u018fliyev Fondunun vitse-prezidenti, IDEA \u0130ctimai Birliyinin t\u0259sis\u00e7isi v\u0259 r\u0259hb\u0259ri Leyla \u018fliyeva v\u0259 Arzu \u018fliyeva \u015e\u0259ki \u015f\u0259h\u0259rin\u0259 s\u0259f\u0259r \u00e7\u0259r\u00e7iv\u0259sind\u0259 Xan m\u0259scidini ziyar\u0259t edibl\u0259r.<\/strong><\/p>\n<p>Ziyar\u0259t zaman\u0131 m\u0259scidin imam\u0131 V\u00fcqar M\u0259mm\u0259dov Leyla \u018fliyevaya v\u0259 Arzu \u018fliyevaya Xan m\u0259scidi kompleksi bar\u0259d\u0259 \u0259trafl\u0131 m\u0259lumat verib.<\/p>\n<p>Bildirilib ki, XVIII \u0259sr\u0259 aid olan \u015e\u0259ki Xan m\u0259scidi \u015f\u0259h\u0259rin m\u00fch\u00fcm dini-m\u0259d\u0259ni v\u0259 tarixi-memarl\u0131q abid\u0259l\u0259rind\u0259n biridir. Tarixi m\u0259nb\u0259l\u0259r\u0259 v\u0259 abid\u0259 \u00fcz\u0259rind\u0259ki kitab\u0259l\u0259r\u0259 \u0259sas\u0259n, m\u0259scid Hac\u0131 M\u0259h\u0259mm\u0259dh\u00fcseyn Xan t\u0259r\u0259find\u0259n in\u015fa etdirilib.<\/p>\n<p>Qeyd olunub ki, tarixi \u015e\u0259ki Xan m\u0259scidind\u0259 b\u0259rpa i\u015fl\u0259ri Heyd\u0259r \u018fliyev Fondu t\u0259r\u0259find\u0259n h\u0259yata ke\u00e7irilib. El\u0259c\u0259 d\u0259 m\u0259scid kompleksinin \u0259razisind\u0259 muzey yarad\u0131l\u0131b. Muzeyd\u0259 \u015e\u0259ki xanl\u0131\u011f\u0131 d\u00f6vr\u00fcn\u0259 aid eksponatlar, m\u00fcxt\u0259lif m\u0259nb\u0259l\u0259rd\u0259n toplanm\u0131\u015f maddi-m\u0259d\u0259niyy\u0259t n\u00fcmun\u0259l\u0259ri n\u00fcmayi\u015f olunur.<\/p>\n<p>Muzey \u015e\u0259ki xanl\u0131\u011f\u0131n\u0131n yaranmas\u0131 v\u0259 formala\u015fmas\u0131 tarixini, el\u0259c\u0259 d\u0259 onun milli d\u00f6vl\u0259t\u00e7ilik tariximizd\u0259 x\u00fcsusi yerini \u0259yani \u015f\u0259kild\u0259 n\u00fcmayi\u015f etdirir.<\/p>\n<p>Sonda Leyla \u018fliyevaya v\u0259 Arzu \u018fliyevaya \u201cQurani-K\u0259rim\u201d h\u0259diyy\u0259 olunub.<\/p>\n<div><\/div>\n<div><img class=\"img-responsive\" title=\"\" src=\"https:\/\/qafqazinfo.az\/uploads\/1777353597\/17773532135473837232_1200x630.jpg\" alt=\"\" \/><br \/>\n<img class=\"img-responsive\" title=\"\" src=\"https:\/\/qafqazinfo.az\/uploads\/1777353597\/17773532131143335842_1200x630.jpg\" alt=\"\" \/><br \/>\n<img class=\"img-responsive\" title=\"\" src=\"https:\/\/qafqazinfo.az\/uploads\/1777353597\/17773532131714937564_1200x630.jpg\" alt=\"\" \/><br \/>\n<img class=\"img-responsive\" title=\"\" src=\"https:\/\/qafqazinfo.az\/uploads\/1777353597\/17773532134099657045_1200x630.jpg\" alt=\"\" \/><br \/>\n<img class=\"img-responsive\" title=\"\" src=\"https:\/\/qafqazinfo.az\/uploads\/1777353597\/177735321320732565_1200x630.jpg\" alt=\"\" \/><br \/>\n<img class=\"img-responsive\" title=\"\" src=\"https:\/\/qafqazinfo.az\/uploads\/1777353597\/177735220128673267_1200x630.jpg\" alt=\"\" \/><br \/>\n<img class=\"img-responsive\" title=\"\" src=\"https:\/\/qafqazinfo.az\/uploads\/1777353597\/1777352201154261817_1200x630.jpg\" alt=\"\" \/><br \/>\n<img class=\"img-responsive\" title=\"\" src=\"https:\/\/qafqazinfo.az\/uploads\/1777353597\/17773522012298352919_1200x630.jpg\" alt=\"\" \/><br \/>\n<img class=\"img-responsive\" title=\"\" src=\"https:\/\/qafqazinfo.az\/uploads\/1777353597\/17773522012615414588_1200x630.jpg\" alt=\"\" \/><br \/>\n<img class=\"img-responsive\" title=\"\" src=\"https:\/\/qafqazinfo.az\/uploads\/1777353597\/17773522016348140671_1200x630.jpg\" alt=\"\" \/><br \/>\n<img class=\"img-responsive\" title=\"\" src=\"https:\/\/qafqazinfo.az\/uploads\/1777353597\/17773522012946132189_1200x630.jpg\" alt=\"\" \/><br \/>\n<img class=\"img-responsive\" title=\"\" src=\"https:\/\/qafqazinfo.az\/uploads\/1777353597\/1777352201411319276_1200x630.jpg\" alt=\"\" \/><br \/>\n<img class=\"img-responsive\" title=\"\" src=\"https:\/\/qafqazinfo.az\/uploads\/1777353597\/17773522015572029199_1200x630.jpg\" alt=\"\" \/><br \/>\n<img class=\"img-responsive\" title=\"\" src=\"https:\/\/qafqazinfo.az\/uploads\/1777353597\/17773522014799736000_1200x630.jpg\" alt=\"\" \/><\/div>\n","protected":false},"excerpt":{"rendered":"<p>Heyd\u0259r \u018fliyev Fondunun vitse-prezidenti, IDEA \u0130ctimai Birliyinin t\u0259sis\u00e7isi v\u0259 r\u0259hb\u0259ri Leyla \u018fliyeva v\u0259 Arzu \u018fliyeva \u015e\u0259kid\u0259 Sosial Xidm\u0259tl\u0259r Agentliyinin 6 sayl\u0131 u\u015faq evi sosial xidm\u0259t m\u00fc\u0259ssis\u0259sini ziyar\u0259t edibl\u0259r. Musavat.com\u00a0x\u0259b\u0259r verir ki, s\u0259f\u0259r zaman\u0131 Leyla \u018fliyeva v\u0259 Arzu \u018fliyeva m\u00fc\u0259ssis\u0259nin f\u0259aliyy\u0259ti, valideyn himay\u0259sind\u0259n m\u0259hrum olmu\u015f u\u015faqlar \u00fc\u00e7\u00fcn yarad\u0131lan \u015f\u0259rait, onlar\u0131n t\u0259lim-t\u0259rbiy\u0259si v\u0259 sosial m\u00fcdafi\u0259si istiqam\u0259tind\u0259 g\u00f6r\u00fcl\u0259n i\u015fl\u0259rl\u0259 yax\u0131ndan tan\u0131\u015f olublar. Bildirilib ki, 1936-c\u0131 ild\u0259n f\u0259aliyy\u0259t g\u00f6st\u0259r\u0259n u\u015faq evi Az\u0259rbaycan\u0131n Birinci vitse-prezidenti Mehriban \u018fliyevan\u0131n t\u0259\u015f\u0259bb\u00fcs\u00fc il\u0259 2018-ci ild\u0259 yeni bina il\u0259 t\u0259min edilib. Sonra Leyla \u018fliyeva v\u0259 Arzu \u018fliyeva u\u015faqlar\u0131n x\u00fcsusi haz\u0131rlad\u0131qlar\u0131&hellip;<\/p>\n","protected":false},"author":2,"featured_media":849951,"comment_status":"closed","ping_status":"closed","sticky":false,"template":"","format":"standard","meta":{"om_disable_all_campaigns":false,"_monsterinsights_skip_tracking":false,"_monsterinsights_sitenote_active":false,"_monsterinsights_sitenote_note":"","_monsterinsights_sitenote_category":0},"categories":[1],"tags":[],"aioseo_notices":[],"gutentor_comment":0,"rttpg_featured_image_url":{"full":["https:\/\/arantv.az\/wp-content\/uploads\/2026\/04\/f9a95397fe29dbf291a682944905c309.jpg",870,500,false],"landscape":["https:\/\/arantv.az\/wp-content\/uploads\/2026\/04\/f9a95397fe29dbf291a682944905c309.jpg",870,500,false],"portraits":["https:\/\/arantv.az\/wp-content\/uploads\/2026\/04\/f9a95397fe29dbf291a682944905c309.jpg",870,500,false],"thumbnail":["https:\/\/arantv.az\/wp-content\/uploads\/2026\/04\/f9a95397fe29dbf291a682944905c309-500x280.jpg",500,280,true],"medium":["https:\/\/arantv.az\/wp-content\/uploads\/2026\/04\/f9a95397fe29dbf291a682944905c309-635x365.jpg",635,365,true],"large":["https:\/\/arantv.az\/wp-content\/uploads\/2026\/04\/f9a95397fe29dbf291a682944905c309-840x483.jpg",640,368,true],"1536x1536":["https:\/\/arantv.az\/wp-content\/uploads\/2026\/04\/f9a95397fe29dbf291a682944905c309.jpg",870,500,false],"2048x2048":["https:\/\/arantv.az\/wp-content\/uploads\/2026\/04\/f9a95397fe29dbf291a682944905c309.jpg",870,500,false],"post-thumbnail":["https:\/\/arantv.az\/wp-content\/uploads\/2026\/04\/f9a95397fe29dbf291a682944905c309-240x172.jpg",240,172,true],"advps-thumb-one":["https:\/\/arantv.az\/wp-content\/uploads\/2026\/04\/f9a95397fe29dbf291a682944905c309.jpg",870,500,false]},"rttpg_author":{"display_name":"V\u00fcsal Rafiqo\u011flu","author_link":"https:\/\/arantv.az\/?author=2"},"rttpg_comment":0,"rttpg_category":"<a href=\"https:\/\/arantv.az\/?cat=1\" rel=\"category\">C\u0259miyy\u0259t<\/a>","rttpg_excerpt":"Heyd\u0259r \u018fliyev Fondunun vitse-prezidenti, IDEA \u0130ctimai Birliyinin t\u0259sis\u00e7isi v\u0259 r\u0259hb\u0259ri Leyla \u018fliyeva v\u0259 Arzu \u018fliyeva \u015e\u0259kid\u0259 Sosial Xidm\u0259tl\u0259r Agentliyinin 6 sayl\u0131 u\u015faq evi sosial xidm\u0259t m\u00fc\u0259ssis\u0259sini ziyar\u0259t edibl\u0259r. Musavat.com\u00a0x\u0259b\u0259r verir ki, s\u0259f\u0259r zaman\u0131 Leyla \u018fliyeva v\u0259 Arzu \u018fliyeva m\u00fc\u0259ssis\u0259nin f\u0259aliyy\u0259ti, valideyn himay\u0259sind\u0259n m\u0259hrum olmu\u015f u\u015faqlar \u00fc\u00e7\u00fcn yarad\u0131lan \u015f\u0259rait, onlar\u0131n t\u0259lim-t\u0259rbiy\u0259si v\u0259 sosial m\u00fcdafi\u0259si istiqam\u0259tind\u0259 g\u00f6r\u00fcl\u0259n&hellip;","_links":{"self":[{"href":"https:\/\/arantv.az\/index.php?rest_route=\/wp\/v2\/posts\/849950"}],"collection":[{"href":"https:\/\/arantv.az\/index.php?rest_route=\/wp\/v2\/posts"}],"about":[{"href":"https:\/\/arantv.az\/index.php?rest_route=\/wp\/v2\/types\/post"}],"author":[{"embeddable":true,"href":"https:\/\/arantv.az\/index.php?rest_route=\/wp\/v2\/users\/2"}],"replies":[{"embeddable":true,"href":"https:\/\/arantv.az\/index.php?rest_route=%2Fwp%2Fv2%2Fcomments&post=849950"}],"version-history":[{"count":1,"href":"https:\/\/arantv.az\/index.php?rest_route=\/wp\/v2\/posts\/849950\/revisions"}],"predecessor-version":[{"id":849952,"href":"https:\/\/arantv.az\/index.php?rest_route=\/wp\/v2\/posts\/849950\/revisions\/849952"}],"wp:featuredmedia":[{"embeddable":true,"href":"https:\/\/arantv.az\/index.php?rest_route=\/wp\/v2\/media\/849951"}],"wp:attachment":[{"href":"https:\/\/arantv.az\/index.php?rest_route=%2Fwp%2Fv2%2Fmedia&parent=849950"}],"wp:term":[{"taxonomy":"category","embeddable":true,"href":"https:\/\/arantv.az\/index.php?rest_route=%2Fwp%2Fv2%2Fcategories&post=849950"},{"taxonomy":"post_tag","embeddable":true,"href":"https:\/\/arantv.az\/index.php?rest_route=%2Fwp%2Fv2%2Ftags&post=849950"}],"curies":[{"name":"wp","href":"https:\/\/api.w.org\/{rel}","templated":true}]}}