{"id":849965,"date":"2026-04-28T11:29:28","date_gmt":"2026-04-28T07:29:28","guid":{"rendered":"https:\/\/arantv.az\/?p=849965"},"modified":"2026-04-28T11:29:28","modified_gmt":"2026-04-28T07:29:28","slug":"leyla-%c9%99liyeva-v%c9%99-arzu-%c9%99liyeva-s%c9%99kid%c9%99-tarixi-memarliq-abid%c9%99l%c9%99rinin-b%c9%99rpadan-sonra-acilisinda-istirak-edibl%c9%99r","status":"publish","type":"post","link":"https:\/\/arantv.az\/?p=849965","title":{"rendered":"Leyla \u018fliyeva v\u0259 Arzu \u018fliyeva \u015e\u0259kid\u0259 tarixi-memarl\u0131q abid\u0259l\u0259rinin b\u0259rpadan sonra a\u00e7\u0131l\u0131\u015f\u0131nda i\u015ftirak edibl\u0259r"},"content":{"rendered":"<div class=\"content lead font-weight-normal\">\n<p>Heyd\u0259r \u018fliyev Fondunun vitse-prezidenti, IDEA \u0130ctimai Birliyinin t\u0259sis\u00e7isi v\u0259 r\u0259hb\u0259ri Leyla \u018fliyeva v\u0259 Bak\u0131 Media M\u0259rk\u0259zinin r\u0259hb\u0259ri Arzu \u018fliyeva \u015e\u0259kid\u0259 \u201cYuxar\u0131 Ba\u015f\u201d Milli Tarix-Memarl\u0131q Qoru\u011funun \u0259razisind\u0259 yerl\u0259\u015f\u0259n bir s\u0131ra tarixi-memarl\u0131q abid\u0259l\u0259rinin b\u0259rpadan sonra a\u00e7\u0131l\u0131\u015f\u0131nda i\u015ftirak edibl\u0259r.<\/p>\n<p><strong>\u201c\u0130ki sahil\u201d x\u0259b\u0259r verir ki,\u00a0<\/strong>Leyla \u018fliyeva v\u0259 Arzu \u018fliyeva \u015e\u0259ki Tarix-Diyar\u015f\u00fcnasl\u0131q Muzeyi, \u015e\u0259b\u0259k\u0259 Emalatxanas\u0131 v\u0259 T\u0259lim M\u0259rk\u0259zind\u0259 yarad\u0131lm\u0131\u015f \u015f\u0259raitl\u0259 tan\u0131\u015f olublar. Bildirilib ki, h\u0259yata ke\u00e7iril\u0259n b\u0259rpa v\u0259 konservasiya i\u015fl\u0259ri tarixi irsin qorunmas\u0131na, \u015e\u0259kinin q\u0259dim s\u0259n\u0259tkarl\u0131q \u0259n\u0259n\u0259l\u0259rinin ya\u015fad\u0131lmas\u0131na, h\u0259m\u00e7inin \u015f\u0259h\u0259rin turizm potensial\u0131n\u0131n daha da art\u0131r\u0131lmas\u0131na xidm\u0259t edir.<\/p>\n<p>\u015e\u0259ki Tarix-Diyar\u015f\u00fcnasl\u0131q Muzeyind\u0259 b\u00f6lg\u0259nin tarixini, m\u0259d\u0259niyy\u0259tini, etnoqrafiyas\u0131n\u0131, \u0259n\u0259n\u0259vi s\u0259n\u0259tkarl\u0131\u011f\u0131n\u0131 v\u0259 kulinariya irsini \u0259ks etdir\u0259n eksponatla bax\u0131\u015f ke\u00e7irilib. Muzeyd\u0259 \u00fcmumilikd\u0259 \u00fc\u00e7 mind\u0259n \u00e7ox maddi-m\u0259d\u0259ni d\u0259y\u0259r\u0259 malik eksponat qorunur, onlardan 1826-s\u0131 s\u0259rgi zallar\u0131nda t\u0259qdim edilir.<\/p>\n<p>Qeyd olunub ki, \u201cYuxar\u0131 Ba\u015f\u201d Milli Tarix-Memarl\u0131q Qoru\u011funun \u0259razisind\u0259 dig\u0259r tarixi-memarl\u0131q abid\u0259l\u0259rinin b\u0259rpa v\u0259 konservasiya i\u015fl\u0259ri m\u0259rh\u0259l\u0259li \u015f\u0259kild\u0259 davam etdiril\u0259c\u0259k.<\/p>\n<p>S\u0259f\u0259r zaman\u0131 \u015e\u0259b\u0259k\u0259 Emalatxanas\u0131 v\u0259 T\u0259lim M\u0259rk\u0259zin\u0259 d\u0259 bax\u0131\u015f ke\u00e7irilib. Qeyd olunub ki, burada \u015f\u0259b\u0259k\u0259 s\u0259n\u0259tin\u0259 h\u0259sr olunmu\u015f s\u0259rgi salonu, emalatxana v\u0259 t\u0259lim otaqlar\u0131 yarad\u0131l\u0131b.<\/p>\n<p>Leyla \u018fliyeva v\u0259 Arzu \u018fliyeva m\u0259\u015fhur \u015f\u0259b\u0259k\u0259 ustas\u0131 Tofiq R\u0259sulov v\u0259 onun \u015fagirdl\u0259ri il\u0259 g\u00f6r\u00fc\u015f\u00fcb, \u015f\u0259b\u0259k\u0259 n\u00fcmun\u0259l\u0259rinin haz\u0131rlanmas\u0131 prosesind\u0259 i\u015ftirak edibl\u0259r. Onlar Az\u0259rbaycan\u0131n bu q\u0259dim s\u0259n\u0259t n\u00f6v\u00fcn\u00fcn ya\u015fad\u0131lmas\u0131 v\u0259 g\u0259l\u0259c\u0259k n\u0259sill\u0259r\u0259 \u00f6t\u00fcr\u00fclm\u0259si istiqam\u0259tind\u0259 g\u00f6rd\u00fcy\u00fc i\u015fl\u0259r\u0259 g\u00f6r\u0259 Tofiq R\u0259sulova minn\u0259tdarl\u0131qlar\u0131n\u0131 bildirib, ustaya v\u0259 \u015fagirdl\u0259rin\u0259 u\u011furlar arzulay\u0131blar.<\/p>\n<p>Sonra \u015firniyyat haz\u0131rlanmas\u0131nda i\u015ftirak ed\u0259n Leyla \u018fliyeva v\u0259 Arzu \u018fliyeva, h\u0259m\u00e7inin ABAD Keramika m\u0259rk\u0259zi il\u0259 tan\u0131\u015f olublar.<\/p>\n<div class=\"clearfix\"><\/div>\n<\/div>\n<div class=\"fotorama--hidden\"><\/div>\n<div id=\"galleryList\" class=\"fotorama fotorama1777361301824\" data-nav=\"thumbs\" data-width=\"100%\" data-thumbwidth=\"90\" data-thumbheight=\"60\" data-allowfullscreen=\"true\" data-autoplay=\"3000\" data-ratio=\"1.5\" data-keyboard=\"true\" data-fit=\"contain\">\n<div class=\"fotorama__wrap fotorama__wrap--css3 fotorama__wrap--slide fotorama__wrap--toggle-arrows fotorama__wrap--no-controls\">\n<div class=\"fotorama__stage fotorama__pointer\">\n<div class=\"fotorama__fullscreen-icon\" tabindex=\"0\" role=\"button\"><\/div>\n<div class=\"fotorama__stage__shaft\">\n<div class=\"fotorama__stage__frame fotorama__loaded fotorama__loaded--img\"><img class=\"fotorama__img\" src=\"https:\/\/ikisahil.az\/photo\/0x0_2\/upload\/gallery\/2026\/04\/28\/-4772c1b9177735918712015661910383022.jpg\" \/><\/div>\n<div class=\"fotorama__stage__frame fotorama__loaded fotorama__loaded--img fotorama__active\"><img class=\"fotorama__img\" src=\"https:\/\/ikisahil.az\/photo\/0x0_2\/upload\/gallery\/2026\/04\/28\/-a5462039177735918790466863610999059.jpg\" \/><\/div>\n<div class=\"fotorama__stage__frame fotorama__loaded fotorama__loaded--img\"><img class=\"fotorama__img\" src=\"https:\/\/ikisahil.az\/photo\/0x0_2\/upload\/gallery\/2026\/04\/28\/-d148c062177735918760197451510367311.jpg\" \/><\/div>\n<div class=\"fotorama__stage__frame\"><\/div>\n<\/div>\n<div class=\"fotorama__arr fotorama__arr--prev\" tabindex=\"0\" role=\"button\"><\/div>\n<div class=\"fotorama__arr fotorama__arr--next\" tabindex=\"0\" role=\"button\"><\/div>\n<div class=\"fotorama__video-close\"><\/div>\n<\/div>\n<div class=\"fotorama__nav-wrap\">\n<div class=\"fotorama__nav fotorama__nav--thumbs fotorama__shadows--left fotorama__shadows--right\">\n<div class=\"fotorama__nav__shaft fotorama__grab\">\n<div class=\"fotorama__thumb-border\"><\/div>\n<div class=\"fotorama__nav__frame fotorama__nav__frame--thumb\" tabindex=\"0\" role=\"button\">\n<div class=\"fotorama__thumb fotorama__loaded fotorama__loaded--img\"><img class=\"fotorama__img\" src=\"https:\/\/ikisahil.az\/photo\/150x100_2\/upload\/gallery\/2026\/04\/28\/-bd0cc810177735918784848424511115211.jpg\" \/><\/div>\n<\/div>\n<div class=\"fotorama__nav__frame fotorama__nav__frame--thumb\" tabindex=\"0\" role=\"button\">\n<div class=\"fotorama__thumb fotorama__loaded fotorama__loaded--img\"><img class=\"fotorama__img\" src=\"https:\/\/ikisahil.az\/photo\/150x100_2\/upload\/gallery\/2026\/04\/28\/-076a8133177735918827063486410806738.jpg\" \/><\/div>\n<\/div>\n<div class=\"fotorama__nav__frame fotorama__nav__frame--thumb\" tabindex=\"0\" role=\"button\">\n<div class=\"fotorama__thumb fotorama__loaded fotorama__loaded--img\"><img class=\"fotorama__img\" src=\"https:\/\/ikisahil.az\/photo\/150x100_2\/upload\/gallery\/2026\/04\/28\/-b17c0907177735918786639599810339374.jpg\" \/><\/div>\n<\/div>\n<div class=\"fotorama__nav__frame fotorama__nav__frame--thumb\" tabindex=\"0\" role=\"button\">\n<div class=\"fotorama__thumb fotorama__loaded fotorama__loaded--img\"><img class=\"fotorama__img\" src=\"https:\/\/ikisahil.az\/photo\/150x100_2\/upload\/gallery\/2026\/04\/28\/-58785316177735918853572856210249908.jpg\" \/><\/div>\n<\/div>\n<div class=\"fotorama__nav__frame fotorama__nav__frame--thumb\" tabindex=\"0\" role=\"button\">\n<div class=\"fotorama__thumb fotorama__loaded fotorama__loaded--img\"><img class=\"fotorama__img\" src=\"https:\/\/ikisahil.az\/photo\/150x100_2\/upload\/gallery\/2026\/04\/28\/-4772c1b9177735918712015661910383022.jpg\" \/><\/div>\n<\/div>\n<div class=\"fotorama__nav__frame fotorama__nav__frame--thumb\" tabindex=\"0\" role=\"button\">\n<div class=\"fotorama__thumb fotorama__loaded fotorama__loaded--img\"><img class=\"fotorama__img\" src=\"https:\/\/ikisahil.az\/photo\/150x100_2\/upload\/gallery\/2026\/04\/28\/-a5462039177735918790466863610999059.jpg\" \/><\/div>\n<\/div>\n<div class=\"fotorama__nav__frame fotorama__nav__frame--thumb fotorama__active\" tabindex=\"0\" role=\"button\">\n<div class=\"fotorama__thumb fotorama__loaded fotorama__loaded--img\"><img class=\"fotorama__img\" src=\"https:\/\/ikisahil.az\/photo\/150x100_2\/upload\/gallery\/2026\/04\/28\/-d148c062177735918760197451510367311.jpg\" \/><\/div>\n<\/div>\n<div class=\"fotorama__nav__frame fotorama__nav__frame--thumb\" tabindex=\"0\" role=\"button\">\n<div class=\"fotorama__thumb fotorama__loaded fotorama__loaded--img\"><img class=\"fotorama__img\" src=\"https:\/\/ikisahil.az\/photo\/150x100_2\/upload\/gallery\/2026\/04\/28\/-85203ae8177735918724739039410566384.jpg\" \/><\/div>\n<\/div>\n<div class=\"fotorama__nav__frame fotorama__nav__frame--thumb\" tabindex=\"0\" role=\"button\">\n<div class=\"fotorama__thumb fotorama__loaded fotorama__loaded--img\"><img class=\"fotorama__img\" src=\"https:\/\/ikisahil.az\/photo\/150x100_2\/upload\/gallery\/2026\/04\/28\/-7792a05017773591871957547661001218.jpg\" \/><\/div>\n<\/div>\n<div class=\"fotorama__nav__frame fotorama__nav__frame--thumb\" tabindex=\"0\" role=\"button\">\n<div class=\"fotorama__thumb\"><\/div>\n<\/div>\n<div class=\"fotorama__nav__frame fotorama__nav__frame--thumb\" tabindex=\"0\" role=\"button\">\n<div class=\"fotorama__thumb\"><\/div>\n<\/div>\n<div class=\"fotorama__nav__frame fotorama__nav__frame--thumb\" tabindex=\"0\" role=\"button\">\n<div class=\"fotorama__thumb\"><\/div>\n<\/div>\n<div class=\"fotorama__nav__frame fotorama__nav__frame--thumb\" tabindex=\"0\" role=\"button\">\n<div class=\"fotorama__thumb\"><\/div>\n<\/div>\n<div class=\"fotorama__nav__frame fotorama__nav__frame--thumb\" tabindex=\"0\" role=\"button\">\n<div class=\"fotorama__thumb\"><\/div>\n<\/div>\n<div class=\"fotorama__nav__frame fotorama__nav__frame--thumb\" tabindex=\"0\" role=\"button\">\n<div class=\"fotorama__thumb\"><\/div>\n<\/div>\n<div class=\"fotorama__nav__frame fotorama__nav__frame--thumb\" tabindex=\"0\" role=\"button\">\n<div class=\"fotorama__thumb\"><\/div>\n<\/div>\n<div class=\"fotorama__nav__frame fotorama__nav__frame--thumb\" tabindex=\"0\" role=\"button\">\n<div class=\"fotorama__thumb\"><\/div>\n<\/div>\n<div class=\"fotorama__nav__frame fotorama__nav__frame--thumb\" tabindex=\"0\" role=\"button\">\n<div class=\"fotorama__thumb\"><\/div>\n<\/div>\n<div class=\"fotorama__nav__frame fotorama__nav__frame--thumb\" tabindex=\"0\" role=\"button\">\n<div class=\"fotorama__thumb\"><\/div>\n<\/div>\n<div class=\"fotorama__nav__frame fotorama__nav__frame--thumb\" tabindex=\"0\" role=\"button\">\n<div class=\"fotorama__thumb\"><\/div>\n<\/div>\n<div class=\"fotorama__nav__frame fotorama__nav__frame--thumb\" tabindex=\"0\" role=\"button\">\n<div class=\"fotorama__thumb\"><\/div>\n<\/div>\n<\/div>\n<\/div>\n<\/div>\n<\/div>\n<\/div>\n<div class=\"sharing my-2 row no-gutters d-print-none\"><\/div>\n<div class=\"d-none d-sm-block\"><\/div>\n","protected":false},"excerpt":{"rendered":"<p>Heyd\u0259r \u018fliyev Fondunun vitse-prezidenti, IDEA \u0130ctimai Birliyinin t\u0259sis\u00e7isi v\u0259 r\u0259hb\u0259ri Leyla \u018fliyeva v\u0259 Bak\u0131 Media M\u0259rk\u0259zinin r\u0259hb\u0259ri Arzu \u018fliyeva \u015e\u0259kid\u0259 \u201cYuxar\u0131 Ba\u015f\u201d Milli Tarix-Memarl\u0131q Qoru\u011funun \u0259razisind\u0259 yerl\u0259\u015f\u0259n bir s\u0131ra tarixi-memarl\u0131q abid\u0259l\u0259rinin b\u0259rpadan sonra a\u00e7\u0131l\u0131\u015f\u0131nda i\u015ftirak edibl\u0259r. \u201c\u0130ki sahil\u201d x\u0259b\u0259r verir ki,\u00a0Leyla \u018fliyeva v\u0259 Arzu \u018fliyeva \u015e\u0259ki Tarix-Diyar\u015f\u00fcnasl\u0131q Muzeyi, \u015e\u0259b\u0259k\u0259 Emalatxanas\u0131 v\u0259 T\u0259lim M\u0259rk\u0259zind\u0259 yarad\u0131lm\u0131\u015f \u015f\u0259raitl\u0259 tan\u0131\u015f olublar. Bildirilib ki, h\u0259yata ke\u00e7iril\u0259n b\u0259rpa v\u0259 konservasiya i\u015fl\u0259ri tarixi irsin qorunmas\u0131na, \u015e\u0259kinin q\u0259dim s\u0259n\u0259tkarl\u0131q \u0259n\u0259n\u0259l\u0259rinin ya\u015fad\u0131lmas\u0131na, h\u0259m\u00e7inin \u015f\u0259h\u0259rin turizm potensial\u0131n\u0131n daha da art\u0131r\u0131lmas\u0131na xidm\u0259t edir. \u015e\u0259ki Tarix-Diyar\u015f\u00fcnasl\u0131q Muzeyind\u0259 b\u00f6lg\u0259nin tarixini, m\u0259d\u0259niyy\u0259tini, etnoqrafiyas\u0131n\u0131, \u0259n\u0259n\u0259vi&hellip;<\/p>\n","protected":false},"author":2,"featured_media":849966,"comment_status":"closed","ping_status":"closed","sticky":false,"template":"","format":"standard","meta":{"om_disable_all_campaigns":false,"_monsterinsights_skip_tracking":false,"_monsterinsights_sitenote_active":false,"_monsterinsights_sitenote_note":"","_monsterinsights_sitenote_category":0},"categories":[1],"tags":[],"aioseo_notices":[],"gutentor_comment":0,"rttpg_featured_image_url":{"full":["https:\/\/arantv.az\/wp-content\/uploads\/2026\/04\/88c040ad177735917292396186710981693.jpg",975,540,false],"landscape":["https:\/\/arantv.az\/wp-content\/uploads\/2026\/04\/88c040ad177735917292396186710981693.jpg",975,540,false],"portraits":["https:\/\/arantv.az\/wp-content\/uploads\/2026\/04\/88c040ad177735917292396186710981693.jpg",975,540,false],"thumbnail":["https:\/\/arantv.az\/wp-content\/uploads\/2026\/04\/88c040ad177735917292396186710981693-500x280.jpg",500,280,true],"medium":["https:\/\/arantv.az\/wp-content\/uploads\/2026\/04\/88c040ad177735917292396186710981693-660x365.jpg",660,365,true],"large":["https:\/\/arantv.az\/wp-content\/uploads\/2026\/04\/88c040ad177735917292396186710981693-840x465.jpg",640,354,true],"1536x1536":["https:\/\/arantv.az\/wp-content\/uploads\/2026\/04\/88c040ad177735917292396186710981693.jpg",975,540,false],"2048x2048":["https:\/\/arantv.az\/wp-content\/uploads\/2026\/04\/88c040ad177735917292396186710981693.jpg",975,540,false],"post-thumbnail":["https:\/\/arantv.az\/wp-content\/uploads\/2026\/04\/88c040ad177735917292396186710981693-240x172.jpg",240,172,true],"advps-thumb-one":["https:\/\/arantv.az\/wp-content\/uploads\/2026\/04\/88c040ad177735917292396186710981693.jpg",975,540,false]},"rttpg_author":{"display_name":"V\u00fcsal Rafiqo\u011flu","author_link":"https:\/\/arantv.az\/?author=2"},"rttpg_comment":0,"rttpg_category":"<a href=\"https:\/\/arantv.az\/?cat=1\" rel=\"category\">C\u0259miyy\u0259t<\/a>","rttpg_excerpt":"Heyd\u0259r \u018fliyev Fondunun vitse-prezidenti, IDEA \u0130ctimai Birliyinin t\u0259sis\u00e7isi v\u0259 r\u0259hb\u0259ri Leyla \u018fliyeva v\u0259 Bak\u0131 Media M\u0259rk\u0259zinin r\u0259hb\u0259ri Arzu \u018fliyeva \u015e\u0259kid\u0259 \u201cYuxar\u0131 Ba\u015f\u201d Milli Tarix-Memarl\u0131q Qoru\u011funun \u0259razisind\u0259 yerl\u0259\u015f\u0259n bir s\u0131ra tarixi-memarl\u0131q abid\u0259l\u0259rinin b\u0259rpadan sonra a\u00e7\u0131l\u0131\u015f\u0131nda i\u015ftirak edibl\u0259r. \u201c\u0130ki sahil\u201d x\u0259b\u0259r verir ki,\u00a0Leyla \u018fliyeva v\u0259 Arzu \u018fliyeva \u015e\u0259ki Tarix-Diyar\u015f\u00fcnasl\u0131q Muzeyi, \u015e\u0259b\u0259k\u0259 Emalatxanas\u0131 v\u0259 T\u0259lim M\u0259rk\u0259zind\u0259 yarad\u0131lm\u0131\u015f \u015f\u0259raitl\u0259&hellip;","_links":{"self":[{"href":"https:\/\/arantv.az\/index.php?rest_route=\/wp\/v2\/posts\/849965"}],"collection":[{"href":"https:\/\/arantv.az\/index.php?rest_route=\/wp\/v2\/posts"}],"about":[{"href":"https:\/\/arantv.az\/index.php?rest_route=\/wp\/v2\/types\/post"}],"author":[{"embeddable":true,"href":"https:\/\/arantv.az\/index.php?rest_route=\/wp\/v2\/users\/2"}],"replies":[{"embeddable":true,"href":"https:\/\/arantv.az\/index.php?rest_route=%2Fwp%2Fv2%2Fcomments&post=849965"}],"version-history":[{"count":1,"href":"https:\/\/arantv.az\/index.php?rest_route=\/wp\/v2\/posts\/849965\/revisions"}],"predecessor-version":[{"id":849967,"href":"https:\/\/arantv.az\/index.php?rest_route=\/wp\/v2\/posts\/849965\/revisions\/849967"}],"wp:featuredmedia":[{"embeddable":true,"href":"https:\/\/arantv.az\/index.php?rest_route=\/wp\/v2\/media\/849966"}],"wp:attachment":[{"href":"https:\/\/arantv.az\/index.php?rest_route=%2Fwp%2Fv2%2Fmedia&parent=849965"}],"wp:term":[{"taxonomy":"category","embeddable":true,"href":"https:\/\/arantv.az\/index.php?rest_route=%2Fwp%2Fv2%2Fcategories&post=849965"},{"taxonomy":"post_tag","embeddable":true,"href":"https:\/\/arantv.az\/index.php?rest_route=%2Fwp%2Fv2%2Ftags&post=849965"}],"curies":[{"name":"wp","href":"https:\/\/api.w.org\/{rel}","templated":true}]}}