{"id":849968,"date":"2026-04-28T11:30:22","date_gmt":"2026-04-28T07:30:22","guid":{"rendered":"https:\/\/arantv.az\/?p=849968"},"modified":"2026-04-28T11:30:22","modified_gmt":"2026-04-28T07:30:22","slug":"leyla-%c9%99liyeva-v%c9%99-arzu-%c9%99liyeva-s%c9%99kid%c9%99-usaq-evi-sosial-xidm%c9%99t-mu%c9%99ssis%c9%99sind%c9%99-olublar","status":"publish","type":"post","link":"https:\/\/arantv.az\/?p=849968","title":{"rendered":"Leyla \u018fliyeva v\u0259 Arzu \u018fliyeva \u015e\u0259kid\u0259 u\u015faq evi sosial xidm\u0259t m\u00fc\u0259ssis\u0259sind\u0259 olublar"},"content":{"rendered":"<div class=\"content lead font-weight-normal\">\n<p>Heyd\u0259r \u018fliyev Fondunun vitse-prezidenti, IDEA \u0130ctimai Birliyinin t\u0259sis\u00e7isi v\u0259 r\u0259hb\u0259ri Leyla \u018fliyeva v\u0259 Arzu \u018fliyeva \u015e\u0259kid\u0259 Sosial Xidm\u0259tl\u0259r Agentliyinin 6 sayl\u0131 u\u015faq evi sosial xidm\u0259t m\u00fc\u0259ssis\u0259sini ziyar\u0259t edibl\u0259r.<\/p>\n<p><strong>\u201c\u0130ki sahil\u201d x\u0259b\u0259r verir ki,<\/strong>\u00a0s\u0259f\u0259r zaman\u0131 Leyla \u018fliyeva v\u0259 Arzu \u018fliyeva m\u00fc\u0259ssis\u0259nin f\u0259aliyy\u0259ti, valideyn himay\u0259sind\u0259n m\u0259hrum olmu\u015f u\u015faqlar \u00fc\u00e7\u00fcn yarad\u0131lan \u015f\u0259rait, onlar\u0131n t\u0259lim-t\u0259rbiy\u0259si v\u0259 sosial m\u00fcdafi\u0259si istiqam\u0259tind\u0259 g\u00f6r\u00fcl\u0259n i\u015fl\u0259rl\u0259 yax\u0131ndan tan\u0131\u015f olublar. Bildirilib ki, 1936-c\u0131 ild\u0259n f\u0259aliyy\u0259t g\u00f6st\u0259r\u0259n u\u015faq evi Az\u0259rbaycan Respublikas\u0131n\u0131n Birinci vitse-prezidenti xan\u0131m Mehriban \u018fliyevan\u0131n t\u0259\u015f\u0259bb\u00fcs\u00fc il\u0259 2018-ci ild\u0259 yeni bina il\u0259 t\u0259min edilib.<\/p>\n<p>Sonra Leyla \u018fliyeva v\u0259 Arzu \u018fliyeva u\u015faqlar\u0131n x\u00fcsusi haz\u0131rlad\u0131qlar\u0131 m\u0259d\u0259ni proqram\u0131 izl\u0259yibl\u0259r. Proqram \u00e7\u0259r\u00e7iv\u0259sind\u0259 u\u015faqlar t\u0259r\u0259find\u0259n r\u0259qs v\u0259 musiqi n\u00f6mr\u0259l\u0259ri t\u0259qdim olunub, teatr m\u0259\u015f\u011f\u0259l\u0259sind\u0259 haz\u0131rlanm\u0131\u015f s\u0259hn\u0259cikl\u0259r n\u00fcmayi\u015f etdirilib. U\u015faqlar\u0131n yarad\u0131c\u0131l\u0131q bacar\u0131qlar\u0131n\u0131, istedad\u0131n\u0131 v\u0259 s\u0259hn\u0259 m\u0259d\u0259niyy\u0259tini \u0259ks etdir\u0259n \u00e7\u0131x\u0131\u015flar maraqla qar\u015f\u0131lan\u0131b.<\/p>\n<p>Sonda m\u00fc\u0259ssis\u0259nin kollektivi v\u0259 u\u015faqlar il\u0259 xatir\u0259 \u015f\u0259kill\u0259ri \u00e7\u0259kdirilib, h\u0259diyy\u0259l\u0259r t\u0259qdim edilib.<\/p>\n<div class=\"clearfix\"><\/div>\n<\/div>\n<div class=\"fotorama--hidden\"><\/div>\n<div id=\"galleryList\" class=\"fotorama fotorama1777361376293\" data-nav=\"thumbs\" data-width=\"100%\" data-thumbwidth=\"90\" data-thumbheight=\"60\" data-allowfullscreen=\"true\" data-autoplay=\"3000\" data-ratio=\"1.5\" data-keyboard=\"true\" data-fit=\"contain\">\n<div class=\"fotorama__wrap fotorama__wrap--css3 fotorama__wrap--slide fotorama__wrap--toggle-arrows fotorama__wrap--no-controls\">\n<div class=\"fotorama__stage fotorama__pointer\">\n<div class=\"fotorama__fullscreen-icon\" tabindex=\"0\" role=\"button\"><\/div>\n<div class=\"fotorama__stage__shaft\">\n<div class=\"fotorama__stage__frame fotorama__loaded fotorama__loaded--img\"><img class=\"fotorama__img\" src=\"https:\/\/ikisahil.az\/photo\/0x0_2\/upload\/gallery\/2026\/04\/28\/-6f5216f8177735373986651421711072425.jpg\" \/><\/div>\n<div class=\"fotorama__stage__frame fotorama__loaded fotorama__loaded--img fotorama__active\"><img class=\"fotorama__img\" src=\"https:\/\/ikisahil.az\/photo\/0x0_2\/upload\/gallery\/2026\/04\/28\/-e615c82a177735373998399988510058154.jpg\" \/><\/div>\n<div class=\"fotorama__stage__frame fotorama__loaded fotorama__loaded--img\"><img class=\"fotorama__img\" src=\"https:\/\/ikisahil.az\/photo\/0x0_2\/upload\/gallery\/2026\/04\/28\/-7e3315fe177735373977027518010608406.jpg\" \/><\/div>\n<\/div>\n<div class=\"fotorama__arr fotorama__arr--prev\" tabindex=\"0\" role=\"button\"><\/div>\n<div class=\"fotorama__arr fotorama__arr--next\" tabindex=\"0\" role=\"button\"><\/div>\n<div class=\"fotorama__video-close\"><\/div>\n<\/div>\n<div class=\"fotorama__nav-wrap\">\n<div class=\"fotorama__nav fotorama__nav--thumbs fotorama__shadows--left\">\n<div class=\"fotorama__nav__shaft fotorama__grab\">\n<div class=\"fotorama__thumb-border\"><\/div>\n<div class=\"fotorama__nav__frame fotorama__nav__frame--thumb\" tabindex=\"0\" role=\"button\">\n<div class=\"fotorama__thumb fotorama__loaded fotorama__loaded--img\"><img class=\"fotorama__img\" src=\"https:\/\/ikisahil.az\/photo\/150x100_2\/upload\/gallery\/2026\/04\/28\/-b49b0133177735373913756730810105082.jpg\" \/><\/div>\n<\/div>\n<div class=\"fotorama__nav__frame fotorama__nav__frame--thumb\" tabindex=\"0\" role=\"button\">\n<div class=\"fotorama__thumb fotorama__loaded fotorama__loaded--img\"><img class=\"fotorama__img\" src=\"https:\/\/ikisahil.az\/photo\/150x100_2\/upload\/gallery\/2026\/04\/28\/-add5aebf177735373935879655810817758.jpg\" \/><\/div>\n<\/div>\n<div class=\"fotorama__nav__frame fotorama__nav__frame--thumb\" tabindex=\"0\" role=\"button\">\n<div class=\"fotorama__thumb fotorama__loaded fotorama__loaded--img\"><img class=\"fotorama__img\" src=\"https:\/\/ikisahil.az\/photo\/150x100_2\/upload\/gallery\/2026\/04\/28\/-4d2e7bd317773537402443923101057461.jpg\" \/><\/div>\n<\/div>\n<div class=\"fotorama__nav__frame fotorama__nav__frame--thumb\" tabindex=\"0\" role=\"button\">\n<div class=\"fotorama__thumb fotorama__loaded fotorama__loaded--img\"><img class=\"fotorama__img\" src=\"https:\/\/ikisahil.az\/photo\/150x100_2\/upload\/gallery\/2026\/04\/28\/-7cdace91177735373929104785911053758.jpg\" \/><\/div>\n<\/div>\n<div class=\"fotorama__nav__frame fotorama__nav__frame--thumb\" tabindex=\"0\" role=\"button\">\n<div class=\"fotorama__thumb fotorama__loaded fotorama__loaded--img\"><img class=\"fotorama__img\" src=\"https:\/\/ikisahil.az\/photo\/150x100_2\/upload\/gallery\/2026\/04\/28\/-6f5216f8177735373986651421711072425.jpg\" \/><\/div>\n<\/div>\n<div class=\"fotorama__nav__frame fotorama__nav__frame--thumb fotorama__active\" tabindex=\"0\" role=\"button\">\n<div class=\"fotorama__thumb fotorama__loaded fotorama__loaded--img\"><img class=\"fotorama__img\" src=\"https:\/\/ikisahil.az\/photo\/150x100_2\/upload\/gallery\/2026\/04\/28\/-e615c82a177735373998399988510058154.jpg\" \/><\/div>\n<\/div>\n<div class=\"fotorama__nav__frame fotorama__nav__frame--thumb\" tabindex=\"0\" role=\"button\">\n<div class=\"fotorama__thumb fotorama__loaded fotorama__loaded--img\"><img class=\"fotorama__img\" src=\"https:\/\/ikisahil.az\/photo\/150x100_2\/upload\/gallery\/2026\/04\/28\/-7e3315fe177735373977027518010608406.jpg\" \/><\/div>\n<\/div>\n<\/div>\n<\/div>\n<\/div>\n<\/div>\n<\/div>\n<div class=\"sharing my-2 row no-gutters d-print-none\"><\/div>\n<div class=\"d-none d-sm-block\"><\/div>\n","protected":false},"excerpt":{"rendered":"<p>Heyd\u0259r \u018fliyev Fondunun vitse-prezidenti, IDEA \u0130ctimai Birliyinin t\u0259sis\u00e7isi v\u0259 r\u0259hb\u0259ri Leyla \u018fliyeva v\u0259 Arzu \u018fliyeva \u015e\u0259kid\u0259 Sosial Xidm\u0259tl\u0259r Agentliyinin 6 sayl\u0131 u\u015faq evi sosial xidm\u0259t m\u00fc\u0259ssis\u0259sini ziyar\u0259t edibl\u0259r. \u201c\u0130ki sahil\u201d x\u0259b\u0259r verir ki,\u00a0s\u0259f\u0259r zaman\u0131 Leyla \u018fliyeva v\u0259 Arzu \u018fliyeva m\u00fc\u0259ssis\u0259nin f\u0259aliyy\u0259ti, valideyn himay\u0259sind\u0259n m\u0259hrum olmu\u015f u\u015faqlar \u00fc\u00e7\u00fcn yarad\u0131lan \u015f\u0259rait, onlar\u0131n t\u0259lim-t\u0259rbiy\u0259si v\u0259 sosial m\u00fcdafi\u0259si istiqam\u0259tind\u0259 g\u00f6r\u00fcl\u0259n i\u015fl\u0259rl\u0259 yax\u0131ndan tan\u0131\u015f olublar. Bildirilib ki, 1936-c\u0131 ild\u0259n f\u0259aliyy\u0259t g\u00f6st\u0259r\u0259n u\u015faq evi Az\u0259rbaycan Respublikas\u0131n\u0131n Birinci vitse-prezidenti xan\u0131m Mehriban \u018fliyevan\u0131n t\u0259\u015f\u0259bb\u00fcs\u00fc il\u0259 2018-ci ild\u0259 yeni bina il\u0259 t\u0259min edilib. Sonra Leyla \u018fliyeva v\u0259 Arzu \u018fliyeva&hellip;<\/p>\n","protected":false},"author":2,"featured_media":849969,"comment_status":"closed","ping_status":"closed","sticky":false,"template":"","format":"standard","meta":{"om_disable_all_campaigns":false,"_monsterinsights_skip_tracking":false,"_monsterinsights_sitenote_active":false,"_monsterinsights_sitenote_note":"","_monsterinsights_sitenote_category":0},"categories":[1],"tags":[],"aioseo_notices":[],"gutentor_comment":0,"rttpg_featured_image_url":{"full":["https:\/\/arantv.az\/wp-content\/uploads\/2026\/04\/e77dbaf6177735371943827493711039706.jpg",975,540,false],"landscape":["https:\/\/arantv.az\/wp-content\/uploads\/2026\/04\/e77dbaf6177735371943827493711039706.jpg",975,540,false],"portraits":["https:\/\/arantv.az\/wp-content\/uploads\/2026\/04\/e77dbaf6177735371943827493711039706.jpg",975,540,false],"thumbnail":["https:\/\/arantv.az\/wp-content\/uploads\/2026\/04\/e77dbaf6177735371943827493711039706-500x280.jpg",500,280,true],"medium":["https:\/\/arantv.az\/wp-content\/uploads\/2026\/04\/e77dbaf6177735371943827493711039706-660x365.jpg",660,365,true],"large":["https:\/\/arantv.az\/wp-content\/uploads\/2026\/04\/e77dbaf6177735371943827493711039706-840x465.jpg",640,354,true],"1536x1536":["https:\/\/arantv.az\/wp-content\/uploads\/2026\/04\/e77dbaf6177735371943827493711039706.jpg",975,540,false],"2048x2048":["https:\/\/arantv.az\/wp-content\/uploads\/2026\/04\/e77dbaf6177735371943827493711039706.jpg",975,540,false],"post-thumbnail":["https:\/\/arantv.az\/wp-content\/uploads\/2026\/04\/e77dbaf6177735371943827493711039706-240x172.jpg",240,172,true],"advps-thumb-one":["https:\/\/arantv.az\/wp-content\/uploads\/2026\/04\/e77dbaf6177735371943827493711039706.jpg",975,540,false]},"rttpg_author":{"display_name":"V\u00fcsal Rafiqo\u011flu","author_link":"https:\/\/arantv.az\/?author=2"},"rttpg_comment":0,"rttpg_category":"<a href=\"https:\/\/arantv.az\/?cat=1\" rel=\"category\">C\u0259miyy\u0259t<\/a>","rttpg_excerpt":"Heyd\u0259r \u018fliyev Fondunun vitse-prezidenti, IDEA \u0130ctimai Birliyinin t\u0259sis\u00e7isi v\u0259 r\u0259hb\u0259ri Leyla \u018fliyeva v\u0259 Arzu \u018fliyeva \u015e\u0259kid\u0259 Sosial Xidm\u0259tl\u0259r Agentliyinin 6 sayl\u0131 u\u015faq evi sosial xidm\u0259t m\u00fc\u0259ssis\u0259sini ziyar\u0259t edibl\u0259r. \u201c\u0130ki sahil\u201d x\u0259b\u0259r verir ki,\u00a0s\u0259f\u0259r zaman\u0131 Leyla \u018fliyeva v\u0259 Arzu \u018fliyeva m\u00fc\u0259ssis\u0259nin f\u0259aliyy\u0259ti, valideyn himay\u0259sind\u0259n m\u0259hrum olmu\u015f u\u015faqlar \u00fc\u00e7\u00fcn yarad\u0131lan \u015f\u0259rait, onlar\u0131n t\u0259lim-t\u0259rbiy\u0259si v\u0259 sosial m\u00fcdafi\u0259si istiqam\u0259tind\u0259&hellip;","_links":{"self":[{"href":"https:\/\/arantv.az\/index.php?rest_route=\/wp\/v2\/posts\/849968"}],"collection":[{"href":"https:\/\/arantv.az\/index.php?rest_route=\/wp\/v2\/posts"}],"about":[{"href":"https:\/\/arantv.az\/index.php?rest_route=\/wp\/v2\/types\/post"}],"author":[{"embeddable":true,"href":"https:\/\/arantv.az\/index.php?rest_route=\/wp\/v2\/users\/2"}],"replies":[{"embeddable":true,"href":"https:\/\/arantv.az\/index.php?rest_route=%2Fwp%2Fv2%2Fcomments&post=849968"}],"version-history":[{"count":1,"href":"https:\/\/arantv.az\/index.php?rest_route=\/wp\/v2\/posts\/849968\/revisions"}],"predecessor-version":[{"id":849970,"href":"https:\/\/arantv.az\/index.php?rest_route=\/wp\/v2\/posts\/849968\/revisions\/849970"}],"wp:featuredmedia":[{"embeddable":true,"href":"https:\/\/arantv.az\/index.php?rest_route=\/wp\/v2\/media\/849969"}],"wp:attachment":[{"href":"https:\/\/arantv.az\/index.php?rest_route=%2Fwp%2Fv2%2Fmedia&parent=849968"}],"wp:term":[{"taxonomy":"category","embeddable":true,"href":"https:\/\/arantv.az\/index.php?rest_route=%2Fwp%2Fv2%2Fcategories&post=849968"},{"taxonomy":"post_tag","embeddable":true,"href":"https:\/\/arantv.az\/index.php?rest_route=%2Fwp%2Fv2%2Ftags&post=849968"}],"curies":[{"name":"wp","href":"https:\/\/api.w.org\/{rel}","templated":true}]}}