{"id":849971,"date":"2026-04-28T11:31:04","date_gmt":"2026-04-28T07:31:04","guid":{"rendered":"https:\/\/arantv.az\/?p=849971"},"modified":"2026-04-28T11:31:04","modified_gmt":"2026-04-28T07:31:04","slug":"leyla-%c9%99liyeva-v%c9%99-arzu-%c9%99liyeva-s%c9%99kid%c9%99-xan-m%c9%99scidini-ziyar%c9%99t-edibl%c9%99r","status":"publish","type":"post","link":"https:\/\/arantv.az\/?p=849971","title":{"rendered":"Leyla \u018fliyeva v\u0259 Arzu \u018fliyeva \u015e\u0259kid\u0259 Xan m\u0259scidini ziyar\u0259t edibl\u0259r"},"content":{"rendered":"<div class=\"content lead font-weight-normal\">\n<p>Heyd\u0259r \u018fliyev Fondunun vitse-prezidenti, IDEA \u0130ctimai Birliyinin t\u0259sis\u00e7isi v\u0259 r\u0259hb\u0259ri Leyla \u018fliyeva v\u0259 Arzu \u018fliyeva \u015e\u0259ki \u015f\u0259h\u0259rin\u0259 s\u0259f\u0259r \u00e7\u0259r\u00e7iv\u0259sind\u0259 Xan m\u0259scidini ziyar\u0259t edibl\u0259r.<\/p>\n<p><strong>\u201c\u0130ki sahil\u201d x\u0259b\u0259r verir ki,<\/strong>\u00a0ziyar\u0259t zaman\u0131 m\u0259scidin imam\u0131 V\u00fcqar M\u0259mm\u0259dov Leyla \u018fliyevaya v\u0259 Arzu \u018fliyevaya Xan m\u0259scidi kompleksi bar\u0259d\u0259 \u0259trafl\u0131 m\u0259lumat verib. Bildirilib ki, XVIII \u0259sr\u0259 aid olan \u015e\u0259ki Xan m\u0259scidi \u015f\u0259h\u0259rin m\u00fch\u00fcm dini-m\u0259d\u0259ni v\u0259 tarixi-memarl\u0131q abid\u0259l\u0259rind\u0259n biridir. Tarixi m\u0259nb\u0259l\u0259r\u0259 v\u0259 abid\u0259 \u00fcz\u0259rind\u0259ki kitab\u0259l\u0259r\u0259 \u0259sas\u0259n, m\u0259scid Hac\u0131 M\u0259h\u0259mm\u0259dh\u00fcseyn Xan t\u0259r\u0259find\u0259n in\u015fa etdirilib.<\/p>\n<p>Qeyd olunub ki, tarixi \u015e\u0259ki Xan m\u0259scidind\u0259 b\u0259rpa i\u015fl\u0259ri Heyd\u0259r \u018fliyev Fondu t\u0259r\u0259find\u0259n h\u0259yata ke\u00e7irilib. El\u0259c\u0259 d\u0259 m\u0259scid kompleksinin \u0259razisind\u0259 muzey yarad\u0131l\u0131b. Muzeyd\u0259 \u015e\u0259ki xanl\u0131\u011f\u0131 d\u00f6vr\u00fcn\u0259 aid eksponatlar, m\u00fcxt\u0259lif m\u0259nb\u0259l\u0259rd\u0259n toplanm\u0131\u015f maddi-m\u0259d\u0259niyy\u0259t n\u00fcmun\u0259l\u0259ri n\u00fcmayi\u015f olunur.<\/p>\n<p>Muzey \u015e\u0259ki xanl\u0131\u011f\u0131n\u0131n yaranmas\u0131 v\u0259 formala\u015fmas\u0131 tarixini, el\u0259c\u0259 d\u0259 onun milli d\u00f6vl\u0259t\u00e7ilik tariximizd\u0259 x\u00fcsusi yerini \u0259yani \u015f\u0259kild\u0259 n\u00fcmayi\u015f etdirir.<\/p>\n<p>Sonda Leyla \u018fliyevaya v\u0259 Arzu \u018fliyevaya &#8220;Qurani-K\u0259rim\u201d h\u0259diyy\u0259 olunub.<\/p>\n<div class=\"clearfix\"><\/div>\n<\/div>\n<div class=\"fotorama--hidden\"><\/div>\n<div id=\"galleryList\" class=\"fotorama fotorama1777361417769\" data-nav=\"thumbs\" data-width=\"100%\" data-thumbwidth=\"90\" data-thumbheight=\"60\" data-allowfullscreen=\"true\" data-autoplay=\"3000\" data-ratio=\"1.5\" data-keyboard=\"true\" data-fit=\"contain\">\n<div class=\"fotorama__wrap fotorama__wrap--css3 fotorama__wrap--slide fotorama__wrap--toggle-arrows fotorama__wrap--no-controls\">\n<div class=\"fotorama__stage\">\n<div class=\"fotorama__fullscreen-icon\" tabindex=\"0\" role=\"button\"><\/div>\n<div class=\"fotorama__stage__shaft\">\n<div class=\"fotorama__stage__frame fotorama__loaded fotorama__loaded--img\"><img class=\"fotorama__img\" src=\"https:\/\/ikisahil.az\/photo\/0x0_2\/upload\/gallery\/2026\/04\/28\/-6a508a60177735358178275216410364738.jpg\" \/><\/div>\n<div class=\"fotorama__stage__frame fotorama__loaded fotorama__loaded--img fotorama__active\"><img class=\"fotorama__img\" src=\"https:\/\/ikisahil.az\/photo\/0x0_2\/upload\/gallery\/2026\/04\/28\/-dc16622d177735358166718034610585241.jpg\" \/><\/div>\n<\/div>\n<div class=\"fotorama__arr fotorama__arr--prev\" tabindex=\"0\" role=\"button\"><\/div>\n<div class=\"fotorama__arr fotorama__arr--next fotorama__arr--disabled\" tabindex=\"-1\" role=\"button\"><\/div>\n<div class=\"fotorama__video-close\"><\/div>\n<\/div>\n<div class=\"fotorama__nav-wrap\">\n<div class=\"fotorama__nav fotorama__nav--thumbs\">\n<div class=\"fotorama__nav__shaft\">\n<div class=\"fotorama__thumb-border\"><\/div>\n<div class=\"fotorama__nav__frame fotorama__nav__frame--thumb\" tabindex=\"0\" role=\"button\">\n<div class=\"fotorama__thumb fotorama__loaded fotorama__loaded--img\"><img class=\"fotorama__img\" src=\"https:\/\/ikisahil.az\/photo\/150x100_2\/upload\/gallery\/2026\/04\/28\/-983a33a9177735358154063940210975430.jpg\" \/><\/div>\n<\/div>\n<div class=\"fotorama__nav__frame fotorama__nav__frame--thumb\" tabindex=\"0\" role=\"button\">\n<div class=\"fotorama__thumb fotorama__loaded fotorama__loaded--img\"><img class=\"fotorama__img\" src=\"https:\/\/ikisahil.az\/photo\/150x100_2\/upload\/gallery\/2026\/04\/28\/-e951ccd9177735358184569459011055069.jpg\" \/><\/div>\n<\/div>\n<div class=\"fotorama__nav__frame fotorama__nav__frame--thumb\" tabindex=\"0\" role=\"button\">\n<div class=\"fotorama__thumb fotorama__loaded fotorama__loaded--img\"><img class=\"fotorama__img\" src=\"https:\/\/ikisahil.az\/photo\/150x100_2\/upload\/gallery\/2026\/04\/28\/-333ac5d9177735358154848831810753582.jpg\" \/><\/div>\n<\/div>\n<div class=\"fotorama__nav__frame fotorama__nav__frame--thumb\" tabindex=\"0\" role=\"button\">\n<div class=\"fotorama__thumb fotorama__loaded fotorama__loaded--img\"><img class=\"fotorama__img\" src=\"https:\/\/ikisahil.az\/photo\/150x100_2\/upload\/gallery\/2026\/04\/28\/-c4500821177735358194901723210954395.jpg\" \/><\/div>\n<\/div>\n<div class=\"fotorama__nav__frame fotorama__nav__frame--thumb\" tabindex=\"0\" role=\"button\">\n<div class=\"fotorama__thumb fotorama__loaded fotorama__loaded--img\"><img class=\"fotorama__img\" src=\"https:\/\/ikisahil.az\/photo\/150x100_2\/upload\/gallery\/2026\/04\/28\/-6a508a60177735358178275216410364738.jpg\" \/><\/div>\n<\/div>\n<div class=\"fotorama__nav__frame fotorama__nav__frame--thumb fotorama__active\" tabindex=\"0\" role=\"button\">\n<div class=\"fotorama__thumb fotorama__loaded fotorama__loaded--img\"><img class=\"fotorama__img\" src=\"https:\/\/ikisahil.az\/photo\/150x100_2\/upload\/gallery\/2026\/04\/28\/-dc16622d177735358166718034610585241.jpg\" \/><\/div>\n<\/div>\n<\/div>\n<\/div>\n<\/div>\n<\/div>\n<\/div>\n<div class=\"sharing my-2 row no-gutters d-print-none\">\n<div class=\"col-md-3\"><\/div>\n<\/div>\n<div class=\"d-none d-sm-block\"><\/div>\n","protected":false},"excerpt":{"rendered":"<p>Heyd\u0259r \u018fliyev Fondunun vitse-prezidenti, IDEA \u0130ctimai Birliyinin t\u0259sis\u00e7isi v\u0259 r\u0259hb\u0259ri Leyla \u018fliyeva v\u0259 Arzu \u018fliyeva \u015e\u0259ki \u015f\u0259h\u0259rin\u0259 s\u0259f\u0259r \u00e7\u0259r\u00e7iv\u0259sind\u0259 Xan m\u0259scidini ziyar\u0259t edibl\u0259r. \u201c\u0130ki sahil\u201d x\u0259b\u0259r verir ki,\u00a0ziyar\u0259t zaman\u0131 m\u0259scidin imam\u0131 V\u00fcqar M\u0259mm\u0259dov Leyla \u018fliyevaya v\u0259 Arzu \u018fliyevaya Xan m\u0259scidi kompleksi bar\u0259d\u0259 \u0259trafl\u0131 m\u0259lumat verib. Bildirilib ki, XVIII \u0259sr\u0259 aid olan \u015e\u0259ki Xan m\u0259scidi \u015f\u0259h\u0259rin m\u00fch\u00fcm dini-m\u0259d\u0259ni v\u0259 tarixi-memarl\u0131q abid\u0259l\u0259rind\u0259n biridir. Tarixi m\u0259nb\u0259l\u0259r\u0259 v\u0259 abid\u0259 \u00fcz\u0259rind\u0259ki kitab\u0259l\u0259r\u0259 \u0259sas\u0259n, m\u0259scid Hac\u0131 M\u0259h\u0259mm\u0259dh\u00fcseyn Xan t\u0259r\u0259find\u0259n in\u015fa etdirilib. Qeyd olunub ki, tarixi \u015e\u0259ki Xan m\u0259scidind\u0259 b\u0259rpa i\u015fl\u0259ri Heyd\u0259r \u018fliyev Fondu t\u0259r\u0259find\u0259n h\u0259yata ke\u00e7irilib.&hellip;<\/p>\n","protected":false},"author":2,"featured_media":849972,"comment_status":"closed","ping_status":"closed","sticky":false,"template":"","format":"standard","meta":{"om_disable_all_campaigns":false,"_monsterinsights_skip_tracking":false,"_monsterinsights_sitenote_active":false,"_monsterinsights_sitenote_note":"","_monsterinsights_sitenote_category":0},"categories":[1],"tags":[],"aioseo_notices":[],"gutentor_comment":0,"rttpg_featured_image_url":{"full":["https:\/\/arantv.az\/wp-content\/uploads\/2026\/04\/b265ce60177735356393683972110883973.jpg",975,540,false],"landscape":["https:\/\/arantv.az\/wp-content\/uploads\/2026\/04\/b265ce60177735356393683972110883973.jpg",975,540,false],"portraits":["https:\/\/arantv.az\/wp-content\/uploads\/2026\/04\/b265ce60177735356393683972110883973.jpg",975,540,false],"thumbnail":["https:\/\/arantv.az\/wp-content\/uploads\/2026\/04\/b265ce60177735356393683972110883973-500x280.jpg",500,280,true],"medium":["https:\/\/arantv.az\/wp-content\/uploads\/2026\/04\/b265ce60177735356393683972110883973-660x365.jpg",660,365,true],"large":["https:\/\/arantv.az\/wp-content\/uploads\/2026\/04\/b265ce60177735356393683972110883973-840x465.jpg",640,354,true],"1536x1536":["https:\/\/arantv.az\/wp-content\/uploads\/2026\/04\/b265ce60177735356393683972110883973.jpg",975,540,false],"2048x2048":["https:\/\/arantv.az\/wp-content\/uploads\/2026\/04\/b265ce60177735356393683972110883973.jpg",975,540,false],"post-thumbnail":["https:\/\/arantv.az\/wp-content\/uploads\/2026\/04\/b265ce60177735356393683972110883973-240x172.jpg",240,172,true],"advps-thumb-one":["https:\/\/arantv.az\/wp-content\/uploads\/2026\/04\/b265ce60177735356393683972110883973.jpg",975,540,false]},"rttpg_author":{"display_name":"V\u00fcsal Rafiqo\u011flu","author_link":"https:\/\/arantv.az\/?author=2"},"rttpg_comment":0,"rttpg_category":"<a href=\"https:\/\/arantv.az\/?cat=1\" rel=\"category\">C\u0259miyy\u0259t<\/a>","rttpg_excerpt":"Heyd\u0259r \u018fliyev Fondunun vitse-prezidenti, IDEA \u0130ctimai Birliyinin t\u0259sis\u00e7isi v\u0259 r\u0259hb\u0259ri Leyla \u018fliyeva v\u0259 Arzu \u018fliyeva \u015e\u0259ki \u015f\u0259h\u0259rin\u0259 s\u0259f\u0259r \u00e7\u0259r\u00e7iv\u0259sind\u0259 Xan m\u0259scidini ziyar\u0259t edibl\u0259r. \u201c\u0130ki sahil\u201d x\u0259b\u0259r verir ki,\u00a0ziyar\u0259t zaman\u0131 m\u0259scidin imam\u0131 V\u00fcqar M\u0259mm\u0259dov Leyla \u018fliyevaya v\u0259 Arzu \u018fliyevaya Xan m\u0259scidi kompleksi bar\u0259d\u0259 \u0259trafl\u0131 m\u0259lumat verib. Bildirilib ki, XVIII \u0259sr\u0259 aid olan \u015e\u0259ki Xan m\u0259scidi \u015f\u0259h\u0259rin&hellip;","_links":{"self":[{"href":"https:\/\/arantv.az\/index.php?rest_route=\/wp\/v2\/posts\/849971"}],"collection":[{"href":"https:\/\/arantv.az\/index.php?rest_route=\/wp\/v2\/posts"}],"about":[{"href":"https:\/\/arantv.az\/index.php?rest_route=\/wp\/v2\/types\/post"}],"author":[{"embeddable":true,"href":"https:\/\/arantv.az\/index.php?rest_route=\/wp\/v2\/users\/2"}],"replies":[{"embeddable":true,"href":"https:\/\/arantv.az\/index.php?rest_route=%2Fwp%2Fv2%2Fcomments&post=849971"}],"version-history":[{"count":1,"href":"https:\/\/arantv.az\/index.php?rest_route=\/wp\/v2\/posts\/849971\/revisions"}],"predecessor-version":[{"id":849973,"href":"https:\/\/arantv.az\/index.php?rest_route=\/wp\/v2\/posts\/849971\/revisions\/849973"}],"wp:featuredmedia":[{"embeddable":true,"href":"https:\/\/arantv.az\/index.php?rest_route=\/wp\/v2\/media\/849972"}],"wp:attachment":[{"href":"https:\/\/arantv.az\/index.php?rest_route=%2Fwp%2Fv2%2Fmedia&parent=849971"}],"wp:term":[{"taxonomy":"category","embeddable":true,"href":"https:\/\/arantv.az\/index.php?rest_route=%2Fwp%2Fv2%2Fcategories&post=849971"},{"taxonomy":"post_tag","embeddable":true,"href":"https:\/\/arantv.az\/index.php?rest_route=%2Fwp%2Fv2%2Ftags&post=849971"}],"curies":[{"name":"wp","href":"https:\/\/api.w.org\/{rel}","templated":true}]}}