{"id":850002,"date":"2026-04-28T13:07:59","date_gmt":"2026-04-28T09:07:59","guid":{"rendered":"https:\/\/arantv.az\/?p=850002"},"modified":"2026-04-28T13:07:59","modified_gmt":"2026-04-28T09:07:59","slug":"vilay%c9%99t-eyvazov-imislid%c9%99-v%c9%99t%c9%99ndas-q%c9%99bulu-v%c9%99-sira-baxisi-kecir%c9%99c%c9%99k","status":"publish","type":"post","link":"https:\/\/arantv.az\/?p=850002","title":{"rendered":"Vilay\u0259t Eyvazov \u0130mi\u015flid\u0259 v\u0259t\u0259nda\u015f q\u0259bulu v\u0259 s\u0131ra bax\u0131\u015f\u0131 ke\u00e7ir\u0259c\u0259k"},"content":{"rendered":"<p><strong>Daxili i\u015fl\u0259r naziri general-polkovnik Vilay\u0259t Eyvazov may\u0131n 7-d\u0259 \u0130mi\u015fli rayonunda n\u00f6vb\u0259ti v\u0259t\u0259nda\u015f q\u0259bulu v\u0259 polis orqanlar\u0131, o c\u00fcml\u0259d\u0259n daxili qo\u015funlarda xidm\u0259t etm\u0259k arzusunda olan g\u0259ncl\u0259rin s\u0131ra bax\u0131\u015f\u0131n\u0131 ke\u00e7ir\u0259c\u0259k.<\/strong><\/p>\n<p>Bu bar\u0259d\u0259\u00a0<strong>Musavat.com<\/strong>-a Daxili \u0130\u015fl\u0259r Nazirliyind\u0259n m\u0259lumat verilib.<\/p>\n<p>Bildirilib ki, \u0130mi\u015fli Rayon Polis \u015e\u00f6b\u0259sinin inzibati binas\u0131nda ba\u015f tutacaq q\u0259bulda \u0130mi\u015fli, F\u00fczuli, Beyl\u0259qan, Xocav\u0259nd, Saatl\u0131, Sabirabad v\u0259 K\u00fcrd\u0259mir rayonlar\u0131n\u0131n sakinl\u0259ri i\u015ftirak ed\u0259 bil\u0259rl\u0259r.<\/p>\n<p>Q\u0259bula yaz\u0131lmaq ist\u0259y\u0259n v\u0259t\u0259nda\u015flar Nazirliyin s\u0259lahiyy\u0259tl\u0259rin\u0259 aid m\u0259s\u0259l\u0259l\u0259rl\u0259 ba\u011fl\u0131 06.05.2026-c\u0131 il tarixin\u0259d\u0259k ya\u015fad\u0131qlar\u0131 \u0259razinin polis orqan\u0131na, habel\u0259 Nazirliyin &#8220;E-Polis&#8221; mobil t\u0259tbiqi, e-xidmet.mia.gov.az elektron xidm\u0259t portal\u0131 vasit\u0259sil\u0259 v\u0259 sosial \u015f\u0259b\u0259k\u0259l\u0259rd\u0259ki s\u0259hif\u0259l\u0259rin\u0259 m\u00fcraci\u0259t ed\u0259 bil\u0259rl\u0259r.<\/p>\n<p>Polis orqanlar\u0131 v\u0259 daxili qo\u015funlarda xidm\u0259t etm\u0259k arzusunda olan namiz\u0259dl\u0259rin s\u0131ra bax\u0131\u015f\u0131 may\u0131n 7-d\u0259 08:00-da \u0130mi\u015fli Olimpiya \u0130dman Kompleksind\u0259 ke\u00e7iril\u0259c\u0259k.<\/p>\n<p>Qeyd ed\u0259k ki, q\u0259bula v\u0259 s\u0131ra bax\u0131\u015f\u0131na g\u0259l\u0259nl\u0259rd\u0259n \u015f\u0259xsiyy\u0259t v\u0259siq\u0259si t\u0259l\u0259b olunur.<\/p>\n","protected":false},"excerpt":{"rendered":"<p>Daxili i\u015fl\u0259r naziri general-polkovnik Vilay\u0259t Eyvazov may\u0131n 7-d\u0259 \u0130mi\u015fli rayonunda n\u00f6vb\u0259ti v\u0259t\u0259nda\u015f q\u0259bulu v\u0259 polis orqanlar\u0131, o c\u00fcml\u0259d\u0259n daxili qo\u015funlarda xidm\u0259t etm\u0259k arzusunda olan g\u0259ncl\u0259rin s\u0131ra bax\u0131\u015f\u0131n\u0131 ke\u00e7ir\u0259c\u0259k. Bu bar\u0259d\u0259\u00a0Musavat.com-a Daxili \u0130\u015fl\u0259r Nazirliyind\u0259n m\u0259lumat verilib. Bildirilib ki, \u0130mi\u015fli Rayon Polis \u015e\u00f6b\u0259sinin inzibati binas\u0131nda ba\u015f tutacaq q\u0259bulda \u0130mi\u015fli, F\u00fczuli, Beyl\u0259qan, Xocav\u0259nd, Saatl\u0131, Sabirabad v\u0259 K\u00fcrd\u0259mir rayonlar\u0131n\u0131n sakinl\u0259ri i\u015ftirak ed\u0259 bil\u0259rl\u0259r. Q\u0259bula yaz\u0131lmaq ist\u0259y\u0259n v\u0259t\u0259nda\u015flar Nazirliyin s\u0259lahiyy\u0259tl\u0259rin\u0259 aid m\u0259s\u0259l\u0259l\u0259rl\u0259 ba\u011fl\u0131 06.05.2026-c\u0131 il tarixin\u0259d\u0259k ya\u015fad\u0131qlar\u0131 \u0259razinin polis orqan\u0131na, habel\u0259 Nazirliyin &#8220;E-Polis&#8221; mobil t\u0259tbiqi, e-xidmet.mia.gov.az elektron xidm\u0259t portal\u0131 vasit\u0259sil\u0259 v\u0259 sosial \u015f\u0259b\u0259k\u0259l\u0259rd\u0259ki s\u0259hif\u0259l\u0259rin\u0259 m\u00fcraci\u0259t&hellip;<\/p>\n","protected":false},"author":2,"featured_media":850003,"comment_status":"closed","ping_status":"closed","sticky":false,"template":"","format":"standard","meta":{"om_disable_all_campaigns":false,"_monsterinsights_skip_tracking":false,"_monsterinsights_sitenote_active":false,"_monsterinsights_sitenote_note":"","_monsterinsights_sitenote_category":0},"categories":[1],"tags":[],"aioseo_notices":[],"gutentor_comment":0,"rttpg_featured_image_url":{"full":["https:\/\/arantv.az\/wp-content\/uploads\/2026\/04\/e8b695259b4f648f2fc7ade3b58a6715.jpg",870,500,false],"landscape":["https:\/\/arantv.az\/wp-content\/uploads\/2026\/04\/e8b695259b4f648f2fc7ade3b58a6715.jpg",870,500,false],"portraits":["https:\/\/arantv.az\/wp-content\/uploads\/2026\/04\/e8b695259b4f648f2fc7ade3b58a6715.jpg",870,500,false],"thumbnail":["https:\/\/arantv.az\/wp-content\/uploads\/2026\/04\/e8b695259b4f648f2fc7ade3b58a6715-500x280.jpg",500,280,true],"medium":["https:\/\/arantv.az\/wp-content\/uploads\/2026\/04\/e8b695259b4f648f2fc7ade3b58a6715-635x365.jpg",635,365,true],"large":["https:\/\/arantv.az\/wp-content\/uploads\/2026\/04\/e8b695259b4f648f2fc7ade3b58a6715-840x483.jpg",640,368,true],"1536x1536":["https:\/\/arantv.az\/wp-content\/uploads\/2026\/04\/e8b695259b4f648f2fc7ade3b58a6715.jpg",870,500,false],"2048x2048":["https:\/\/arantv.az\/wp-content\/uploads\/2026\/04\/e8b695259b4f648f2fc7ade3b58a6715.jpg",870,500,false],"post-thumbnail":["https:\/\/arantv.az\/wp-content\/uploads\/2026\/04\/e8b695259b4f648f2fc7ade3b58a6715-240x172.jpg",240,172,true],"advps-thumb-one":["https:\/\/arantv.az\/wp-content\/uploads\/2026\/04\/e8b695259b4f648f2fc7ade3b58a6715.jpg",870,500,false]},"rttpg_author":{"display_name":"V\u00fcsal Rafiqo\u011flu","author_link":"https:\/\/arantv.az\/?author=2"},"rttpg_comment":0,"rttpg_category":"<a href=\"https:\/\/arantv.az\/?cat=1\" rel=\"category\">C\u0259miyy\u0259t<\/a>","rttpg_excerpt":"Daxili i\u015fl\u0259r naziri general-polkovnik Vilay\u0259t Eyvazov may\u0131n 7-d\u0259 \u0130mi\u015fli rayonunda n\u00f6vb\u0259ti v\u0259t\u0259nda\u015f q\u0259bulu v\u0259 polis orqanlar\u0131, o c\u00fcml\u0259d\u0259n daxili qo\u015funlarda xidm\u0259t etm\u0259k arzusunda olan g\u0259ncl\u0259rin s\u0131ra bax\u0131\u015f\u0131n\u0131 ke\u00e7ir\u0259c\u0259k. Bu bar\u0259d\u0259\u00a0Musavat.com-a Daxili \u0130\u015fl\u0259r Nazirliyind\u0259n m\u0259lumat verilib. Bildirilib ki, \u0130mi\u015fli Rayon Polis \u015e\u00f6b\u0259sinin inzibati binas\u0131nda ba\u015f tutacaq q\u0259bulda \u0130mi\u015fli, F\u00fczuli, Beyl\u0259qan, Xocav\u0259nd, Saatl\u0131, Sabirabad v\u0259 K\u00fcrd\u0259mir rayonlar\u0131n\u0131n&hellip;","_links":{"self":[{"href":"https:\/\/arantv.az\/index.php?rest_route=\/wp\/v2\/posts\/850002"}],"collection":[{"href":"https:\/\/arantv.az\/index.php?rest_route=\/wp\/v2\/posts"}],"about":[{"href":"https:\/\/arantv.az\/index.php?rest_route=\/wp\/v2\/types\/post"}],"author":[{"embeddable":true,"href":"https:\/\/arantv.az\/index.php?rest_route=\/wp\/v2\/users\/2"}],"replies":[{"embeddable":true,"href":"https:\/\/arantv.az\/index.php?rest_route=%2Fwp%2Fv2%2Fcomments&post=850002"}],"version-history":[{"count":1,"href":"https:\/\/arantv.az\/index.php?rest_route=\/wp\/v2\/posts\/850002\/revisions"}],"predecessor-version":[{"id":850004,"href":"https:\/\/arantv.az\/index.php?rest_route=\/wp\/v2\/posts\/850002\/revisions\/850004"}],"wp:featuredmedia":[{"embeddable":true,"href":"https:\/\/arantv.az\/index.php?rest_route=\/wp\/v2\/media\/850003"}],"wp:attachment":[{"href":"https:\/\/arantv.az\/index.php?rest_route=%2Fwp%2Fv2%2Fmedia&parent=850002"}],"wp:term":[{"taxonomy":"category","embeddable":true,"href":"https:\/\/arantv.az\/index.php?rest_route=%2Fwp%2Fv2%2Fcategories&post=850002"},{"taxonomy":"post_tag","embeddable":true,"href":"https:\/\/arantv.az\/index.php?rest_route=%2Fwp%2Fv2%2Ftags&post=850002"}],"curies":[{"name":"wp","href":"https:\/\/api.w.org\/{rel}","templated":true}]}}