{"id":850009,"date":"2026-04-28T13:09:35","date_gmt":"2026-04-28T09:09:35","guid":{"rendered":"https:\/\/arantv.az\/?p=850009"},"modified":"2026-04-28T13:09:35","modified_gmt":"2026-04-28T09:09:35","slug":"bu-rayonlarda-caylarin-uz%c9%99rind%c9%99-muhafiz%c9%99-b%c9%99ndl%c9%99ri-tikil%c9%99c%c9%99k","status":"publish","type":"post","link":"https:\/\/arantv.az\/?p=850009","title":{"rendered":"Bu rayonlarda \u00e7aylar\u0131n \u00fcz\u0259rind\u0259 m\u00fchafiz\u0259 b\u0259ndl\u0259ri T\u0130K\u0130L\u018fC\u018fK"},"content":{"rendered":"<p><strong>\u015eabran, A\u011fsu, Quba, Xa\u00e7maz v\u0259 Astara rayonlar\u0131nda \u00e7aylar\u0131n \u00fcz\u0259rind\u0259 m\u00fchafiz\u0259 b\u0259ndl\u0259ri tikil\u0259c\u0259k.<\/strong><\/p>\n<p><strong>Musavat.com<\/strong>\u00a0x\u0259b\u0259r verir ki, bu m\u0259s\u0259l\u0259 Prezident \u0130lham \u018fliyevin imzalad\u0131\u011f\u0131 s\u0259r\u0259ncamla t\u0259sdiql\u0259nmi\u015f Bak\u0131 \u015f\u0259h\u0259rind\u0259 v\u0259 Az\u0259rbaycan\u0131n m\u00fcxt\u0259lif b\u00f6lg\u0259l\u0259rind\u0259 g\u00fccl\u00fc leysan ya\u011f\u0131\u015flar\u0131 v\u0259 yaranan sel sular\u0131 n\u0259tic\u0259sind\u0259 d\u0259ymi\u015f z\u0259r\u0259rin f\u0259sadlar\u0131n\u0131n aradan qald\u0131r\u0131lmas\u0131 il\u0259 ba\u011fl\u0131 g\u00f6r\u00fcl\u0259c\u0259k i\u015fl\u0259rin siyah\u0131s\u0131na daxil edilib.<\/p>\n<p>Siyah\u0131ya \u0259sas\u0259n, \u015eabranda D\u0259v\u0259\u00e7i\u00e7ayda, A\u011fsudak\u0131 A\u011fsu\u00e7ay\u0131n Ma\u015fadqanl\u0131 k\u0259ndi v\u0259 \u015f\u0259h\u0259r \u0259razisind\u0259n ke\u00e7\u0259n hiss\u0259l\u0259rind\u0259, Qubadak\u0131 Qara\u00e7ayda, Xa\u00e7mazdak\u0131 Qusar\u00e7ayda v\u0259 Qara\u00e7ayda, Astaradak\u0131 Pens\u0259r\u00e7ayda da\u015f v\u0259 beton b\u0259ndl\u0259r qura\u015fd\u0131r\u0131lacaq.<\/p>\n","protected":false},"excerpt":{"rendered":"<p>\u015eabran, A\u011fsu, Quba, Xa\u00e7maz v\u0259 Astara rayonlar\u0131nda \u00e7aylar\u0131n \u00fcz\u0259rind\u0259 m\u00fchafiz\u0259 b\u0259ndl\u0259ri tikil\u0259c\u0259k. Musavat.com\u00a0x\u0259b\u0259r verir ki, bu m\u0259s\u0259l\u0259 Prezident \u0130lham \u018fliyevin imzalad\u0131\u011f\u0131 s\u0259r\u0259ncamla t\u0259sdiql\u0259nmi\u015f Bak\u0131 \u015f\u0259h\u0259rind\u0259 v\u0259 Az\u0259rbaycan\u0131n m\u00fcxt\u0259lif b\u00f6lg\u0259l\u0259rind\u0259 g\u00fccl\u00fc leysan ya\u011f\u0131\u015flar\u0131 v\u0259 yaranan sel sular\u0131 n\u0259tic\u0259sind\u0259 d\u0259ymi\u015f z\u0259r\u0259rin f\u0259sadlar\u0131n\u0131n aradan qald\u0131r\u0131lmas\u0131 il\u0259 ba\u011fl\u0131 g\u00f6r\u00fcl\u0259c\u0259k i\u015fl\u0259rin siyah\u0131s\u0131na daxil edilib. Siyah\u0131ya \u0259sas\u0259n, \u015eabranda D\u0259v\u0259\u00e7i\u00e7ayda, A\u011fsudak\u0131 A\u011fsu\u00e7ay\u0131n Ma\u015fadqanl\u0131 k\u0259ndi v\u0259 \u015f\u0259h\u0259r \u0259razisind\u0259n ke\u00e7\u0259n hiss\u0259l\u0259rind\u0259, Qubadak\u0131 Qara\u00e7ayda, Xa\u00e7mazdak\u0131 Qusar\u00e7ayda v\u0259 Qara\u00e7ayda, Astaradak\u0131 Pens\u0259r\u00e7ayda da\u015f v\u0259 beton b\u0259ndl\u0259r qura\u015fd\u0131r\u0131lacaq.<\/p>\n","protected":false},"author":2,"featured_media":850010,"comment_status":"closed","ping_status":"closed","sticky":false,"template":"","format":"standard","meta":{"om_disable_all_campaigns":false,"_monsterinsights_skip_tracking":false,"_monsterinsights_sitenote_active":false,"_monsterinsights_sitenote_note":"","_monsterinsights_sitenote_category":0},"categories":[1],"tags":[],"aioseo_notices":[],"gutentor_comment":0,"rttpg_featured_image_url":{"full":["https:\/\/arantv.az\/wp-content\/uploads\/2026\/04\/32c9aa0cc8649f4ff75f851e729ec5df.jpg",870,500,false],"landscape":["https:\/\/arantv.az\/wp-content\/uploads\/2026\/04\/32c9aa0cc8649f4ff75f851e729ec5df.jpg",870,500,false],"portraits":["https:\/\/arantv.az\/wp-content\/uploads\/2026\/04\/32c9aa0cc8649f4ff75f851e729ec5df.jpg",870,500,false],"thumbnail":["https:\/\/arantv.az\/wp-content\/uploads\/2026\/04\/32c9aa0cc8649f4ff75f851e729ec5df-500x280.jpg",500,280,true],"medium":["https:\/\/arantv.az\/wp-content\/uploads\/2026\/04\/32c9aa0cc8649f4ff75f851e729ec5df-635x365.jpg",635,365,true],"large":["https:\/\/arantv.az\/wp-content\/uploads\/2026\/04\/32c9aa0cc8649f4ff75f851e729ec5df-840x483.jpg",640,368,true],"1536x1536":["https:\/\/arantv.az\/wp-content\/uploads\/2026\/04\/32c9aa0cc8649f4ff75f851e729ec5df.jpg",870,500,false],"2048x2048":["https:\/\/arantv.az\/wp-content\/uploads\/2026\/04\/32c9aa0cc8649f4ff75f851e729ec5df.jpg",870,500,false],"post-thumbnail":["https:\/\/arantv.az\/wp-content\/uploads\/2026\/04\/32c9aa0cc8649f4ff75f851e729ec5df-240x172.jpg",240,172,true],"advps-thumb-one":["https:\/\/arantv.az\/wp-content\/uploads\/2026\/04\/32c9aa0cc8649f4ff75f851e729ec5df.jpg",870,500,false]},"rttpg_author":{"display_name":"V\u00fcsal Rafiqo\u011flu","author_link":"https:\/\/arantv.az\/?author=2"},"rttpg_comment":0,"rttpg_category":"<a href=\"https:\/\/arantv.az\/?cat=1\" rel=\"category\">C\u0259miyy\u0259t<\/a>","rttpg_excerpt":"\u015eabran, A\u011fsu, Quba, Xa\u00e7maz v\u0259 Astara rayonlar\u0131nda \u00e7aylar\u0131n \u00fcz\u0259rind\u0259 m\u00fchafiz\u0259 b\u0259ndl\u0259ri tikil\u0259c\u0259k. Musavat.com\u00a0x\u0259b\u0259r verir ki, bu m\u0259s\u0259l\u0259 Prezident \u0130lham \u018fliyevin imzalad\u0131\u011f\u0131 s\u0259r\u0259ncamla t\u0259sdiql\u0259nmi\u015f Bak\u0131 \u015f\u0259h\u0259rind\u0259 v\u0259 Az\u0259rbaycan\u0131n m\u00fcxt\u0259lif b\u00f6lg\u0259l\u0259rind\u0259 g\u00fccl\u00fc leysan ya\u011f\u0131\u015flar\u0131 v\u0259 yaranan sel sular\u0131 n\u0259tic\u0259sind\u0259 d\u0259ymi\u015f z\u0259r\u0259rin f\u0259sadlar\u0131n\u0131n aradan qald\u0131r\u0131lmas\u0131 il\u0259 ba\u011fl\u0131 g\u00f6r\u00fcl\u0259c\u0259k i\u015fl\u0259rin siyah\u0131s\u0131na daxil edilib. Siyah\u0131ya \u0259sas\u0259n, \u015eabranda D\u0259v\u0259\u00e7i\u00e7ayda, A\u011fsudak\u0131 A\u011fsu\u00e7ay\u0131n&hellip;","_links":{"self":[{"href":"https:\/\/arantv.az\/index.php?rest_route=\/wp\/v2\/posts\/850009"}],"collection":[{"href":"https:\/\/arantv.az\/index.php?rest_route=\/wp\/v2\/posts"}],"about":[{"href":"https:\/\/arantv.az\/index.php?rest_route=\/wp\/v2\/types\/post"}],"author":[{"embeddable":true,"href":"https:\/\/arantv.az\/index.php?rest_route=\/wp\/v2\/users\/2"}],"replies":[{"embeddable":true,"href":"https:\/\/arantv.az\/index.php?rest_route=%2Fwp%2Fv2%2Fcomments&post=850009"}],"version-history":[{"count":1,"href":"https:\/\/arantv.az\/index.php?rest_route=\/wp\/v2\/posts\/850009\/revisions"}],"predecessor-version":[{"id":850011,"href":"https:\/\/arantv.az\/index.php?rest_route=\/wp\/v2\/posts\/850009\/revisions\/850011"}],"wp:featuredmedia":[{"embeddable":true,"href":"https:\/\/arantv.az\/index.php?rest_route=\/wp\/v2\/media\/850010"}],"wp:attachment":[{"href":"https:\/\/arantv.az\/index.php?rest_route=%2Fwp%2Fv2%2Fmedia&parent=850009"}],"wp:term":[{"taxonomy":"category","embeddable":true,"href":"https:\/\/arantv.az\/index.php?rest_route=%2Fwp%2Fv2%2Fcategories&post=850009"},{"taxonomy":"post_tag","embeddable":true,"href":"https:\/\/arantv.az\/index.php?rest_route=%2Fwp%2Fv2%2Ftags&post=850009"}],"curies":[{"name":"wp","href":"https:\/\/api.w.org\/{rel}","templated":true}]}}