{"id":850019,"date":"2026-04-28T13:42:14","date_gmt":"2026-04-28T09:42:14","guid":{"rendered":"https:\/\/arantv.az\/?p=850019"},"modified":"2026-04-28T13:42:14","modified_gmt":"2026-04-28T09:42:14","slug":"turkiy%c9%99d%c9%99-bacariqlar-sammiti-kecirilir-fotolar","status":"publish","type":"post","link":"https:\/\/arantv.az\/?p=850019","title":{"rendered":"T\u00fcrkiy\u0259d\u0259 Bacar\u0131qlar Sammiti ke\u00e7irilir &#8211; FOTOLAR"},"content":{"rendered":"<div class=\"text-content\" data-id=\"\" data-url=\"\">\n<p data-accw-zoom=\"1\"><strong>\u0130qtisadi \u018fm\u0259kda\u015fl\u0131q v\u0259 \u0130nki\u015faf T\u0259\u015fkilat\u0131 v\u0259 T\u00fcrkiy\u0259 Respublikas\u0131n\u0131n birg\u0259 t\u0259\u015fkilat\u00e7\u0131l\u0131\u011f\u0131 il\u0259 T\u00fcrkiy\u0259nin \u0130stanbul \u015f\u0259h\u0259rind\u0259 \u201cN\u0259sill\u0259raras\u0131 istedad\u0131n \u00fcz\u0259 \u00e7\u0131xar\u0131lmas\u0131\u201d m\u00f6vzusunda Bacar\u0131qlar Sammiti ke\u00e7irilir. Sammitd\u0259 \u00f6lk\u0259mizi \u0259m\u0259k v\u0259 \u0259halinin sosial m\u00fcdafi\u0259si naziri Anar \u018fliyevin ba\u015f\u00e7\u0131l\u0131q etdiyi n\u00fcmay\u0259nd\u0259 hey\u0259ti t\u0259msil edir.<\/strong><\/p>\n<p data-accw-zoom=\"1\"><span data-accw-zoom=\"1\"><strong>Musavat.com<\/strong>\u00a0x\u0259b\u0259r verir ki,\u00a0<\/span><span data-accw-zoom=\"1\">T\u00fcrkiy\u0259\u00a0Respublikas\u0131n\u0131n\u00a0Prezidenti R\u0259c\u0259b Tayyib \u018frdo\u011fan Sammitin a\u00e7\u0131l\u0131\u015f m\u0259rasimind\u0259 i\u015ftirak edib.<\/span><\/p>\n<p data-accw-zoom=\"1\"><span data-accw-zoom=\"1\">Bu t\u0259dbirin bacar\u0131qlar sah\u0259sind\u0259 qlobal dialoq \u00fc\u00e7\u00fcn g\u00fccl\u00fc bir t\u0259m\u0259l yaradaca\u011f\u0131n\u0131 d\u00fc\u015f\u00fcnd\u00fcy\u00fcn\u00fc bildir\u0259n\u00a0T\u00fcrkiy\u0259nin d\u00f6vl\u0259t ba\u015f\u00e7\u0131s\u0131 Zirv\u0259 g\u00f6r\u00fc\u015f\u00fcn\u0259 u\u011furlar arzulay\u0131b v\u0259\u00a0t\u0259dbir i\u015ftirak\u00e7\u0131lar\u0131 il\u0259 xatir\u0259 \u015f\u0259kli \u00e7\u0259kdirib.<\/span><\/p>\n<p data-accw-zoom=\"1\"><span data-accw-zoom=\"1\">M\u00fcxt\u0259lif \u00f6lk\u0259l\u0259rd\u0259n nazirl\u0259r v\u0259 dig\u0259r y\u00fcks\u0259k v\u0259zif\u0259li r\u0259smil\u0259ri, beyn\u0259lxalq t\u0259\u015fkilatlardan, t\u0259hsil, \u0259m\u0259k, iqtisadiyyat, innovasiya, miqrasiya v\u0259 s. sah\u0259l\u0259rd\u0259n n\u00fcmay\u0259nd\u0259l\u0259ri bir araya g\u0259tir\u0259n Sammit\u00a0insanlar\u0131n bacar\u0131qlar\u0131n\u0131n h\u0259yat\u0131n b\u00fct\u00fcn m\u0259rh\u0259l\u0259l\u0259rind\u0259 inki\u015faf etdirilm\u0259si v\u0259 onlar\u0131n potensial\u0131ndan tam istifad\u0259 olunmas\u0131 m\u0259s\u0259l\u0259l\u0259rin\u0259 dair\u00a0m\u00fczakir\u0259 aparmaq m\u0259qs\u0259di da\u015f\u0131y\u0131r. T\u0259dbir demoqrafik d\u0259yi\u015fiklikl\u0259r, geni\u015f r\u0259q\u0259msalla\u015fma v\u0259 ya\u015f\u0131l iqtisadiyyata ke\u00e7id d\u00f6vr\u00fcnd\u0259 daha da aktualla\u015fan bu m\u0259s\u0259l\u0259l\u0259rin h\u0259lli il\u0259 ba\u011fl\u0131 t\u0259cr\u00fcb\u0259l\u0259ri b\u00f6l\u00fc\u015fm\u0259k \u00fc\u00e7\u00fcn bir platforma rolu oynay\u0131r.<\/span><\/p>\n<p data-accw-zoom=\"1\"><span data-accw-zoom=\"1\">Sammitd\u0259 \u201cFormal t\u0259hsilin yenid\u0259n n\u0259z\u0259rd\u0259n ke\u00e7irilm\u0259si &#8211; \u00d6m\u00fcrboyu imkanlar \u00fc\u00e7\u00fcn strategiyalar\u0131n yenid\u0259n t\u0259nziml\u0259nm\u0259si\u201d, \u201cYetkin \u015f\u0259xsl\u0259rin bacar\u0131qlar\u0131ndan istifad\u0259 \u2013 M\u00fcxt\u0259lif n\u0259sill\u0259r \u00fczr\u0259 i\u015f\u00e7il\u0259rin imkanlar\u0131n\u0131n g\u00fccl\u0259ndirilm\u0259si\u201d, \u201c\u0130stedadlar\u0131n \u00fcz\u0259 \u00e7\u0131xar\u0131lmas\u0131 \u2013 Diqq\u0259td\u0259n k\u0259narda qalan qruplar\u0131n potensial\u0131ndan istifad\u0259 edilm\u0259si\u201d m\u00f6vzular\u0131nda sessiyalar ke\u00e7irilir, t\u0259qdimatlar edilir.<\/span><\/p>\n<p data-accw-zoom=\"1\"><span data-accw-zoom=\"1\">T\u0259dbir \u00e7\u0259r\u00e7iv\u0259sind\u0259\u00a0Anar \u018fliyev Bolqar\u0131stan\u0131n \u0259m\u0259k v\u0259 sosial siyas\u0259t naziri Hasan Ademovla g\u00f6r\u00fc\u015f\u00fcb. G\u00f6r\u00fc\u015fd\u0259 \u00f6lk\u0259l\u0259rimizin strateji t\u0259r\u0259fda\u015fl\u0131q m\u00fcnasib\u0259tl\u0259rinin \u0259m\u0259k, m\u0259\u015f\u011fulluq v\u0259 sosial m\u00fcdafi\u0259 sah\u0259l\u0259rind\u0259 d\u0259 \u0259laq\u0259l\u0259rin davaml\u0131 inki\u015faf\u0131na z\u0259min yaratd\u0131\u011f\u0131 vur\u011fulan\u0131b.<\/span><\/p>\n<p data-accw-zoom=\"1\"><span data-accw-zoom=\"1\">\u0130ki qurum aras\u0131nda m\u00fcqavil\u0259-h\u00fcquq bazas\u0131n\u0131n geni\u015fl\u0259ndirilm\u0259si, \u0259m\u0259kda\u015fl\u0131\u011f\u0131n ink\u015faf etdirilm\u0259si, t\u0259cr\u00fcb\u0259 m\u00fcbadil\u0259l\u0259rinin apar\u0131lmas\u0131 m\u0259s\u0259l\u0259l\u0259ri m\u00fczakir\u0259 olunub.\u00a0<\/span><\/p>\n<p data-accw-zoom=\"1\"><span data-accw-zoom=\"1\">Anar \u018fliyev T\u00fcrk D\u00f6vl\u0259tl\u0259ri T\u0259\u015fkilat\u0131n\u0131n (TDT) Ba\u015f katibi Kuban\u0131\u00e7bek \u00d6m\u00fcral\u0131yevl\u0259 d\u0259 g\u00f6r\u00fc\u015f\u00fcb. TDT-nin \u0259m\u0259k, m\u0259\u015f\u011fulluq v\u0259 sosial m\u00fcdafi\u0259 nazirl\u0259rinin \u00f6t\u0259n ilin dekabr ay\u0131nda Bak\u0131da ke\u00e7iril\u0259n ilk iclas\u0131n\u0131n \u0259h\u0259miyy\u0259tind\u0259n b\u0259hs olunub.<\/span><\/p>\n<p data-accw-zoom=\"1\"><span data-accw-zoom=\"1\">G\u00f6r\u00fc\u015fd\u0259 T\u0259\u015fkilata \u00fczv \u00f6lk\u0259l\u0259r aras\u0131nda \u0259m\u0259k v\u0259 m\u0259\u015f\u011fulluq, sosial m\u00fcdafi\u0259 sah\u0259l\u0259rind\u0259 \u0259laq\u0259l\u0259rin daha da inki\u015faf etdirilm\u0259si imkanlar\u0131na dair fikir m\u00fcbadil\u0259si apar\u0131l\u0131b.<\/span><\/p>\n<\/div>\n<div>\n<div class=\"form-group\"><img class=\"img-responsive\" src=\"https:\/\/cdn.musavat.com\/news\/images\/Ayten\/1863702467856089.jpg\" \/><\/div>\n<div class=\"form-group\"><img class=\"img-responsive\" src=\"https:\/\/cdn.musavat.com\/news\/images\/Ayten\/1863702461443037.jpg\" \/><\/div>\n<div class=\"form-group\"><img class=\"img-responsive\" src=\"https:\/\/cdn.musavat.com\/news\/images\/Ayten\/1863702454745279.jpg\" \/><\/div>\n<div class=\"form-group\"><img class=\"img-responsive\" src=\"https:\/\/cdn.musavat.com\/news\/images\/Ayten\/1863702447936027.jpg\" \/><\/div>\n<div class=\"form-group\"><img class=\"img-responsive\" src=\"https:\/\/cdn.musavat.com\/news\/images\/Ayten\/1863702381464185.jpg\" \/><\/div>\n<div class=\"form-group\"><img class=\"img-responsive\" src=\"https:\/\/cdn.musavat.com\/news\/images\/Ayten\/1863702376270368.jpg\" \/><\/div>\n<div class=\"form-group\"><img class=\"img-responsive\" src=\"https:\/\/cdn.musavat.com\/news\/images\/Ayten\/680417922_1402502415237239_4044943526479467937_n.jpg\" \/><\/div>\n<\/div>\n","protected":false},"excerpt":{"rendered":"<p>\u0130qtisadi \u018fm\u0259kda\u015fl\u0131q v\u0259 \u0130nki\u015faf T\u0259\u015fkilat\u0131 v\u0259 T\u00fcrkiy\u0259 Respublikas\u0131n\u0131n birg\u0259 t\u0259\u015fkilat\u00e7\u0131l\u0131\u011f\u0131 il\u0259 T\u00fcrkiy\u0259nin \u0130stanbul \u015f\u0259h\u0259rind\u0259 \u201cN\u0259sill\u0259raras\u0131 istedad\u0131n \u00fcz\u0259 \u00e7\u0131xar\u0131lmas\u0131\u201d m\u00f6vzusunda Bacar\u0131qlar Sammiti ke\u00e7irilir. Sammitd\u0259 \u00f6lk\u0259mizi \u0259m\u0259k v\u0259 \u0259halinin sosial m\u00fcdafi\u0259si naziri Anar \u018fliyevin ba\u015f\u00e7\u0131l\u0131q etdiyi n\u00fcmay\u0259nd\u0259 hey\u0259ti t\u0259msil edir. Musavat.com\u00a0x\u0259b\u0259r verir ki,\u00a0T\u00fcrkiy\u0259\u00a0Respublikas\u0131n\u0131n\u00a0Prezidenti R\u0259c\u0259b Tayyib \u018frdo\u011fan Sammitin a\u00e7\u0131l\u0131\u015f m\u0259rasimind\u0259 i\u015ftirak edib. Bu t\u0259dbirin bacar\u0131qlar sah\u0259sind\u0259 qlobal dialoq \u00fc\u00e7\u00fcn g\u00fccl\u00fc bir t\u0259m\u0259l yaradaca\u011f\u0131n\u0131 d\u00fc\u015f\u00fcnd\u00fcy\u00fcn\u00fc bildir\u0259n\u00a0T\u00fcrkiy\u0259nin d\u00f6vl\u0259t ba\u015f\u00e7\u0131s\u0131 Zirv\u0259 g\u00f6r\u00fc\u015f\u00fcn\u0259 u\u011furlar arzulay\u0131b v\u0259\u00a0t\u0259dbir i\u015ftirak\u00e7\u0131lar\u0131 il\u0259 xatir\u0259 \u015f\u0259kli \u00e7\u0259kdirib. M\u00fcxt\u0259lif \u00f6lk\u0259l\u0259rd\u0259n nazirl\u0259r v\u0259 dig\u0259r y\u00fcks\u0259k v\u0259zif\u0259li r\u0259smil\u0259ri, beyn\u0259lxalq t\u0259\u015fkilatlardan, t\u0259hsil, \u0259m\u0259k, iqtisadiyyat, innovasiya, miqrasiya v\u0259&hellip;<\/p>\n","protected":false},"author":2,"featured_media":850020,"comment_status":"closed","ping_status":"closed","sticky":false,"template":"","format":"standard","meta":{"om_disable_all_campaigns":false,"_monsterinsights_skip_tracking":false,"_monsterinsights_sitenote_active":false,"_monsterinsights_sitenote_note":"","_monsterinsights_sitenote_category":0},"categories":[19],"tags":[],"aioseo_notices":[],"gutentor_comment":0,"rttpg_featured_image_url":{"full":["https:\/\/arantv.az\/wp-content\/uploads\/2026\/04\/1f3246f82b7dd5bb3822a135d48359e2.jpg",870,500,false],"landscape":["https:\/\/arantv.az\/wp-content\/uploads\/2026\/04\/1f3246f82b7dd5bb3822a135d48359e2.jpg",870,500,false],"portraits":["https:\/\/arantv.az\/wp-content\/uploads\/2026\/04\/1f3246f82b7dd5bb3822a135d48359e2.jpg",870,500,false],"thumbnail":["https:\/\/arantv.az\/wp-content\/uploads\/2026\/04\/1f3246f82b7dd5bb3822a135d48359e2-500x280.jpg",500,280,true],"medium":["https:\/\/arantv.az\/wp-content\/uploads\/2026\/04\/1f3246f82b7dd5bb3822a135d48359e2-635x365.jpg",635,365,true],"large":["https:\/\/arantv.az\/wp-content\/uploads\/2026\/04\/1f3246f82b7dd5bb3822a135d48359e2-840x483.jpg",640,368,true],"1536x1536":["https:\/\/arantv.az\/wp-content\/uploads\/2026\/04\/1f3246f82b7dd5bb3822a135d48359e2.jpg",870,500,false],"2048x2048":["https:\/\/arantv.az\/wp-content\/uploads\/2026\/04\/1f3246f82b7dd5bb3822a135d48359e2.jpg",870,500,false],"post-thumbnail":["https:\/\/arantv.az\/wp-content\/uploads\/2026\/04\/1f3246f82b7dd5bb3822a135d48359e2-240x172.jpg",240,172,true],"advps-thumb-one":["https:\/\/arantv.az\/wp-content\/uploads\/2026\/04\/1f3246f82b7dd5bb3822a135d48359e2.jpg",870,500,false]},"rttpg_author":{"display_name":"V\u00fcsal Rafiqo\u011flu","author_link":"https:\/\/arantv.az\/?author=2"},"rttpg_comment":0,"rttpg_category":"<a href=\"https:\/\/arantv.az\/?cat=19\" rel=\"category\">G\u00fcnd\u0259m<\/a>","rttpg_excerpt":"\u0130qtisadi \u018fm\u0259kda\u015fl\u0131q v\u0259 \u0130nki\u015faf T\u0259\u015fkilat\u0131 v\u0259 T\u00fcrkiy\u0259 Respublikas\u0131n\u0131n birg\u0259 t\u0259\u015fkilat\u00e7\u0131l\u0131\u011f\u0131 il\u0259 T\u00fcrkiy\u0259nin \u0130stanbul \u015f\u0259h\u0259rind\u0259 \u201cN\u0259sill\u0259raras\u0131 istedad\u0131n \u00fcz\u0259 \u00e7\u0131xar\u0131lmas\u0131\u201d m\u00f6vzusunda Bacar\u0131qlar Sammiti ke\u00e7irilir. Sammitd\u0259 \u00f6lk\u0259mizi \u0259m\u0259k v\u0259 \u0259halinin sosial m\u00fcdafi\u0259si naziri Anar \u018fliyevin ba\u015f\u00e7\u0131l\u0131q etdiyi n\u00fcmay\u0259nd\u0259 hey\u0259ti t\u0259msil edir. Musavat.com\u00a0x\u0259b\u0259r verir ki,\u00a0T\u00fcrkiy\u0259\u00a0Respublikas\u0131n\u0131n\u00a0Prezidenti R\u0259c\u0259b Tayyib \u018frdo\u011fan Sammitin a\u00e7\u0131l\u0131\u015f m\u0259rasimind\u0259 i\u015ftirak edib. Bu t\u0259dbirin bacar\u0131qlar sah\u0259sind\u0259 qlobal dialoq&hellip;","_links":{"self":[{"href":"https:\/\/arantv.az\/index.php?rest_route=\/wp\/v2\/posts\/850019"}],"collection":[{"href":"https:\/\/arantv.az\/index.php?rest_route=\/wp\/v2\/posts"}],"about":[{"href":"https:\/\/arantv.az\/index.php?rest_route=\/wp\/v2\/types\/post"}],"author":[{"embeddable":true,"href":"https:\/\/arantv.az\/index.php?rest_route=\/wp\/v2\/users\/2"}],"replies":[{"embeddable":true,"href":"https:\/\/arantv.az\/index.php?rest_route=%2Fwp%2Fv2%2Fcomments&post=850019"}],"version-history":[{"count":2,"href":"https:\/\/arantv.az\/index.php?rest_route=\/wp\/v2\/posts\/850019\/revisions"}],"predecessor-version":[{"id":850022,"href":"https:\/\/arantv.az\/index.php?rest_route=\/wp\/v2\/posts\/850019\/revisions\/850022"}],"wp:featuredmedia":[{"embeddable":true,"href":"https:\/\/arantv.az\/index.php?rest_route=\/wp\/v2\/media\/850020"}],"wp:attachment":[{"href":"https:\/\/arantv.az\/index.php?rest_route=%2Fwp%2Fv2%2Fmedia&parent=850019"}],"wp:term":[{"taxonomy":"category","embeddable":true,"href":"https:\/\/arantv.az\/index.php?rest_route=%2Fwp%2Fv2%2Fcategories&post=850019"},{"taxonomy":"post_tag","embeddable":true,"href":"https:\/\/arantv.az\/index.php?rest_route=%2Fwp%2Fv2%2Ftags&post=850019"}],"curies":[{"name":"wp","href":"https:\/\/api.w.org\/{rel}","templated":true}]}}