{"id":850033,"date":"2026-04-28T13:45:30","date_gmt":"2026-04-28T09:45:30","guid":{"rendered":"https:\/\/arantv.az\/?p=850033"},"modified":"2026-04-28T13:45:30","modified_gmt":"2026-04-28T09:45:30","slug":"polis-m%c9%99kt%c9%99bl%c9%99rd%c9%99-reydl%c9%99r-aparir","status":"publish","type":"post","link":"https:\/\/arantv.az\/?p=850033","title":{"rendered":"Polis m\u0259kt\u0259bl\u0259rd\u0259 reydl\u0259r apar\u0131r"},"content":{"rendered":"<p><strong>Son g\u00fcnl\u0259r m\u0259kt\u0259bl\u0259rd\u0259 ya\u015fanan insidentl\u0259rl\u0259 ba\u011fl\u0131 h\u00fcquq m\u00fchafiz\u0259 orqanlar\u0131 h\u0259r\u0259k\u0259t\u0259 ke\u00e7ib.\u00a0<\/strong><\/p>\n<p><strong>Musavat.com<\/strong>-un\u00a0m\u0259lumat\u0131na g\u00f6r\u0259, M\u0259kt\u0259b\u0259q\u0259d\u0259r v\u0259 \u00dcmumi T\u0259hsil \u00fczr\u0259 D\u00f6vl\u0259t Agentliyinin direktoru E\u015fqi Ba\u011f\u0131rov jurnalistl\u0259r\u0259 a\u00e7\u0131qlamas\u0131nda bildirib ki, m\u00fct\u0259madi olaraq D\u0130N v\u0259 aidiyy\u0259ti dig\u0259r qurumlarla birlikd\u0259birlikd\u0259 m\u0259kt\u0259bl\u0259r\u0259 reydl\u0259r t\u0259\u015fkil edilir.<\/p>\n<p>\u015eagird intizam qaydalar\u0131nda m\u0259kt\u0259b\u0259 g\u0259tirilm\u0259si qada\u011fan edilmi\u015f \u0259\u015fyalar\u0131n m\u0259kt\u0259bli \u00e7antas\u0131nda tap\u0131lmas\u0131 hallar\u0131 ciddi n\u0259zar\u0259t\u0259 g\u00f6t\u00fcr\u00fcl\u00fcr.<\/p>\n<p>O h\u0259m\u00e7inin bildirib ki, m\u0259kt\u0259bl\u0259rd\u0259 ba\u015f ver\u0259n xo\u015fag\u0259lm\u0259z hadis\u0259l\u0259r t\u0259kc\u0259 \u015fagird \u00e7antalar\u0131nda g\u0259tiril\u0259n \u0259\u015fyalarla ba\u011fl\u0131 deyil. \u015eagirdl\u0259rin \u00e7antalar\u0131n\u0131n yoxlan\u0131lmas\u0131 bu probleml\u0259ri tamamil\u0259 aradan qald\u0131rmayacaq. Probleml\u0259ri aradan qald\u0131rmaq \u00fc\u00e7\u00fcn agentliyin \u00f6hd\u0259sin\u0259 d\u00fc\u015f\u0259n m\u0259kt\u0259b kollektivini t\u0259limatland\u0131rmaq v\u0259 laz\u0131mi \u00f6hd\u0259likl\u0259rini onlara \u00e7atd\u0131rmaqd\u0131r. H\u0259m\u00e7inin m\u0259kt\u0259b psixoloqlar\u0131, m\u00fc\u0259lliml\u0259r bu istiqam\u0259td\u0259 \u00f6hd\u0259l\u0259rin\u0259 d\u00fc\u015f\u0259n v\u0259zif\u0259l\u0259ri icra etm\u0259lidirl\u0259r.<\/p>\n","protected":false},"excerpt":{"rendered":"<p>Son g\u00fcnl\u0259r m\u0259kt\u0259bl\u0259rd\u0259 ya\u015fanan insidentl\u0259rl\u0259 ba\u011fl\u0131 h\u00fcquq m\u00fchafiz\u0259 orqanlar\u0131 h\u0259r\u0259k\u0259t\u0259 ke\u00e7ib.\u00a0 Musavat.com-un\u00a0m\u0259lumat\u0131na g\u00f6r\u0259, M\u0259kt\u0259b\u0259q\u0259d\u0259r v\u0259 \u00dcmumi T\u0259hsil \u00fczr\u0259 D\u00f6vl\u0259t Agentliyinin direktoru E\u015fqi Ba\u011f\u0131rov jurnalistl\u0259r\u0259 a\u00e7\u0131qlamas\u0131nda bildirib ki, m\u00fct\u0259madi olaraq D\u0130N v\u0259 aidiyy\u0259ti dig\u0259r qurumlarla birlikd\u0259birlikd\u0259 m\u0259kt\u0259bl\u0259r\u0259 reydl\u0259r t\u0259\u015fkil edilir. \u015eagird intizam qaydalar\u0131nda m\u0259kt\u0259b\u0259 g\u0259tirilm\u0259si qada\u011fan edilmi\u015f \u0259\u015fyalar\u0131n m\u0259kt\u0259bli \u00e7antas\u0131nda tap\u0131lmas\u0131 hallar\u0131 ciddi n\u0259zar\u0259t\u0259 g\u00f6t\u00fcr\u00fcl\u00fcr. O h\u0259m\u00e7inin bildirib ki, m\u0259kt\u0259bl\u0259rd\u0259 ba\u015f ver\u0259n xo\u015fag\u0259lm\u0259z hadis\u0259l\u0259r t\u0259kc\u0259 \u015fagird \u00e7antalar\u0131nda g\u0259tiril\u0259n \u0259\u015fyalarla ba\u011fl\u0131 deyil. \u015eagirdl\u0259rin \u00e7antalar\u0131n\u0131n yoxlan\u0131lmas\u0131 bu probleml\u0259ri tamamil\u0259 aradan qald\u0131rmayacaq. Probleml\u0259ri aradan qald\u0131rmaq \u00fc\u00e7\u00fcn agentliyin \u00f6hd\u0259sin\u0259 d\u00fc\u015f\u0259n m\u0259kt\u0259b kollektivini t\u0259limatland\u0131rmaq v\u0259 laz\u0131mi&hellip;<\/p>\n","protected":false},"author":2,"featured_media":850034,"comment_status":"closed","ping_status":"closed","sticky":false,"template":"","format":"standard","meta":{"om_disable_all_campaigns":false,"_monsterinsights_skip_tracking":false,"_monsterinsights_sitenote_active":false,"_monsterinsights_sitenote_note":"","_monsterinsights_sitenote_category":0},"categories":[1],"tags":[],"aioseo_notices":[],"gutentor_comment":0,"rttpg_featured_image_url":{"full":["https:\/\/arantv.az\/wp-content\/uploads\/2026\/04\/8f0cc2767740f06bb86920f63d4f0356.jpg",740,493,false],"landscape":["https:\/\/arantv.az\/wp-content\/uploads\/2026\/04\/8f0cc2767740f06bb86920f63d4f0356.jpg",740,493,false],"portraits":["https:\/\/arantv.az\/wp-content\/uploads\/2026\/04\/8f0cc2767740f06bb86920f63d4f0356.jpg",740,493,false],"thumbnail":["https:\/\/arantv.az\/wp-content\/uploads\/2026\/04\/8f0cc2767740f06bb86920f63d4f0356-500x280.jpg",500,280,true],"medium":["https:\/\/arantv.az\/wp-content\/uploads\/2026\/04\/8f0cc2767740f06bb86920f63d4f0356-548x365.jpg",548,365,true],"large":["https:\/\/arantv.az\/wp-content\/uploads\/2026\/04\/8f0cc2767740f06bb86920f63d4f0356.jpg",640,426,false],"1536x1536":["https:\/\/arantv.az\/wp-content\/uploads\/2026\/04\/8f0cc2767740f06bb86920f63d4f0356.jpg",740,493,false],"2048x2048":["https:\/\/arantv.az\/wp-content\/uploads\/2026\/04\/8f0cc2767740f06bb86920f63d4f0356.jpg",740,493,false],"post-thumbnail":["https:\/\/arantv.az\/wp-content\/uploads\/2026\/04\/8f0cc2767740f06bb86920f63d4f0356-240x172.jpg",240,172,true],"advps-thumb-one":["https:\/\/arantv.az\/wp-content\/uploads\/2026\/04\/8f0cc2767740f06bb86920f63d4f0356.jpg",740,493,false]},"rttpg_author":{"display_name":"V\u00fcsal Rafiqo\u011flu","author_link":"https:\/\/arantv.az\/?author=2"},"rttpg_comment":0,"rttpg_category":"<a href=\"https:\/\/arantv.az\/?cat=1\" rel=\"category\">C\u0259miyy\u0259t<\/a>","rttpg_excerpt":"Son g\u00fcnl\u0259r m\u0259kt\u0259bl\u0259rd\u0259 ya\u015fanan insidentl\u0259rl\u0259 ba\u011fl\u0131 h\u00fcquq m\u00fchafiz\u0259 orqanlar\u0131 h\u0259r\u0259k\u0259t\u0259 ke\u00e7ib.\u00a0 Musavat.com-un\u00a0m\u0259lumat\u0131na g\u00f6r\u0259, M\u0259kt\u0259b\u0259q\u0259d\u0259r v\u0259 \u00dcmumi T\u0259hsil \u00fczr\u0259 D\u00f6vl\u0259t Agentliyinin direktoru E\u015fqi Ba\u011f\u0131rov jurnalistl\u0259r\u0259 a\u00e7\u0131qlamas\u0131nda bildirib ki, m\u00fct\u0259madi olaraq D\u0130N v\u0259 aidiyy\u0259ti dig\u0259r qurumlarla birlikd\u0259birlikd\u0259 m\u0259kt\u0259bl\u0259r\u0259 reydl\u0259r t\u0259\u015fkil edilir. \u015eagird intizam qaydalar\u0131nda m\u0259kt\u0259b\u0259 g\u0259tirilm\u0259si qada\u011fan edilmi\u015f \u0259\u015fyalar\u0131n m\u0259kt\u0259bli \u00e7antas\u0131nda tap\u0131lmas\u0131 hallar\u0131 ciddi n\u0259zar\u0259t\u0259 g\u00f6t\u00fcr\u00fcl\u00fcr. O&hellip;","_links":{"self":[{"href":"https:\/\/arantv.az\/index.php?rest_route=\/wp\/v2\/posts\/850033"}],"collection":[{"href":"https:\/\/arantv.az\/index.php?rest_route=\/wp\/v2\/posts"}],"about":[{"href":"https:\/\/arantv.az\/index.php?rest_route=\/wp\/v2\/types\/post"}],"author":[{"embeddable":true,"href":"https:\/\/arantv.az\/index.php?rest_route=\/wp\/v2\/users\/2"}],"replies":[{"embeddable":true,"href":"https:\/\/arantv.az\/index.php?rest_route=%2Fwp%2Fv2%2Fcomments&post=850033"}],"version-history":[{"count":1,"href":"https:\/\/arantv.az\/index.php?rest_route=\/wp\/v2\/posts\/850033\/revisions"}],"predecessor-version":[{"id":850035,"href":"https:\/\/arantv.az\/index.php?rest_route=\/wp\/v2\/posts\/850033\/revisions\/850035"}],"wp:featuredmedia":[{"embeddable":true,"href":"https:\/\/arantv.az\/index.php?rest_route=\/wp\/v2\/media\/850034"}],"wp:attachment":[{"href":"https:\/\/arantv.az\/index.php?rest_route=%2Fwp%2Fv2%2Fmedia&parent=850033"}],"wp:term":[{"taxonomy":"category","embeddable":true,"href":"https:\/\/arantv.az\/index.php?rest_route=%2Fwp%2Fv2%2Fcategories&post=850033"},{"taxonomy":"post_tag","embeddable":true,"href":"https:\/\/arantv.az\/index.php?rest_route=%2Fwp%2Fv2%2Ftags&post=850033"}],"curies":[{"name":"wp","href":"https:\/\/api.w.org\/{rel}","templated":true}]}}