{"id":850040,"date":"2026-04-28T14:12:17","date_gmt":"2026-04-28T10:12:17","guid":{"rendered":"https:\/\/arantv.az\/?p=850040"},"modified":"2026-04-28T14:12:17","modified_gmt":"2026-04-28T10:12:17","slug":"prezident-asan-xidm%c9%99tl%c9%99-bagli-f%c9%99rman-imzaladi","status":"publish","type":"post","link":"https:\/\/arantv.az\/?p=850040","title":{"rendered":"Prezident &#8220;ASAN Xidm\u0259t&#8221;l\u0259 ba\u011fl\u0131 f\u0259rman \u0130MZALADI"},"content":{"rendered":"<p><strong>Prezident \u0130lham \u018fliyev &#8220;D\u00f6vl\u0259t xidm\u0259tl\u0259ri haqq\u0131nda&#8221; 31 oktyabr 2025-ci il tarixli qanunun t\u0259tbiqi v\u0259 bundan ir\u0259li g\u0259l\u0259n bir s\u0131ra m\u0259s\u0259l\u0259l\u0259rin t\u0259nziml\u0259nm\u0259si bar\u0259d\u0259 3 dekabr 2025-ci il tarixli f\u0259rman\u0131nda d\u0259yi\u015fiklik edib.<\/strong><\/p>\n<p><strong>Musavat.com<\/strong>\u00a0x\u0259b\u0259r verir ki, bununla ba\u011fl\u0131 d\u00f6vl\u0259t ba\u015f\u00e7\u0131s\u0131 yeni f\u0259rman imzalay\u0131b.<\/p>\n<p>F\u0259rmana \u0259sas\u0259n, \u0130qtisadiyyat Nazirliyin\u0259 v\u0259 Prezident yan\u0131nda V\u0259t\u0259nda\u015flara Xidm\u0259t v\u0259 Sosial \u0130nnovasiyalar \u00fczr\u0259 D\u00f6vl\u0259t Agentliyin\u0259 (&#8220;ASAN Xidm\u0259t&#8221;) yeni s\u0259lahiyy\u0259t verilib.<\/p>\n<p>Bel\u0259 ki, d\u00f6vl\u0259t xidm\u0259tinin istifad\u0259\u00e7isi \u00fc\u00e7\u00fcn vahid h\u00fcquqi n\u0259tic\u0259nin yaranmas\u0131na s\u0259b\u0259b olan h\u0259r hans\u0131 bir inzibati icraat f\u0259rqli xidm\u0259t t\u0259minat\u00e7\u0131lar\u0131 t\u0259r\u0259find\u0259n t\u0259min edil\u0259n bir ne\u00e7\u0259 d\u00f6vl\u0259t xidm\u0259tind\u0259n ibar\u0259tdirs\u0259, h\u0259min d\u00f6vl\u0259t xidm\u0259tl\u0259ri xidm\u0259t t\u0259minat\u00e7\u0131lar\u0131, vahid xidm\u0259t m\u0259rk\u0259zl\u0259rind\u0259 is\u0259 ad\u0131 \u00e7\u0259kil\u0259n d\u00f6vl\u0259t qurumlar\u0131 t\u0259r\u0259find\u0259n \u0259laq\u0259l\u0259ndirilm\u0259kl\u0259 formala\u015fd\u0131r\u0131lmal\u0131d\u0131r.<\/p>\n<p>Bundan ba\u015fqa, d\u00f6vl\u0259t xidm\u0259tinin g\u00f6st\u0259rilm\u0259si il\u0259 \u0259laq\u0259dar h\u0259min xidm\u0259t \u00fczr\u0259 xidm\u0259t t\u0259minat\u00e7\u0131s\u0131ndan \u0259lav\u0259 sahibkarl\u0131q f\u0259aliyy\u0259ti il\u0259 m\u0259\u011ful olan fiziki v\u0259 h\u00fcquqi \u015f\u0259xsl\u0259r t\u0259r\u0259find\u0259n \u0259lav\u0259 xidm\u0259tl\u0259r g\u00f6st\u0259rilirs\u0259, h\u0259min fiziki v\u0259 h\u00fcquqi \u015f\u0259xsl\u0259rin siyah\u0131s\u0131 xidm\u0259t t\u0259minat\u00e7\u0131s\u0131n\u0131n v\u0259 &#8220;ASAN Xidm\u0259t&#8221;in m\u00fc\u0259yy\u0259n etdiyi orqan\u0131n (qurumun) r\u0259smi internet informasiya ehtiyat\u0131nda yerl\u0259\u015fdirilir v\u0259 aktuall\u0131\u011f\u0131 t\u0259min edilir.<\/p>\n","protected":false},"excerpt":{"rendered":"<p>Prezident \u0130lham \u018fliyev &#8220;D\u00f6vl\u0259t xidm\u0259tl\u0259ri haqq\u0131nda&#8221; 31 oktyabr 2025-ci il tarixli qanunun t\u0259tbiqi v\u0259 bundan ir\u0259li g\u0259l\u0259n bir s\u0131ra m\u0259s\u0259l\u0259l\u0259rin t\u0259nziml\u0259nm\u0259si bar\u0259d\u0259 3 dekabr 2025-ci il tarixli f\u0259rman\u0131nda d\u0259yi\u015fiklik edib. Musavat.com\u00a0x\u0259b\u0259r verir ki, bununla ba\u011fl\u0131 d\u00f6vl\u0259t ba\u015f\u00e7\u0131s\u0131 yeni f\u0259rman imzalay\u0131b. F\u0259rmana \u0259sas\u0259n, \u0130qtisadiyyat Nazirliyin\u0259 v\u0259 Prezident yan\u0131nda V\u0259t\u0259nda\u015flara Xidm\u0259t v\u0259 Sosial \u0130nnovasiyalar \u00fczr\u0259 D\u00f6vl\u0259t Agentliyin\u0259 (&#8220;ASAN Xidm\u0259t&#8221;) yeni s\u0259lahiyy\u0259t verilib. Bel\u0259 ki, d\u00f6vl\u0259t xidm\u0259tinin istifad\u0259\u00e7isi \u00fc\u00e7\u00fcn vahid h\u00fcquqi n\u0259tic\u0259nin yaranmas\u0131na s\u0259b\u0259b olan h\u0259r hans\u0131 bir inzibati icraat f\u0259rqli xidm\u0259t t\u0259minat\u00e7\u0131lar\u0131 t\u0259r\u0259find\u0259n t\u0259min edil\u0259n bir ne\u00e7\u0259 d\u00f6vl\u0259t xidm\u0259tind\u0259n ibar\u0259tdirs\u0259, h\u0259min d\u00f6vl\u0259t&hellip;<\/p>\n","protected":false},"author":2,"featured_media":850041,"comment_status":"closed","ping_status":"closed","sticky":false,"template":"","format":"standard","meta":{"om_disable_all_campaigns":false,"_monsterinsights_skip_tracking":false,"_monsterinsights_sitenote_active":false,"_monsterinsights_sitenote_note":"","_monsterinsights_sitenote_category":0},"categories":[4],"tags":[],"aioseo_notices":[],"gutentor_comment":0,"rttpg_featured_image_url":{"full":["https:\/\/arantv.az\/wp-content\/uploads\/2026\/04\/038da1407c3a621b0814062e21b9cdb1.jpg",870,500,false],"landscape":["https:\/\/arantv.az\/wp-content\/uploads\/2026\/04\/038da1407c3a621b0814062e21b9cdb1.jpg",870,500,false],"portraits":["https:\/\/arantv.az\/wp-content\/uploads\/2026\/04\/038da1407c3a621b0814062e21b9cdb1.jpg",870,500,false],"thumbnail":["https:\/\/arantv.az\/wp-content\/uploads\/2026\/04\/038da1407c3a621b0814062e21b9cdb1-500x280.jpg",500,280,true],"medium":["https:\/\/arantv.az\/wp-content\/uploads\/2026\/04\/038da1407c3a621b0814062e21b9cdb1-635x365.jpg",635,365,true],"large":["https:\/\/arantv.az\/wp-content\/uploads\/2026\/04\/038da1407c3a621b0814062e21b9cdb1-840x483.jpg",640,368,true],"1536x1536":["https:\/\/arantv.az\/wp-content\/uploads\/2026\/04\/038da1407c3a621b0814062e21b9cdb1.jpg",870,500,false],"2048x2048":["https:\/\/arantv.az\/wp-content\/uploads\/2026\/04\/038da1407c3a621b0814062e21b9cdb1.jpg",870,500,false],"post-thumbnail":["https:\/\/arantv.az\/wp-content\/uploads\/2026\/04\/038da1407c3a621b0814062e21b9cdb1-240x172.jpg",240,172,true],"advps-thumb-one":["https:\/\/arantv.az\/wp-content\/uploads\/2026\/04\/038da1407c3a621b0814062e21b9cdb1.jpg",870,500,false]},"rttpg_author":{"display_name":"V\u00fcsal Rafiqo\u011flu","author_link":"https:\/\/arantv.az\/?author=2"},"rttpg_comment":0,"rttpg_category":"<a href=\"https:\/\/arantv.az\/?cat=4\" rel=\"category\">Siyas\u0259t<\/a>","rttpg_excerpt":"Prezident \u0130lham \u018fliyev &#8220;D\u00f6vl\u0259t xidm\u0259tl\u0259ri haqq\u0131nda&#8221; 31 oktyabr 2025-ci il tarixli qanunun t\u0259tbiqi v\u0259 bundan ir\u0259li g\u0259l\u0259n bir s\u0131ra m\u0259s\u0259l\u0259l\u0259rin t\u0259nziml\u0259nm\u0259si bar\u0259d\u0259 3 dekabr 2025-ci il tarixli f\u0259rman\u0131nda d\u0259yi\u015fiklik edib. Musavat.com\u00a0x\u0259b\u0259r verir ki, bununla ba\u011fl\u0131 d\u00f6vl\u0259t ba\u015f\u00e7\u0131s\u0131 yeni f\u0259rman imzalay\u0131b. F\u0259rmana \u0259sas\u0259n, \u0130qtisadiyyat Nazirliyin\u0259 v\u0259 Prezident yan\u0131nda V\u0259t\u0259nda\u015flara Xidm\u0259t v\u0259 Sosial \u0130nnovasiyalar \u00fczr\u0259 D\u00f6vl\u0259t Agentliyin\u0259&hellip;","_links":{"self":[{"href":"https:\/\/arantv.az\/index.php?rest_route=\/wp\/v2\/posts\/850040"}],"collection":[{"href":"https:\/\/arantv.az\/index.php?rest_route=\/wp\/v2\/posts"}],"about":[{"href":"https:\/\/arantv.az\/index.php?rest_route=\/wp\/v2\/types\/post"}],"author":[{"embeddable":true,"href":"https:\/\/arantv.az\/index.php?rest_route=\/wp\/v2\/users\/2"}],"replies":[{"embeddable":true,"href":"https:\/\/arantv.az\/index.php?rest_route=%2Fwp%2Fv2%2Fcomments&post=850040"}],"version-history":[{"count":1,"href":"https:\/\/arantv.az\/index.php?rest_route=\/wp\/v2\/posts\/850040\/revisions"}],"predecessor-version":[{"id":850042,"href":"https:\/\/arantv.az\/index.php?rest_route=\/wp\/v2\/posts\/850040\/revisions\/850042"}],"wp:featuredmedia":[{"embeddable":true,"href":"https:\/\/arantv.az\/index.php?rest_route=\/wp\/v2\/media\/850041"}],"wp:attachment":[{"href":"https:\/\/arantv.az\/index.php?rest_route=%2Fwp%2Fv2%2Fmedia&parent=850040"}],"wp:term":[{"taxonomy":"category","embeddable":true,"href":"https:\/\/arantv.az\/index.php?rest_route=%2Fwp%2Fv2%2Fcategories&post=850040"},{"taxonomy":"post_tag","embeddable":true,"href":"https:\/\/arantv.az\/index.php?rest_route=%2Fwp%2Fv2%2Ftags&post=850040"}],"curies":[{"name":"wp","href":"https:\/\/api.w.org\/{rel}","templated":true}]}}