{"id":850043,"date":"2026-04-28T14:13:49","date_gmt":"2026-04-28T10:13:49","guid":{"rendered":"https:\/\/arantv.az\/?p=850043"},"modified":"2026-04-28T14:13:49","modified_gmt":"2026-04-28T10:13:49","slug":"z%c9%99rif%c9%99-%c9%99liyevanin-xatir%c9%99sin%c9%99-h%c9%99sr-olunan-aksiya-rezonans-dogurdufoto","status":"publish","type":"post","link":"https:\/\/arantv.az\/?p=850043","title":{"rendered":"Z\u0259rif\u0259 \u018fliyevan\u0131n xatir\u0259sin\u0259 h\u0259sr olunan aksiya rezonans do\u011furduFOTO"},"content":{"rendered":"<div class=\"text-content\" data-id=\"\" data-url=\"\">\n<p><strong>Sumqay\u0131t \u015f\u0259h\u0259rind\u0259 deputat S\u0259bin\u0259 Salmanovan\u0131n t\u0259\u015f\u0259bb\u00fcs\u00fc, Bat\u0131g\u00f6z Klinikas\u0131n\u0131n t\u0259\u015fkilat\u00e7\u0131l\u0131\u011f\u0131 il\u0259 Az\u0259rbaycan\u0131n g\u00f6rk\u0259mli alimi, \u018fm\u0259kdar elm xadimi, tibb elml\u0259ri doktoru, professor, Az\u0259rbaycan Elml\u0259r Akademiyas\u0131n\u0131n h\u0259qiqi \u00fczv\u00fc Z\u0259rif\u0259 xan\u0131m \u018fliyevan\u0131n 103 illiyin\u0259 h\u0259sr olunmu\u015f \u015f\u0259hid ail\u0259l\u0259ri, qazil\u0259r, m\u00fcharib\u0259 i\u015ftirak\u00e7\u0131lar\u0131 v\u0259 azt\u0259minatl\u0131 ail\u0259l\u0259r \u00fc\u00e7\u00fcn g\u00f6z m\u00fcayin\u0259si t\u0259\u015fkil edilib.<\/strong><\/p>\n<p><strong>Musavat.com<\/strong>\u00a0x\u0259b\u0259r verir ki, toplant\u0131da \u0259vv\u0259lc\u0259 Az\u0259rbaycan xalq\u0131n\u0131n \u00dcmummilli Lideri Heyd\u0259r \u018fliyev, g\u00f6rk\u0259mli oftalmoloq-alim, akademik Z\u0259rif\u0259 \u018fliyevan\u0131n v\u0259 V\u0259t\u0259nimizin azadl\u0131\u011f\u0131 u\u011frunda canlar\u0131n\u0131 f\u0259da etmi\u015f \u015f\u0259hidl\u0259rimizin \u0259ziz xatir\u0259si bir d\u0259qiq\u0259lik s\u00fckutla yad edilib.<\/p>\n<p>Daha sonra t\u0259dbird\u0259 \u00e7\u0131x\u0131\u015f ed\u0259n deputat S\u0259bin\u0259 Salmanova g\u00f6rk\u0259mli oftalmoloq-alim, akademik Z\u0259rif\u0259 \u018fliyevan\u0131n h\u0259yat v\u0259 f\u0259aliyy\u0259tind\u0259n b\u0259hs edib. Deputat qeyd edib ki, Z\u0259rif\u0259 xan\u0131m \u018fliyeva Az\u0259rbaycan tibb elminin inki\u015faf\u0131nda m\u00fch\u00fcm rol oynay\u0131b, h\u0259yat\u0131n\u0131 insanlar\u0131n sa\u011flaml\u0131\u011f\u0131na v\u0259 elmi t\u0259r\u0259qqiy\u0259 h\u0259sr etmi\u015f nadir \u015f\u0259xsiyy\u0259tl\u0259rd\u0259n biridir. O, x\u00fcsusil\u0259 oftalmologiya sah\u0259sind\u0259 apard\u0131\u011f\u0131 fundamental t\u0259dqiqatlarla b\u00f6y\u00fck n\u00fcfuz qazan\u0131b, pe\u015f\u0259 x\u0259st\u0259likl\u0259ri il\u0259 ba\u011fl\u0131 g\u00f6z patologiyalar\u0131n\u0131n \u00f6yr\u0259nilm\u0259si istiqam\u0259tind\u0259 m\u00fch\u00fcm yenilikl\u0259r\u0259 imza at\u0131b. Z\u0259rif\u0259 xan\u0131m\u0131n elmi \u0259s\u0259rl\u0259ri bu g\u00fcn d\u0259 aktuall\u0131\u011f\u0131n\u0131 qoruyur v\u0259 g\u0259nc h\u0259kiml\u0259r \u00fc\u00e7\u00fcn d\u0259y\u0259rli m\u0259nb\u0259 hesab olunur.<\/p>\n<p><strong>S.Salmanova bildirib ki, Z\u0259rif\u0259 xan\u0131m\u0131n f\u0259aliyy\u0259ti yaln\u0131z elml\u0259 m\u0259hdudla\u015fmay\u0131b, eyni zamanda y\u00fcks\u0259k humanizm v\u0259 insanlara qay\u011f\u0131 prinsipl\u0259ri il\u0259 m\u00fc\u015fayi\u0259t olunub:<\/strong><\/p>\n<p>\u201cZ\u0259rif\u0259 xan\u0131m \u018fliyeva h\u0259r zaman sad\u0259 insanlara yax\u0131n olmu\u015f, onlar\u0131n probleml\u0259rin\u0259 h\u0259ssas yana\u015fm\u0131\u015f v\u0259 x\u00fcsusil\u0259 azt\u0259minatl\u0131 ail\u0259l\u0259rin sa\u011flaml\u0131q m\u0259s\u0259l\u0259l\u0259rin\u0259 x\u00fcsusi diqq\u0259t g\u00f6st\u0259rib. Bu x\u00fcsusiyy\u0259tl\u0259r onu c\u0259miyy\u0259tin yadda\u015f\u0131nda t\u0259kc\u0259 alim kimi deyil, h\u0259m d\u0259 b\u00f6y\u00fck \u00fcr\u0259k sahibi bir insan kimi ya\u015fad\u0131r\u201d.<\/p>\n<p>Parlamentari onu da bildirib ki, Z\u0259rif\u0259 xan\u0131m h\u0259m d\u0259 g\u00fccl\u00fc ail\u0259 daya\u011f\u0131, s\u0259daq\u0259tli h\u0259yat yolda\u015f\u0131 kimi d\u0259 tan\u0131n\u0131b. O, \u00dcmummilli Lider Heyd\u0259r \u018fliyevin \u0259n yax\u0131n silahda\u015f\u0131, \u00e7\u0259tin v\u0259 m\u0259suliyy\u0259tli d\u00f6vrl\u0259rd\u0259 onun m\u0259n\u0259vi dayaq n\u00f6qt\u0259si olub. D\u00f6vl\u0259t idar\u0259\u00e7iliyinin a\u011f\u0131r y\u00fck\u00fcn\u00fc da\u015f\u0131yan Ulu \u00d6nd\u0259r Heyd\u0259r \u018fliyevin yan\u0131nda duraraq, ona h\u0259m ail\u0259, h\u0259m d\u0259 ictimai h\u0259yat\u0131nda g\u00fcc v\u0259 ilham verib. Eyni zamanda, Z\u0259rif\u0259 xan\u0131m \u018fliyeva Az\u0259rbaycan xalq\u0131na b\u00f6y\u00fck bir s\u0259rk\u0259rd\u0259, M\u00fcz\u0259ff\u0259r Ali Ba\u015f Komandan, Prezident \u0130lham \u018fliyev kimi lider b\u0259x\u015f etmi\u015f anad\u0131r. Onun verdiyi t\u0259rbiy\u0259, a\u015f\u0131lad\u0131\u011f\u0131 d\u0259y\u0259rl\u0259r v\u0259 v\u0259t\u0259np\u0259rv\u0259rlik ruhu bu g\u00fcn \u00f6lk\u0259mizin u\u011furlar\u0131nda \u00f6z \u0259ksini tap\u0131r\u201d.<\/p>\n<p>Sumqay\u0131t \u015e\u0259h\u0259r \u0130cra Hakimiyy\u0259tinin m\u0259sul i\u015f\u00e7isi Mehriban N\u0259c\u0259fova \u00e7\u0131x\u0131\u015f\u0131nda bildirib ki, \u015f\u0259h\u0259rd\u0259 f\u0259aliyy\u0259t g\u00f6st\u0259r\u0259n tibb m\u00fc\u0259ssis\u0259l\u0259ri \u0259halinin sa\u011flaml\u0131\u011f\u0131n\u0131n qorunmas\u0131 istiqam\u0259tind\u0259 m\u00fch\u00fcm rol oynay\u0131r v\u0259 bu sah\u0259d\u0259 h\u0259yata ke\u00e7iril\u0259n layih\u0259l\u0259r daim diqq\u0259t m\u0259rk\u0259zind\u0259 saxlan\u0131l\u0131r.<\/p>\n<p>O qeyd edib ki, Sumqay\u0131tda s\u0259hiyy\u0259 xidm\u0259tl\u0259rinin keyfiyy\u0259tinin art\u0131r\u0131lmas\u0131, x\u00fcsusil\u0259 h\u0259ssas qruplara g\u00f6st\u0259ril\u0259n tibbi d\u0259st\u0259yin geni\u015fl\u0259ndirilm\u0259si istiqam\u0259tind\u0259 ard\u0131c\u0131l i\u015fl\u0259r g\u00f6r\u00fcl\u00fcr. Bu kimi sosial aksiyalar\u0131n t\u0259\u015fkilinin is\u0259 h\u0259m tibbi xidm\u0259tin \u0259l\u00e7atanl\u0131\u011f\u0131n\u0131 art\u0131rd\u0131\u011f\u0131n\u0131, h\u0259m d\u0259 v\u0259t\u0259nda\u015f m\u0259mnunlu\u011funu y\u00fcks\u0259ltdiyini vur\u011fulay\u0131b. \u00c7\u0131x\u0131\u015f\u0131nda g\u00f6rk\u0259mli alim Z\u0259rif\u0259 \u018fliyevan\u0131n ad\u0131n\u0131 ehtiramla xat\u0131rladan Mehriban N\u0259c\u0259fova bildirib ki, Z\u0259rif\u0259 xan\u0131m\u0131n Az\u0259rbaycan tibb elmin\u0259 verdiyi t\u00f6hf\u0259l\u0259r bu g\u00fcn d\u0259 b\u00f6y\u00fck h\u00f6rm\u0259tl\u0259 yad edilir.<\/p>\n<p>\u201cBat\u0131g\u00f6z\u201d Sumqay\u0131t klinikas\u0131n\u0131n icra\u00e7\u0131 direktoru Nigar \u018fliyeva r\u0259hb\u0259rlik etdiyi tibb m\u00fc\u0259ssis\u0259sinin f\u0259aliyy\u0259ti bar\u0259d\u0259 toplant\u0131 i\u015ftirak\u00e7\u0131lar\u0131na geni\u015f m\u0259lumat verib. O bildirib ki, klinika m\u00fcasir tibbi avadanl\u0131qlarla t\u0259chiz olunmu\u015fdur v\u0259 burada pasiyentl\u0259r\u0259 y\u00fcks\u0259k s\u0259viyy\u0259li diaqnostika v\u0259 m\u00fcalic\u0259 xidm\u0259tl\u0259ri g\u00f6st\u0259rilir. X\u00fcsusil\u0259 sosial h\u0259ssas qruplara diqq\u0259tin art\u0131r\u0131ld\u0131\u011f\u0131n\u0131 vur\u011fulayan Nigar \u018fliyeva bu kimi humanitar aksiyalar\u0131n m\u00fct\u0259madi olaraq t\u0259\u015fkil edildiyini qeyd edib.<\/p>\n<p>O h\u0259m\u00e7inin s\u00f6yl\u0259yib ki, h\u0259yata ke\u00e7iril\u0259n bu c\u00fcr t\u0259\u015f\u0259bb\u00fcsl\u0259r Az\u0259rbaycan oftalmologiya m\u0259kt\u0259binin banil\u0259rind\u0259n biri olan akademik Z\u0259rif\u0259 xan\u0131m \u018fliyevan\u0131n z\u0259ngin irsind\u0259n v\u0259 humanist f\u0259aliyy\u0259tind\u0259n qaynaqlan\u0131r. Z\u0259rif\u0259 xan\u0131m h\u0259r zaman insanlara qay\u011f\u0131 il\u0259 yana\u015f\u0131b, x\u00fcsusil\u0259 ehtiyac\u0131 olan \u015f\u0259xsl\u0259r\u0259 d\u0259st\u0259k g\u00f6st\u0259rm\u0259yi \u00f6z\u00fcn\u00fcn m\u0259n\u0259vi borcu hesab edib. Bu g\u00fcn t\u0259\u015fkil olunan bel\u0259 sosial aksiyalar da m\u0259hz onun ideyalar\u0131n\u0131n davam\u0131d\u0131r.<\/p>\n<p>Daha sonra \u00e7\u0131x\u0131\u015f ed\u0259n \u201cBat\u0131g\u00f6z\u201d klinikas\u0131n\u0131n ba\u015f h\u0259kimi v\u0259zif\u0259sini icra ed\u0259n, c\u0259rrah-oftalmoloq Sevinc C\u0259lilova t\u0259dbirin \u0259h\u0259miyy\u0259tind\u0259n dan\u0131\u015faraq bildirib ki, bel\u0259 aksiyalar c\u0259miyy\u0259tin h\u0259ssas t\u0259b\u0259q\u0259l\u0259rin\u0259 g\u00f6st\u0259ril\u0259n diqq\u0259t v\u0259 qay\u011f\u0131n\u0131n bariz n\u00fcmun\u0259sidir. Sevinc C\u0259lilova vur\u011fulay\u0131b ki, r\u0259hb\u0259rlik etdiyi tibbi hey\u0259t t\u0259r\u0259find\u0259n h\u0259yata ke\u00e7iril\u0259n m\u00fcayin\u0259l\u0259r \u0259n son tibbi standartlara uy\u011fun \u015f\u0259kild\u0259 apar\u0131l\u0131r v\u0259 \u0259sas m\u0259qs\u0259d g\u00f6z x\u0259st\u0259likl\u0259rinin erk\u0259n m\u0259rh\u0259l\u0259d\u0259 a\u015fkarlanaraq vaxt\u0131nda m\u00fcalic\u0259sinin t\u0259min olunmas\u0131d\u0131r. O vur\u011fulay\u0131b ki, Z\u0259rif\u0259 xan\u0131m\u0131n insanlara qay\u011f\u0131, pe\u015f\u0259karl\u0131q v\u0259 f\u0259dakarl\u0131q prinsipl\u0259ri m\u00fcasir h\u0259kiml\u0259r \u00fc\u00e7\u00fcn \u00f6rn\u0259kdir v\u0259 bu kimi aksiyalar da m\u0259hz h\u0259min d\u0259y\u0259rl\u0259rin davam\u0131 kimi h\u0259yata ke\u00e7irilir.<\/p>\n<p>\u00c7\u0131x\u0131\u015flardan sonra t\u0259dbirin \u0259sas hiss\u0259sin\u0259 start verilib v\u0259 \u015f\u0259hid ail\u0259l\u0259ri, qazil\u0259r, m\u00fcharib\u0259 i\u015ftirak\u00e7\u0131lar\u0131 v\u0259 azt\u0259minatl\u0131 ail\u0259l\u0259rd\u0259n olan 40-a yax\u0131n \u015f\u0259xsin g\u00f6z m\u00fcayin\u0259si t\u0259\u015fkil olunub. M\u00fcayin\u0259l\u0259r \u201cBat\u0131g\u00f6z\u201d klinikas\u0131n\u0131n ixtisasl\u0131 h\u0259kim hey\u0259ti t\u0259r\u0259find\u0259n m\u00fcasir tibbi avadanl\u0131qlar vasit\u0259sil\u0259 y\u00fcks\u0259k d\u0259qiqlikl\u0259 apar\u0131l\u0131b. Pasiyentl\u0259r ilkin diaqnostik yoxlamalardan ke\u00e7irilib, onlar\u0131n g\u00f6rm\u0259 qabiliyy\u0259ti qiym\u0259tl\u0259ndirilib, m\u00fcxt\u0259lif g\u00f6z x\u0259st\u0259likl\u0259rinin olub-olmamas\u0131 ara\u015fd\u0131r\u0131l\u0131b. Eyni zamanda ehtiyac olan \u015f\u0259xsl\u0259r\u0259 \u0259lav\u0259 m\u00fcayin\u0259l\u0259r, m\u00fcalic\u0259 v\u0259 \u0259m\u0259liyyatlarla ba\u011fl\u0131 t\u00f6vsiy\u0259l\u0259r verilib.<\/p>\n<p>T\u0259dbirin sonunda \u00e7\u0131x\u0131\u015f ed\u0259n deputat S\u0259bin\u0259 Salmanova bu sosial aksiyan\u0131n y\u00fcks\u0259k s\u0259viyy\u0259d\u0259 t\u0259\u015fkilin\u0259 g\u00f6r\u0259 \u201cBat\u0131g\u00f6z\u201d klinikas\u0131n\u0131n r\u0259hb\u0259rliyin\u0259 v\u0259 tibbi hey\u0259tin\u0259 t\u0259\u015f\u0259kk\u00fcr\u00fcn\u00fc bildirib.<\/p>\n<p><strong>Cavan\u015fir ABBASLI<\/strong><br \/>\n<strong>Musavat.com<\/strong><\/p>\n<\/div>\n<div>\n<div class=\"form-group\"><img class=\"img-responsive\" src=\"https:\/\/cdn.musavat.com\/news\/images\/Ayten\/WhatsApp%20Image%202026-04-28%20at%2013.56.38.jpeg\" \/><\/div>\n<div class=\"form-group\"><img class=\"img-responsive\" src=\"https:\/\/cdn.musavat.com\/news\/images\/Ayten\/WhatsApp%20Image%202026-04-28%20at%2013.56.37%20%283%29.jpeg\" \/><\/div>\n<div class=\"form-group\"><img class=\"img-responsive\" src=\"https:\/\/cdn.musavat.com\/news\/images\/Ayten\/WhatsApp%20Image%202026-04-28%20at%2013.56.37%20%282%29.jpeg\" \/><\/div>\n<div class=\"form-group\"><img class=\"img-responsive\" src=\"https:\/\/cdn.musavat.com\/news\/images\/Ayten\/WhatsApp%20Image%202026-04-28%20at%2013.56.37%20%281%29.jpeg\" \/><\/div>\n<div class=\"form-group\"><img class=\"img-responsive\" src=\"https:\/\/cdn.musavat.com\/news\/images\/Ayten\/WhatsApp%20Image%202026-04-28%20at%2013.56.37.jpeg\" \/><\/div>\n<div class=\"form-group\"><img class=\"img-responsive\" src=\"https:\/\/cdn.musavat.com\/news\/images\/Ayten\/WhatsApp%20Image%202026-04-28%20at%2013.56.36%20%282%29.jpeg\" \/><\/div>\n<div class=\"form-group\"><img class=\"img-responsive\" src=\"https:\/\/cdn.musavat.com\/news\/images\/Ayten\/WhatsApp%20Image%202026-04-28%20at%2013.56.36%20%281%29.jpeg\" \/><\/div>\n<div class=\"form-group\"><img class=\"img-responsive\" src=\"https:\/\/cdn.musavat.com\/news\/images\/Ayten\/WhatsApp%20Image%202026-04-28%20at%2013.56.36.jpeg\" \/><\/div>\n<div class=\"form-group\"><img class=\"img-responsive\" src=\"https:\/\/cdn.musavat.com\/news\/images\/Ayten\/WhatsApp%20Image%202026-04-28%20at%2013.56.35%20%283%29.jpeg\" \/><\/div>\n<div class=\"form-group\"><img class=\"img-responsive\" src=\"https:\/\/cdn.musavat.com\/news\/images\/Ayten\/WhatsApp%20Image%202026-04-28%20at%2013.56.35%20%282%29.jpeg\" \/><\/div>\n<div class=\"form-group\"><img class=\"img-responsive\" src=\"https:\/\/cdn.musavat.com\/news\/images\/Ayten\/WhatsApp%20Image%202026-04-28%20at%2013.56.35%20%281%29.jpeg\" \/><\/div>\n<div class=\"form-group\"><img class=\"img-responsive\" src=\"https:\/\/cdn.musavat.com\/news\/images\/Ayten\/WhatsApp%20Image%202026-04-28%20at%2013.56.35.jpeg\" \/><\/div>\n<div class=\"form-group\"><img class=\"img-responsive\" src=\"https:\/\/cdn.musavat.com\/news\/images\/Ayten\/WhatsApp%20Image%202026-04-28%20at%2013.56.34%20%282%29.jpeg\" \/><\/div>\n<div class=\"form-group\"><img class=\"img-responsive\" src=\"https:\/\/cdn.musavat.com\/news\/images\/Ayten\/WhatsApp%20Image%202026-04-28%20at%2013.56.34%20%281%29.jpeg\" \/><\/div>\n<div class=\"form-group\"><img class=\"img-responsive\" src=\"https:\/\/cdn.musavat.com\/news\/images\/Ayten\/WhatsApp%20Image%202026-04-28%20at%2013.56.34.jpeg\" \/><\/div>\n<div class=\"form-group\"><img class=\"img-responsive\" src=\"https:\/\/cdn.musavat.com\/news\/images\/Ayten\/WhatsApp%20Image%202026-04-28%20at%2013.56.33%20%281%29.jpeg\" \/><\/div>\n<div class=\"form-group\"><img class=\"img-responsive\" src=\"https:\/\/cdn.musavat.com\/news\/images\/Ayten\/WhatsApp%20Image%202026-04-28%20at%2013.56.33.jpeg\" \/><\/div>\n<\/div>\n","protected":false},"excerpt":{"rendered":"<p>Sumqay\u0131t \u015f\u0259h\u0259rind\u0259 deputat S\u0259bin\u0259 Salmanovan\u0131n t\u0259\u015f\u0259bb\u00fcs\u00fc, Bat\u0131g\u00f6z Klinikas\u0131n\u0131n t\u0259\u015fkilat\u00e7\u0131l\u0131\u011f\u0131 il\u0259 Az\u0259rbaycan\u0131n g\u00f6rk\u0259mli alimi, \u018fm\u0259kdar elm xadimi, tibb elml\u0259ri doktoru, professor, Az\u0259rbaycan Elml\u0259r Akademiyas\u0131n\u0131n h\u0259qiqi \u00fczv\u00fc Z\u0259rif\u0259 xan\u0131m \u018fliyevan\u0131n 103 illiyin\u0259 h\u0259sr olunmu\u015f \u015f\u0259hid ail\u0259l\u0259ri, qazil\u0259r, m\u00fcharib\u0259 i\u015ftirak\u00e7\u0131lar\u0131 v\u0259 azt\u0259minatl\u0131 ail\u0259l\u0259r \u00fc\u00e7\u00fcn g\u00f6z m\u00fcayin\u0259si t\u0259\u015fkil edilib. Musavat.com\u00a0x\u0259b\u0259r verir ki, toplant\u0131da \u0259vv\u0259lc\u0259 Az\u0259rbaycan xalq\u0131n\u0131n \u00dcmummilli Lideri Heyd\u0259r \u018fliyev, g\u00f6rk\u0259mli oftalmoloq-alim, akademik Z\u0259rif\u0259 \u018fliyevan\u0131n v\u0259 V\u0259t\u0259nimizin azadl\u0131\u011f\u0131 u\u011frunda canlar\u0131n\u0131 f\u0259da etmi\u015f \u015f\u0259hidl\u0259rimizin \u0259ziz xatir\u0259si bir d\u0259qiq\u0259lik s\u00fckutla yad edilib. Daha sonra t\u0259dbird\u0259 \u00e7\u0131x\u0131\u015f ed\u0259n deputat S\u0259bin\u0259 Salmanova g\u00f6rk\u0259mli oftalmoloq-alim, akademik Z\u0259rif\u0259 \u018fliyevan\u0131n h\u0259yat&hellip;<\/p>\n","protected":false},"author":2,"featured_media":850044,"comment_status":"closed","ping_status":"closed","sticky":false,"template":"","format":"standard","meta":{"om_disable_all_campaigns":false,"_monsterinsights_skip_tracking":false,"_monsterinsights_sitenote_active":false,"_monsterinsights_sitenote_note":"","_monsterinsights_sitenote_category":0},"categories":[26],"tags":[],"aioseo_notices":[],"gutentor_comment":0,"rttpg_featured_image_url":{"full":["https:\/\/arantv.az\/wp-content\/uploads\/2026\/04\/5c20025d61f2566c0d0bfd0baed2dce9.jpg",870,500,false],"landscape":["https:\/\/arantv.az\/wp-content\/uploads\/2026\/04\/5c20025d61f2566c0d0bfd0baed2dce9.jpg",870,500,false],"portraits":["https:\/\/arantv.az\/wp-content\/uploads\/2026\/04\/5c20025d61f2566c0d0bfd0baed2dce9.jpg",870,500,false],"thumbnail":["https:\/\/arantv.az\/wp-content\/uploads\/2026\/04\/5c20025d61f2566c0d0bfd0baed2dce9-500x280.jpg",500,280,true],"medium":["https:\/\/arantv.az\/wp-content\/uploads\/2026\/04\/5c20025d61f2566c0d0bfd0baed2dce9-635x365.jpg",635,365,true],"large":["https:\/\/arantv.az\/wp-content\/uploads\/2026\/04\/5c20025d61f2566c0d0bfd0baed2dce9-840x483.jpg",640,368,true],"1536x1536":["https:\/\/arantv.az\/wp-content\/uploads\/2026\/04\/5c20025d61f2566c0d0bfd0baed2dce9.jpg",870,500,false],"2048x2048":["https:\/\/arantv.az\/wp-content\/uploads\/2026\/04\/5c20025d61f2566c0d0bfd0baed2dce9.jpg",870,500,false],"post-thumbnail":["https:\/\/arantv.az\/wp-content\/uploads\/2026\/04\/5c20025d61f2566c0d0bfd0baed2dce9-240x172.jpg",240,172,true],"advps-thumb-one":["https:\/\/arantv.az\/wp-content\/uploads\/2026\/04\/5c20025d61f2566c0d0bfd0baed2dce9.jpg",870,500,false]},"rttpg_author":{"display_name":"V\u00fcsal Rafiqo\u011flu","author_link":"https:\/\/arantv.az\/?author=2"},"rttpg_comment":0,"rttpg_category":"<a href=\"https:\/\/arantv.az\/?cat=26\" rel=\"category\">Sosial<\/a>","rttpg_excerpt":"Sumqay\u0131t \u015f\u0259h\u0259rind\u0259 deputat S\u0259bin\u0259 Salmanovan\u0131n t\u0259\u015f\u0259bb\u00fcs\u00fc, Bat\u0131g\u00f6z Klinikas\u0131n\u0131n t\u0259\u015fkilat\u00e7\u0131l\u0131\u011f\u0131 il\u0259 Az\u0259rbaycan\u0131n g\u00f6rk\u0259mli alimi, \u018fm\u0259kdar elm xadimi, tibb elml\u0259ri doktoru, professor, Az\u0259rbaycan Elml\u0259r Akademiyas\u0131n\u0131n h\u0259qiqi \u00fczv\u00fc Z\u0259rif\u0259 xan\u0131m \u018fliyevan\u0131n 103 illiyin\u0259 h\u0259sr olunmu\u015f \u015f\u0259hid ail\u0259l\u0259ri, qazil\u0259r, m\u00fcharib\u0259 i\u015ftirak\u00e7\u0131lar\u0131 v\u0259 azt\u0259minatl\u0131 ail\u0259l\u0259r \u00fc\u00e7\u00fcn g\u00f6z m\u00fcayin\u0259si t\u0259\u015fkil edilib. Musavat.com\u00a0x\u0259b\u0259r verir ki, toplant\u0131da \u0259vv\u0259lc\u0259 Az\u0259rbaycan xalq\u0131n\u0131n \u00dcmummilli Lideri Heyd\u0259r&hellip;","_links":{"self":[{"href":"https:\/\/arantv.az\/index.php?rest_route=\/wp\/v2\/posts\/850043"}],"collection":[{"href":"https:\/\/arantv.az\/index.php?rest_route=\/wp\/v2\/posts"}],"about":[{"href":"https:\/\/arantv.az\/index.php?rest_route=\/wp\/v2\/types\/post"}],"author":[{"embeddable":true,"href":"https:\/\/arantv.az\/index.php?rest_route=\/wp\/v2\/users\/2"}],"replies":[{"embeddable":true,"href":"https:\/\/arantv.az\/index.php?rest_route=%2Fwp%2Fv2%2Fcomments&post=850043"}],"version-history":[{"count":1,"href":"https:\/\/arantv.az\/index.php?rest_route=\/wp\/v2\/posts\/850043\/revisions"}],"predecessor-version":[{"id":850045,"href":"https:\/\/arantv.az\/index.php?rest_route=\/wp\/v2\/posts\/850043\/revisions\/850045"}],"wp:featuredmedia":[{"embeddable":true,"href":"https:\/\/arantv.az\/index.php?rest_route=\/wp\/v2\/media\/850044"}],"wp:attachment":[{"href":"https:\/\/arantv.az\/index.php?rest_route=%2Fwp%2Fv2%2Fmedia&parent=850043"}],"wp:term":[{"taxonomy":"category","embeddable":true,"href":"https:\/\/arantv.az\/index.php?rest_route=%2Fwp%2Fv2%2Fcategories&post=850043"},{"taxonomy":"post_tag","embeddable":true,"href":"https:\/\/arantv.az\/index.php?rest_route=%2Fwp%2Fv2%2Ftags&post=850043"}],"curies":[{"name":"wp","href":"https:\/\/api.w.org\/{rel}","templated":true}]}}