{"id":850069,"date":"2026-04-28T14:33:27","date_gmt":"2026-04-28T10:33:27","guid":{"rendered":"https:\/\/arantv.az\/?p=850069"},"modified":"2026-04-28T14:33:27","modified_gmt":"2026-04-28T10:33:27","slug":"prezident-b%c9%99%c9%99-numay%c9%99nd%c9%99-hey%c9%99tini-q%c9%99bul-etdi-fotolar","status":"publish","type":"post","link":"https:\/\/arantv.az\/?p=850069","title":{"rendered":"Prezident B\u018f\u018f n\u00fcmay\u0259nd\u0259 hey\u0259tini q\u0259bul etdi &#8211; FOTOLAR"},"content":{"rendered":"<p><strong>Prezident \u0130lham \u018fliyev aprelin 28-d\u0259 Q\u0259b\u0259l\u0259d\u0259 Birl\u0259\u015fmi\u015f \u018fr\u0259b \u018fmirlikl\u0259rinin Xarici \u0130\u015fl\u0259r Nazirliyinin D\u00f6vl\u0259t naziri S\u0259id bin M\u00fcbar\u0259k \u018fl-Hacirinin ba\u015f\u00e7\u0131l\u0131q etdiyi n\u00fcmay\u0259nd\u0259 hey\u0259tini q\u0259bul edib.<\/strong><\/p>\n<p><strong>Musavat.com<\/strong>\u00a0x\u0259b\u0259r verir ki, Prezident \u0130lham \u018fliyev strateji t\u0259r\u0259fda\u015fl\u0131\u011fa \u0259saslanan ikit\u0259r\u0259fli \u0259laq\u0259l\u0259rimizin b\u00fct\u00fcn sah\u0259l\u0259rd\u0259 u\u011furla inki\u015faf etdiyini dey\u0259r\u0259k, bu x\u00fcsusda Birl\u0259\u015fmi\u015f \u018fr\u0259b \u018fmirlikl\u0259rinin Prezidenti \u015eeyx M\u0259h\u0259mm\u0259d bin Zayed Al N\u0259hyan il\u0259 dostluq m\u00fcnasib\u0259tl\u0259rin\u0259 toxundu.<\/p>\n<p>D\u00f6vl\u0259t ba\u015f\u00e7\u0131s\u0131 \u00f6z\u00fcn\u00fcn Birl\u0259\u015fmi\u015f \u018fr\u0259b \u018fmirlikl\u0259rin\u0259, \u015eeyx M\u0259h\u0259mm\u0259d bin Zayed Al N\u0259hyan\u0131n is\u0259 Az\u0259rbaycana, o c\u00fcml\u0259d\u0259n Qaraba\u011fa s\u0259f\u0259rl\u0259rini, h\u0259m\u00e7inin bu s\u0259f\u0259rl\u0259r zaman\u0131 apar\u0131lm\u0131\u015f m\u00fczakir\u0259l\u0259ri m\u0259mnunluqla xat\u0131rlad\u0131, b\u00fct\u00fcn bunlar\u0131n \u0259laq\u0259l\u0259rimizin geni\u015fl\u0259ndirilm\u0259sind\u0259 m\u00fch\u00fcm rol oynad\u0131\u011f\u0131n\u0131 vur\u011fulad\u0131.<\/p>\n<p>Prezident \u0130lham \u018fliyev S\u0259id bin M\u00fcbar\u0259k \u018fl-Hacirinin \u00f6lk\u0259miz\u0259 b\u00f6y\u00fck n\u00fcmay\u0259nd\u0259 hey\u0259ti il\u0259 g\u0259ldiyini dey\u0259r\u0259k, bu s\u0259f\u0259rin m\u00fcnasib\u0259tl\u0259rimizin d\u0259rinl\u0259\u015fdirilm\u0259si bax\u0131m\u0131ndan roluna toxundu.<\/p>\n<p>Q\u0259bula g\u00f6r\u0259 minn\u0259tdarl\u0131\u011f\u0131n\u0131 bildir\u0259n S\u0259id bin M\u00fcbar\u0259k \u018fl-Haciri Birl\u0259\u015fmi\u015f \u018fr\u0259b \u018fmirlikl\u0259rinin Prezidenti \u015eeyx M\u0259h\u0259mm\u0259d bin Zayed Al N\u0259hyan\u0131n salamlar\u0131n\u0131 d\u00f6vl\u0259timizin ba\u015f\u00e7\u0131s\u0131na \u00e7atd\u0131rd\u0131.<\/p>\n<p>Az\u0259rbaycan Prezidenti salamlara g\u00f6r\u0259 minn\u0259tdarl\u0131\u011f\u0131n\u0131 bildirdi, onun da salamlar\u0131n\u0131 \u015eeyx M\u0259h\u0259mm\u0259d bin Zayed Al N\u0259hyana \u00e7atd\u0131rma\u011f\u0131 xahi\u015f etdi.<\/p>\n<p>Qonaq d\u00f6vl\u0259timizin ba\u015f\u00e7\u0131s\u0131n\u0131n liderliyi il\u0259 C\u0259nubi Qafqaz regionunda s\u00fclh g\u00fcnd\u0259liyinin ir\u0259li apar\u0131lmas\u0131 prosesind\u0259 \u0259ld\u0259 edilmi\u015f u\u011furlar, h\u0259m\u00e7inin Az\u0259rbaycan il\u0259 Erm\u0259nistan aras\u0131nda s\u00fclh\u00fcn \u0259ld\u0259 olunmas\u0131 v\u0259 dialoqun t\u0259\u015fviqi istiqam\u0259tind\u0259 g\u00f6st\u0259rdiyi s\u0259yl\u0259r\u0259 g\u00f6r\u0259 Az\u0259rbaycan Prezidentinin &#8220;S\u00fclh v\u0259 Bar\u0131\u015f\u0131q \u00fc\u00e7\u00fcn Gernika m\u00fckafat\u0131&#8221;na layiq g\u00f6r\u00fclm\u0259si m\u00fcnasib\u0259til\u0259 t\u0259brikl\u0259rini \u00e7atd\u0131rd\u0131.<\/p>\n<p>T\u0259brikl\u0259r\u0259 g\u00f6r\u0259 t\u0259\u015f\u0259kk\u00fcr ed\u0259n Prezident \u0130lham \u018fliyev Birl\u0259\u015fmi\u015f \u018fr\u0259b \u018fmirlikl\u0259rinin qurucusu, sabiq Prezidenti \u015eeyx Zayed bin Sultan Al N\u0259hyan\u0131n humanitar irsini v\u0259 d\u0259y\u0259rl\u0259rini t\u0259\u015fviq ed\u0259n &#8220;Zayed \u0130nsan Qarda\u015fl\u0131\u011f\u0131 M\u00fckafat\u0131&#8221;na layiq g\u00f6r\u00fclm\u0259sini xat\u0131rlad\u0131 v\u0259 buna g\u00f6r\u0259 Birl\u0259\u015fmi\u015f \u018fr\u0259b \u018fmirlikl\u0259rinin Prezidentin\u0259 bir daha minn\u0259tdarl\u0131\u011f\u0131n\u0131 \u00e7atd\u0131rma\u011f\u0131 qonaqdan xahi\u015f etdi.<\/p>\n<p>G\u00f6r\u00fc\u015fd\u0259 \u00f6lk\u0259l\u0259rimiz aras\u0131nda ikit\u0259r\u0259fli g\u00fcnd\u0259liyin z\u0259ngin oldu\u011fu vur\u011fuland\u0131, siyasi, iqtisadi, ticari, enerji, h\u0259m\u00e7inin b\u0259rpaolunan enerji, birg\u0259 investisiya fondunun f\u0259aliyy\u0259ti, birg\u0259 h\u0259rbi t\u0259liml\u0259r v\u0259 dig\u0259r istiqam\u0259tl\u0259rd\u0259 \u0259m\u0259kda\u015fl\u0131q m\u0259s\u0259l\u0259l\u0259rin\u0259 dair fikir m\u00fcbadil\u0259si apar\u0131ld\u0131.<\/p>\n<p>S\u00f6hb\u0259t zaman\u0131 Yax\u0131n \u015e\u0259rqd\u0259ki v\u0259ziyy\u0259t\u0259 toxunuldu, regiondak\u0131 b\u00fct\u00fcn m\u0259s\u0259l\u0259l\u0259rin diplomatik yolla h\u0259ll edilm\u0259sinin vacibliyi bildirildi.<\/p>\n<div class=\"panel-body news_text\">\n<div><img class=\"img-responsive\" title=\"\" src=\"https:\/\/qafqazinfo.az\/uploads\/1777371794\/17773715741332748532_1200x630.jpeg\" alt=\"\" \/><br \/>\n<img class=\"img-responsive\" title=\"\" src=\"https:\/\/qafqazinfo.az\/uploads\/1777371794\/1777371574497192230_1200x630.jpeg\" alt=\"\" \/><br \/>\n<img class=\"img-responsive\" title=\"\" src=\"https:\/\/qafqazinfo.az\/uploads\/1777371794\/177737157437569324_1200x630.jpeg\" alt=\"\" \/><br \/>\n<img class=\"img-responsive\" title=\"\" src=\"https:\/\/qafqazinfo.az\/uploads\/1777371794\/177737157426087239_1200x630.jpeg\" alt=\"\" \/><br \/>\n<img class=\"img-responsive\" title=\"\" src=\"https:\/\/qafqazinfo.az\/uploads\/1777371794\/1777371574100787188_1200x630.jpeg\" alt=\"\" \/><br \/>\n<img class=\"img-responsive\" title=\"\" src=\"https:\/\/qafqazinfo.az\/uploads\/1777371794\/17773715744892630810_1200x630.jpeg\" alt=\"\" \/><\/div>\n<\/div>\n","protected":false},"excerpt":{"rendered":"<p>Prezident \u0130lham \u018fliyev aprelin 28-d\u0259 Q\u0259b\u0259l\u0259d\u0259 Birl\u0259\u015fmi\u015f \u018fr\u0259b \u018fmirlikl\u0259rinin Xarici \u0130\u015fl\u0259r Nazirliyinin D\u00f6vl\u0259t naziri S\u0259id bin M\u00fcbar\u0259k \u018fl-Hacirinin ba\u015f\u00e7\u0131l\u0131q etdiyi n\u00fcmay\u0259nd\u0259 hey\u0259tini q\u0259bul edib. Musavat.com\u00a0x\u0259b\u0259r verir ki, Prezident \u0130lham \u018fliyev strateji t\u0259r\u0259fda\u015fl\u0131\u011fa \u0259saslanan ikit\u0259r\u0259fli \u0259laq\u0259l\u0259rimizin b\u00fct\u00fcn sah\u0259l\u0259rd\u0259 u\u011furla inki\u015faf etdiyini dey\u0259r\u0259k, bu x\u00fcsusda Birl\u0259\u015fmi\u015f \u018fr\u0259b \u018fmirlikl\u0259rinin Prezidenti \u015eeyx M\u0259h\u0259mm\u0259d bin Zayed Al N\u0259hyan il\u0259 dostluq m\u00fcnasib\u0259tl\u0259rin\u0259 toxundu. D\u00f6vl\u0259t ba\u015f\u00e7\u0131s\u0131 \u00f6z\u00fcn\u00fcn Birl\u0259\u015fmi\u015f \u018fr\u0259b \u018fmirlikl\u0259rin\u0259, \u015eeyx M\u0259h\u0259mm\u0259d bin Zayed Al N\u0259hyan\u0131n is\u0259 Az\u0259rbaycana, o c\u00fcml\u0259d\u0259n Qaraba\u011fa s\u0259f\u0259rl\u0259rini, h\u0259m\u00e7inin bu s\u0259f\u0259rl\u0259r zaman\u0131 apar\u0131lm\u0131\u015f m\u00fczakir\u0259l\u0259ri m\u0259mnunluqla xat\u0131rlad\u0131, b\u00fct\u00fcn bunlar\u0131n \u0259laq\u0259l\u0259rimizin geni\u015fl\u0259ndirilm\u0259sind\u0259 m\u00fch\u00fcm rol oynad\u0131\u011f\u0131n\u0131&hellip;<\/p>\n","protected":false},"author":2,"featured_media":850070,"comment_status":"closed","ping_status":"closed","sticky":false,"template":"","format":"standard","meta":{"om_disable_all_campaigns":false,"_monsterinsights_skip_tracking":false,"_monsterinsights_sitenote_active":false,"_monsterinsights_sitenote_note":"","_monsterinsights_sitenote_category":0},"categories":[4],"tags":[],"aioseo_notices":[],"gutentor_comment":0,"rttpg_featured_image_url":{"full":["https:\/\/arantv.az\/wp-content\/uploads\/2026\/04\/24e7ea64cea1dc0e98aa33931ef6a170.jpg",870,500,false],"landscape":["https:\/\/arantv.az\/wp-content\/uploads\/2026\/04\/24e7ea64cea1dc0e98aa33931ef6a170.jpg",870,500,false],"portraits":["https:\/\/arantv.az\/wp-content\/uploads\/2026\/04\/24e7ea64cea1dc0e98aa33931ef6a170.jpg",870,500,false],"thumbnail":["https:\/\/arantv.az\/wp-content\/uploads\/2026\/04\/24e7ea64cea1dc0e98aa33931ef6a170-500x280.jpg",500,280,true],"medium":["https:\/\/arantv.az\/wp-content\/uploads\/2026\/04\/24e7ea64cea1dc0e98aa33931ef6a170-635x365.jpg",635,365,true],"large":["https:\/\/arantv.az\/wp-content\/uploads\/2026\/04\/24e7ea64cea1dc0e98aa33931ef6a170-840x483.jpg",640,368,true],"1536x1536":["https:\/\/arantv.az\/wp-content\/uploads\/2026\/04\/24e7ea64cea1dc0e98aa33931ef6a170.jpg",870,500,false],"2048x2048":["https:\/\/arantv.az\/wp-content\/uploads\/2026\/04\/24e7ea64cea1dc0e98aa33931ef6a170.jpg",870,500,false],"post-thumbnail":["https:\/\/arantv.az\/wp-content\/uploads\/2026\/04\/24e7ea64cea1dc0e98aa33931ef6a170-240x172.jpg",240,172,true],"advps-thumb-one":["https:\/\/arantv.az\/wp-content\/uploads\/2026\/04\/24e7ea64cea1dc0e98aa33931ef6a170.jpg",870,500,false]},"rttpg_author":{"display_name":"V\u00fcsal Rafiqo\u011flu","author_link":"https:\/\/arantv.az\/?author=2"},"rttpg_comment":0,"rttpg_category":"<a href=\"https:\/\/arantv.az\/?cat=4\" rel=\"category\">Siyas\u0259t<\/a>","rttpg_excerpt":"Prezident \u0130lham \u018fliyev aprelin 28-d\u0259 Q\u0259b\u0259l\u0259d\u0259 Birl\u0259\u015fmi\u015f \u018fr\u0259b \u018fmirlikl\u0259rinin Xarici \u0130\u015fl\u0259r Nazirliyinin D\u00f6vl\u0259t naziri S\u0259id bin M\u00fcbar\u0259k \u018fl-Hacirinin ba\u015f\u00e7\u0131l\u0131q etdiyi n\u00fcmay\u0259nd\u0259 hey\u0259tini q\u0259bul edib. Musavat.com\u00a0x\u0259b\u0259r verir ki, Prezident \u0130lham \u018fliyev strateji t\u0259r\u0259fda\u015fl\u0131\u011fa \u0259saslanan ikit\u0259r\u0259fli \u0259laq\u0259l\u0259rimizin b\u00fct\u00fcn sah\u0259l\u0259rd\u0259 u\u011furla inki\u015faf etdiyini dey\u0259r\u0259k, bu x\u00fcsusda Birl\u0259\u015fmi\u015f \u018fr\u0259b \u018fmirlikl\u0259rinin Prezidenti \u015eeyx M\u0259h\u0259mm\u0259d bin Zayed Al N\u0259hyan il\u0259 dostluq&hellip;","_links":{"self":[{"href":"https:\/\/arantv.az\/index.php?rest_route=\/wp\/v2\/posts\/850069"}],"collection":[{"href":"https:\/\/arantv.az\/index.php?rest_route=\/wp\/v2\/posts"}],"about":[{"href":"https:\/\/arantv.az\/index.php?rest_route=\/wp\/v2\/types\/post"}],"author":[{"embeddable":true,"href":"https:\/\/arantv.az\/index.php?rest_route=\/wp\/v2\/users\/2"}],"replies":[{"embeddable":true,"href":"https:\/\/arantv.az\/index.php?rest_route=%2Fwp%2Fv2%2Fcomments&post=850069"}],"version-history":[{"count":1,"href":"https:\/\/arantv.az\/index.php?rest_route=\/wp\/v2\/posts\/850069\/revisions"}],"predecessor-version":[{"id":850071,"href":"https:\/\/arantv.az\/index.php?rest_route=\/wp\/v2\/posts\/850069\/revisions\/850071"}],"wp:featuredmedia":[{"embeddable":true,"href":"https:\/\/arantv.az\/index.php?rest_route=\/wp\/v2\/media\/850070"}],"wp:attachment":[{"href":"https:\/\/arantv.az\/index.php?rest_route=%2Fwp%2Fv2%2Fmedia&parent=850069"}],"wp:term":[{"taxonomy":"category","embeddable":true,"href":"https:\/\/arantv.az\/index.php?rest_route=%2Fwp%2Fv2%2Fcategories&post=850069"},{"taxonomy":"post_tag","embeddable":true,"href":"https:\/\/arantv.az\/index.php?rest_route=%2Fwp%2Fv2%2Ftags&post=850069"}],"curies":[{"name":"wp","href":"https:\/\/api.w.org\/{rel}","templated":true}]}}