{"id":850072,"date":"2026-04-28T17:05:33","date_gmt":"2026-04-28T13:05:33","guid":{"rendered":"https:\/\/arantv.az\/?p=850072"},"modified":"2026-04-28T17:05:34","modified_gmt":"2026-04-28T13:05:34","slug":"az%c9%99rbaycan-respublikasi-v%c9%99-cex-respublikasi-arasinda-ikit%c9%99r%c9%99fli-munasib%c9%99tl%c9%99r","status":"publish","type":"post","link":"https:\/\/arantv.az\/?p=850072","title":{"rendered":"Az\u0259rbaycan Respublikas\u0131 v\u0259 \u00c7ex Respublikas\u0131 aras\u0131nda ikit\u0259r\u0259fli m\u00fcnasib\u0259tl\u0259r"},"content":{"rendered":"<p>2026-c\u0131 il aprelin 27-d\u0259 \u00c7ex Respublikas\u0131n\u0131n Ba\u015f naziri Andrey Babi\u015fin Az\u0259rbaycana r\u0259smi s\u0259f\u0259ri \u00e7\u0259r\u00e7iv\u0259sind\u0259 Az\u0259rbaycan Respublikas\u0131n\u0131n Prezidenti \u0130lham \u018fliyev v\u0259 \u00c7exiyan\u0131n h\u00f6kum\u0259t ba\u015f\u00e7\u0131s\u0131 Andrey Babi\u015f m\u0259tbuata birg\u0259 b\u0259yanatlarla \u00e7\u0131x\u0131\u015f etdil\u0259r. Bu s\u0259f\u0259r Az\u0259rbaycan il\u0259 \u00c7exiya aras\u0131nda m\u00f6vcud m\u00fcnasib\u0259tl\u0259rin yeni m\u0259rh\u0259l\u0259y\u0259 q\u0259d\u0259m qoydu\u011funu g\u00f6st\u0259r\u0259n m\u00fch\u00fcm diplomatik hadis\u0259 kimi d\u0259y\u0259rl\u0259ndirilir. D\u00f6vl\u0259t ba\u015f\u00e7\u0131s\u0131n\u0131n \u00e7\u0131x\u0131\u015f\u0131nda siyasi dialoq, iqtisadi \u0259m\u0259kda\u015fl\u0131q, enerji t\u0259hl\u00fck\u0259sizliyi, m\u00fcdafi\u0259 s\u0259nayesi v\u0259 qar\u015f\u0131l\u0131ql\u0131 etimad m\u0259s\u0259l\u0259l\u0259ri x\u00fcsusi yer tutdu. Prezident \u0130lham \u018fliyev \u00e7\u0131x\u0131\u015f\u0131nda vur\u011fulad\u0131 ki, Az\u0259rbaycan il\u0259 \u00c7exiya aras\u0131nda m\u00fcnasib\u0259tl\u0259r son ill\u0259rd\u0259 daha da f\u0259alla\u015f\u0131b v\u0259 y\u00fcks\u0259k s\u0259viyy\u0259li qar\u015f\u0131l\u0131ql\u0131 s\u0259f\u0259rl\u0259r bu \u0259laq\u0259l\u0259rin inki\u015faf\u0131na ciddi t\u0259kan verir. Prezident qeyd etdi ki, t\u0259r\u0259fl\u0259r aras\u0131nda siyasi dialoq \u00e7ox f\u0259ald\u0131r v\u0259 bu dialoq t\u0259kc\u0259 ikit\u0259r\u0259fli m\u0259s\u0259l\u0259l\u0259ri deyil, h\u0259m d\u0259 regional v\u0259 beyn\u0259lxalq m\u0259s\u0259l\u0259l\u0259ri \u0259hat\u0259 edir. D\u00f6vl\u0259t ba\u015f\u00e7\u0131s\u0131 bildirdi ki, Davosda ke\u00e7irilmi\u015f ilk g\u00f6r\u00fc\u015fd\u0259n sonra \u0259laq\u0259l\u0259rin intensivl\u0259\u015fm\u0259si t\u0259r\u0259fl\u0259rin \u0259m\u0259kda\u015fl\u0131\u011fa verdiyi \u00f6n\u0259mi g\u00f6st\u0259rir. Bu fikir Az\u0259rbaycan xarici siyas\u0259tinin Avropa istiqam\u0259tind\u0259 ard\u0131c\u0131l v\u0259 praqmatik x\u0259tt \u00fczr\u0259 davam etdiyini n\u00fcmayi\u015f etdirir. B\u0259yanatda iqtisadi \u0259m\u0259kda\u015fl\u0131q x\u00fcsusi diqq\u0259t m\u0259rk\u0259zind\u0259 idi. Prezident \u0130lham \u018fliyev bildirdi ki, iki \u00f6lk\u0259 aras\u0131nda ticar\u0259t d\u00f6vriyy\u0259si art\u0131q 800 milyon AB\u015e dollar\u0131n\u0131 \u00f6t\u00fcb. Bununla bel\u0259, Prezident vur\u011fulad\u0131 ki, m\u00f6vcud ticar\u0259t \u0259sas\u0259n Az\u0259rbaycan\u0131n neft ixrac\u0131 hesab\u0131na formala\u015f\u0131r v\u0259 g\u0259l\u0259c\u0259kd\u0259 daha balansl\u0131 iqtisadi m\u00fcnasib\u0259tl\u0259rin qurulmas\u0131na ehtiyac var. Bu m\u0259qs\u0259dl\u0259 s\u0259naye, k\u0259nd t\u0259s\u0259rr\u00fcfat\u0131, logistika v\u0259 texnologiya sah\u0259l\u0259rind\u0259 yeni layih\u0259l\u0259rin h\u0259yata ke\u00e7irilm\u0259si n\u0259z\u0259rd\u0259 tutulur. Prezidentin s\u00f6zl\u0259rin\u0259 g\u00f6r\u0259, \u00c7exiyadan Az\u0259rbaycana g\u0259l\u0259n i\u015f adamlar\u0131n\u0131n i\u015ftirak\u0131 il\u0259 ke\u00e7iril\u0259n biznes forumu da yeni investisiya imkanlar\u0131n\u0131n m\u00fc\u0259yy\u0259nl\u0259\u015fdirilm\u0259si bax\u0131m\u0131ndan m\u00fch\u00fcm \u0259h\u0259miyy\u0259t da\u015f\u0131y\u0131r. Enerji sah\u0259sind\u0259 \u0259m\u0259kda\u015fl\u0131q Prezidentin \u00e7\u0131x\u0131\u015f\u0131n\u0131n \u0259sas m\u00f6vzular\u0131ndan biri oldu. \u0130lham \u018fliyev qeyd etdi ki, Az\u0259rbaycan bu g\u00fcn Avropan\u0131n enerji t\u0259hl\u00fck\u0259sizliyind\u0259 m\u00fch\u00fcm rol oynay\u0131r v\u0259 \u00f6lk\u0259miz t\u0259bii qaz\u0131n\u0131 art\u0131q 16 \u00f6lk\u0259y\u0259 ixrac edir. Onlardan 10-u Avropa \u0130ttifaq\u0131 \u00fczv\u00fcd\u00fcr. Prezident bildirdi ki, \u00c7exiya da Az\u0259rbaycan\u0131n enerji siyas\u0259tind\u0259 \u00f6n\u0259mli t\u0259r\u0259fda\u015flardan biridir v\u0259 g\u0259l\u0259c\u0259kd\u0259 bu istiqam\u0259td\u0259 \u0259m\u0259kda\u015fl\u0131\u011f\u0131n geni\u015fl\u0259ndirilm\u0259si m\u00fcmk\u00fcnd\u00fcr. Az\u0259rbaycan\u0131n etibarl\u0131 enerji t\u0259r\u0259fda\u015f\u0131 kimi n\u00fcfuzu \u00f6lk\u0259nin beyn\u0259lxalq m\u00f6vqeyini g\u00fccl\u0259ndir\u0259n \u0259sas amill\u0259rd\u0259n biri kimi t\u0259qdim edildi. Prezident \u0130lham \u018fliyev m\u00fcdafi\u0259 s\u0259nayesi sah\u0259sind\u0259 \u0259m\u0259kda\u015fl\u0131q m\u0259s\u0259l\u0259sin\u0259 d\u0259 toxundu. O qeyd etdi ki, Az\u0259rbaycan il\u0259 \u00c7exiya aras\u0131nda uzun ill\u0259rdir bu sah\u0259d\u0259 u\u011furlu t\u0259r\u0259fda\u015fl\u0131q m\u00f6vcuddur. Az\u0259rbaycan \u00c7exiyadan m\u00fcxt\u0259lif h\u0259rbi t\u0259yinatl\u0131 m\u0259hsullar al\u0131r v\u0259 haz\u0131rda birg\u0259 istehsal imkanlar\u0131 da m\u00fczakir\u0259 olunur. D\u00f6vl\u0259t ba\u015f\u00e7\u0131s\u0131 bildirdi ki, Az\u0259rbaycan\u0131n m\u00fcdafi\u0259 s\u0259nayesinin g\u00fccl\u0259ndirilm\u0259si \u00f6lk\u0259nin milli t\u0259hl\u00fck\u0259sizlik strategiyas\u0131n\u0131n vacib hiss\u0259sidir v\u0259 bu sah\u0259d\u0259 \u00c7exiyan\u0131n t\u0259cr\u00fcb\u0259si x\u00fcsusi \u0259h\u0259miyy\u0259t da\u015f\u0131y\u0131r. Bu yana\u015fma g\u00f6st\u0259rir ki, m\u00fcnasib\u0259tl\u0259r yaln\u0131z iqtisadi deyil, h\u0259m d\u0259 strateji xarakter da\u015f\u0131y\u0131r. \u00c7exiyan\u0131n Ba\u015f naziri Andrey Babi\u015f is\u0259 \u00f6z \u00e7\u0131x\u0131\u015f\u0131nda Az\u0259rbaycan\u0131 \u00c7exiya \u00fc\u00e7\u00fcn strateji t\u0259r\u0259fda\u015f adland\u0131rd\u0131. O vur\u011fulad\u0131 ki, Az\u0259rbaycan regionda artan geosiyasi \u0259h\u0259miyy\u0259t\u0259 malikdir v\u0259 beyn\u0259lxalq liderl\u0259rin ard\u0131c\u0131l \u015f\u0259kild\u0259 Bak\u0131ya s\u0259f\u0259r etm\u0259si bunu t\u0259sdiq edir. Ba\u015f nazir qeyd etdi ki, iki \u00f6lk\u0259 aras\u0131ndak\u0131 m\u00fcnasib\u0259tl\u0259r qar\u015f\u0131l\u0131ql\u0131 h\u00f6rm\u0259t v\u0259 dostluq \u00fcz\u0259rind\u0259 qurulub. Bu fikirl\u0259r Az\u0259rbaycan\u0131n beyn\u0259lxalq n\u00fcfuzunun artd\u0131\u011f\u0131n\u0131 v\u0259 Avropa \u00f6lk\u0259l\u0259rinin regiondak\u0131 siyasi prosesl\u0259rd\u0259 Bak\u0131n\u0131n rolunu daha yax\u0131ndan qiym\u0259tl\u0259ndirdiyini g\u00f6st\u0259rir. M\u0259tbuata veril\u0259n b\u0259yanat\u0131n dig\u0259r m\u00fch\u00fcm t\u0259r\u0259fi regional sabitlik v\u0259 t\u0259hl\u00fck\u0259sizlik m\u0259s\u0259l\u0259l\u0259ri idi. Prezident \u0130lham \u018fliyev C\u0259nubi Qafqazda davaml\u0131 s\u00fclh\u00fcn t\u0259min olunmas\u0131n\u0131n vacibliyini vur\u011fulad\u0131 v\u0259 Az\u0259rbaycan\u0131n regionda \u0259m\u0259kda\u015fl\u0131q platformalar\u0131n\u0131n formala\u015fd\u0131r\u0131lmas\u0131nda maraql\u0131 oldu\u011funu bildirdi. O qeyd etdi ki, iqtisadi inki\u015faf v\u0259 t\u0259hl\u00fck\u0259sizlik bir-biri il\u0259 s\u0131x ba\u011fl\u0131d\u0131r v\u0259 beyn\u0259lxalq t\u0259r\u0259fda\u015flarla m\u00fcnasib\u0259tl\u0259r bu bax\u0131mdan x\u00fcsusi \u00f6n\u0259m da\u015f\u0131y\u0131r. Prezidentin bu m\u00f6vqeyi Az\u0259rbaycan\u0131n regionda sabitliyin \u0259sas t\u0259minat\u00e7\u0131lar\u0131ndan biri oldu\u011funu bir daha n\u00fcmayi\u015f etdirdi. Bu s\u0259f\u0259r v\u0259 m\u0259tbuata veril\u0259n b\u0259yanatlar Az\u0259rbaycan-\u00c7exiya m\u00fcnasib\u0259tl\u0259rinin yeni inki\u015faf m\u0259rh\u0259l\u0259sin\u0259 daxil oldu\u011funu g\u00f6st\u0259rir. Prezident \u0130lham \u018fliyevin \u00e7\u0131x\u0131\u015f\u0131 bir daha n\u00fcmayi\u015f etdirdi ki, Az\u0259rbaycan \u00f6z xarici siyas\u0259tind\u0259 qar\u015f\u0131l\u0131ql\u0131 faydal\u0131 \u0259m\u0259kda\u015fl\u0131q modelin\u0259 \u00fcst\u00fcnl\u00fck verir. \u0130kit\u0259r\u0259fli m\u00fcnasib\u0259tl\u0259rin enerji, iqtisadiyyat, m\u00fcdafi\u0259 v\u0259 siyasi dialoq sah\u0259l\u0259rind\u0259 d\u0259rinl\u0259\u015fm\u0259si g\u0259l\u0259c\u0259kd\u0259 h\u0259r iki \u00f6lk\u0259 \u00fc\u00e7\u00fcn yeni imkanlar yarada bil\u0259r. Bu bax\u0131mdan 27 aprel 2026-c\u0131 il tarixli g\u00f6r\u00fc\u015f Az\u0259rbaycan diplomatiyas\u0131n\u0131n Avropa istiqam\u0259tind\u0259 n\u00f6vb\u0259ti m\u00fch\u00fcm add\u0131mlar\u0131ndan biri kimi qiym\u0259tl\u0259ndiril\u0259 bil\u0259r.<\/p>\n","protected":false},"excerpt":{"rendered":"<p>2026-c\u0131 il aprelin 27-d\u0259 \u00c7ex Respublikas\u0131n\u0131n Ba\u015f naziri Andrey Babi\u015fin Az\u0259rbaycana r\u0259smi s\u0259f\u0259ri \u00e7\u0259r\u00e7iv\u0259sind\u0259 Az\u0259rbaycan Respublikas\u0131n\u0131n Prezidenti \u0130lham \u018fliyev v\u0259 \u00c7exiyan\u0131n h\u00f6kum\u0259t ba\u015f\u00e7\u0131s\u0131 Andrey Babi\u015f m\u0259tbuata birg\u0259 b\u0259yanatlarla \u00e7\u0131x\u0131\u015f etdil\u0259r. Bu s\u0259f\u0259r Az\u0259rbaycan il\u0259 \u00c7exiya aras\u0131nda m\u00f6vcud m\u00fcnasib\u0259tl\u0259rin yeni m\u0259rh\u0259l\u0259y\u0259 q\u0259d\u0259m qoydu\u011funu g\u00f6st\u0259r\u0259n m\u00fch\u00fcm diplomatik hadis\u0259 kimi d\u0259y\u0259rl\u0259ndirilir. D\u00f6vl\u0259t ba\u015f\u00e7\u0131s\u0131n\u0131n \u00e7\u0131x\u0131\u015f\u0131nda siyasi dialoq, iqtisadi \u0259m\u0259kda\u015fl\u0131q, enerji t\u0259hl\u00fck\u0259sizliyi, m\u00fcdafi\u0259 s\u0259nayesi v\u0259 qar\u015f\u0131l\u0131ql\u0131 etimad m\u0259s\u0259l\u0259l\u0259ri x\u00fcsusi yer tutdu. Prezident \u0130lham \u018fliyev \u00e7\u0131x\u0131\u015f\u0131nda vur\u011fulad\u0131 ki, Az\u0259rbaycan il\u0259 \u00c7exiya aras\u0131nda m\u00fcnasib\u0259tl\u0259r son ill\u0259rd\u0259 daha da f\u0259alla\u015f\u0131b v\u0259 y\u00fcks\u0259k s\u0259viyy\u0259li qar\u015f\u0131l\u0131ql\u0131 s\u0259f\u0259rl\u0259r bu \u0259laq\u0259l\u0259rin inki\u015faf\u0131na&hellip;<\/p>\n","protected":false},"author":2,"featured_media":850073,"comment_status":"closed","ping_status":"closed","sticky":false,"template":"","format":"standard","meta":{"om_disable_all_campaigns":false,"_monsterinsights_skip_tracking":false,"_monsterinsights_sitenote_active":false,"_monsterinsights_sitenote_note":"","_monsterinsights_sitenote_category":0},"categories":[2],"tags":[],"aioseo_notices":[],"gutentor_comment":0,"rttpg_featured_image_url":{"full":["https:\/\/arantv.az\/wp-content\/uploads\/2026\/04\/681229553_925399243788090_793808883904243310_n.jpg",1200,832,false],"landscape":["https:\/\/arantv.az\/wp-content\/uploads\/2026\/04\/681229553_925399243788090_793808883904243310_n.jpg",1200,832,false],"portraits":["https:\/\/arantv.az\/wp-content\/uploads\/2026\/04\/681229553_925399243788090_793808883904243310_n.jpg",1200,832,false],"thumbnail":["https:\/\/arantv.az\/wp-content\/uploads\/2026\/04\/681229553_925399243788090_793808883904243310_n-500x280.jpg",500,280,true],"medium":["https:\/\/arantv.az\/wp-content\/uploads\/2026\/04\/681229553_925399243788090_793808883904243310_n-526x365.jpg",526,365,true],"large":["https:\/\/arantv.az\/wp-content\/uploads\/2026\/04\/681229553_925399243788090_793808883904243310_n-840x582.jpg",640,443,true],"1536x1536":["https:\/\/arantv.az\/wp-content\/uploads\/2026\/04\/681229553_925399243788090_793808883904243310_n.jpg",1200,832,false],"2048x2048":["https:\/\/arantv.az\/wp-content\/uploads\/2026\/04\/681229553_925399243788090_793808883904243310_n.jpg",1200,832,false],"post-thumbnail":["https:\/\/arantv.az\/wp-content\/uploads\/2026\/04\/681229553_925399243788090_793808883904243310_n-240x172.jpg",240,172,true],"advps-thumb-one":["https:\/\/arantv.az\/wp-content\/uploads\/2026\/04\/681229553_925399243788090_793808883904243310_n-1200x620.jpg",1200,620,true]},"rttpg_author":{"display_name":"V\u00fcsal Rafiqo\u011flu","author_link":"https:\/\/arantv.az\/?author=2"},"rttpg_comment":0,"rttpg_category":"<a href=\"https:\/\/arantv.az\/?cat=2\" rel=\"category\">Region X\u0259b\u0259rl\u0259ri<\/a>","rttpg_excerpt":"2026-c\u0131 il aprelin 27-d\u0259 \u00c7ex Respublikas\u0131n\u0131n Ba\u015f naziri Andrey Babi\u015fin Az\u0259rbaycana r\u0259smi s\u0259f\u0259ri \u00e7\u0259r\u00e7iv\u0259sind\u0259 Az\u0259rbaycan Respublikas\u0131n\u0131n Prezidenti \u0130lham \u018fliyev v\u0259 \u00c7exiyan\u0131n h\u00f6kum\u0259t ba\u015f\u00e7\u0131s\u0131 Andrey Babi\u015f m\u0259tbuata birg\u0259 b\u0259yanatlarla \u00e7\u0131x\u0131\u015f etdil\u0259r. Bu s\u0259f\u0259r Az\u0259rbaycan il\u0259 \u00c7exiya aras\u0131nda m\u00f6vcud m\u00fcnasib\u0259tl\u0259rin yeni m\u0259rh\u0259l\u0259y\u0259 q\u0259d\u0259m qoydu\u011funu g\u00f6st\u0259r\u0259n m\u00fch\u00fcm diplomatik hadis\u0259 kimi d\u0259y\u0259rl\u0259ndirilir. D\u00f6vl\u0259t ba\u015f\u00e7\u0131s\u0131n\u0131n \u00e7\u0131x\u0131\u015f\u0131nda siyasi dialoq, iqtisadi \u0259m\u0259kda\u015fl\u0131q,&hellip;","_links":{"self":[{"href":"https:\/\/arantv.az\/index.php?rest_route=\/wp\/v2\/posts\/850072"}],"collection":[{"href":"https:\/\/arantv.az\/index.php?rest_route=\/wp\/v2\/posts"}],"about":[{"href":"https:\/\/arantv.az\/index.php?rest_route=\/wp\/v2\/types\/post"}],"author":[{"embeddable":true,"href":"https:\/\/arantv.az\/index.php?rest_route=\/wp\/v2\/users\/2"}],"replies":[{"embeddable":true,"href":"https:\/\/arantv.az\/index.php?rest_route=%2Fwp%2Fv2%2Fcomments&post=850072"}],"version-history":[{"count":1,"href":"https:\/\/arantv.az\/index.php?rest_route=\/wp\/v2\/posts\/850072\/revisions"}],"predecessor-version":[{"id":850074,"href":"https:\/\/arantv.az\/index.php?rest_route=\/wp\/v2\/posts\/850072\/revisions\/850074"}],"wp:featuredmedia":[{"embeddable":true,"href":"https:\/\/arantv.az\/index.php?rest_route=\/wp\/v2\/media\/850073"}],"wp:attachment":[{"href":"https:\/\/arantv.az\/index.php?rest_route=%2Fwp%2Fv2%2Fmedia&parent=850072"}],"wp:term":[{"taxonomy":"category","embeddable":true,"href":"https:\/\/arantv.az\/index.php?rest_route=%2Fwp%2Fv2%2Fcategories&post=850072"},{"taxonomy":"post_tag","embeddable":true,"href":"https:\/\/arantv.az\/index.php?rest_route=%2Fwp%2Fv2%2Ftags&post=850072"}],"curies":[{"name":"wp","href":"https:\/\/api.w.org\/{rel}","templated":true}]}}