{"id":850092,"date":"2026-04-28T17:44:33","date_gmt":"2026-04-28T13:44:33","guid":{"rendered":"https:\/\/arantv.az\/?p=850092"},"modified":"2026-04-28T17:44:33","modified_gmt":"2026-04-28T13:44:33","slug":"agcab%c9%99did%c9%99-agir-q%c9%99za-ol%c9%99n-var-2","status":"publish","type":"post","link":"https:\/\/arantv.az\/?p=850092","title":{"rendered":"A\u011fcab\u0259did\u0259 a\u011f\u0131r q\u0259za &#8211; \u00d6l\u0259n var"},"content":{"rendered":"<p>A\u011fcab\u0259di rayonunda piyadan\u0131n \u00f6l\u00fcm\u00fc il\u0259 n\u0259tic\u0259l\u0259n\u0259n yol-n\u0259qliyyat hadis\u0259si ba\u015f verib.<\/p>\n<p>Hadis\u0259 rayonun Qarav\u0259lli k\u0259ndind\u0259 qeyd\u0259 al\u0131n\u0131b.<\/p>\n<p>K\u0259nd sakini, 1969-cu il t\u0259v\u0259ll\u00fcd\u00fc L\u0259tif Qarya\u011fd\u0131 o\u011flu Na\u011f\u0131yev s\u0259h\u0259r saatlar\u0131nda i\u015f\u0259 getm\u0259k \u00fc\u00e7\u00fcn Ming\u0259\u00e7evir-B\u0259hr\u0259mt\u0259p\u0259 magistral yolunun k\u0259nar\u0131nda mar\u015frut avtobusunu g\u00f6zl\u0259y\u0259rk\u0259n V\u0259li N\u00fcsr\u0259tlinin idar\u0259 etdiyi &#8220;Toyota Prius&#8221; markal\u0131 avtomobil onu vurub. Piyada ald\u0131\u011f\u0131 x\u0259sar\u0259tl\u0259rd\u0259n hadis\u0259 yerind\u0259 \u00f6l\u00fcb.<\/p>\n<p>Faktla ba\u011fl\u0131 ara\u015fd\u0131rma apar\u0131l\u0131r.<\/p>\n","protected":false},"excerpt":{"rendered":"<p>A\u011fcab\u0259di rayonunda piyadan\u0131n \u00f6l\u00fcm\u00fc il\u0259 n\u0259tic\u0259l\u0259n\u0259n yol-n\u0259qliyyat hadis\u0259si ba\u015f verib. Hadis\u0259 rayonun Qarav\u0259lli k\u0259ndind\u0259 qeyd\u0259 al\u0131n\u0131b. K\u0259nd sakini, 1969-cu il t\u0259v\u0259ll\u00fcd\u00fc L\u0259tif Qarya\u011fd\u0131 o\u011flu Na\u011f\u0131yev s\u0259h\u0259r saatlar\u0131nda i\u015f\u0259 getm\u0259k \u00fc\u00e7\u00fcn Ming\u0259\u00e7evir-B\u0259hr\u0259mt\u0259p\u0259 magistral yolunun k\u0259nar\u0131nda mar\u015frut avtobusunu g\u00f6zl\u0259y\u0259rk\u0259n V\u0259li N\u00fcsr\u0259tlinin idar\u0259 etdiyi &#8220;Toyota Prius&#8221; markal\u0131 avtomobil onu vurub. Piyada ald\u0131\u011f\u0131 x\u0259sar\u0259tl\u0259rd\u0259n hadis\u0259 yerind\u0259 \u00f6l\u00fcb. Faktla ba\u011fl\u0131 ara\u015fd\u0131rma apar\u0131l\u0131r.<\/p>\n","protected":false},"author":2,"featured_media":850093,"comment_status":"closed","ping_status":"closed","sticky":false,"template":"","format":"standard","meta":{"om_disable_all_campaigns":false,"_monsterinsights_skip_tracking":false,"_monsterinsights_sitenote_active":false,"_monsterinsights_sitenote_note":"","_monsterinsights_sitenote_category":0},"categories":[5],"tags":[],"aioseo_notices":[],"gutentor_comment":0,"rttpg_featured_image_url":{"full":["https:\/\/arantv.az\/wp-content\/uploads\/2026\/04\/6ea098c98eb5524dba0b99c769c181a6.jpg",825,500,false],"landscape":["https:\/\/arantv.az\/wp-content\/uploads\/2026\/04\/6ea098c98eb5524dba0b99c769c181a6.jpg",825,500,false],"portraits":["https:\/\/arantv.az\/wp-content\/uploads\/2026\/04\/6ea098c98eb5524dba0b99c769c181a6.jpg",825,500,false],"thumbnail":["https:\/\/arantv.az\/wp-content\/uploads\/2026\/04\/6ea098c98eb5524dba0b99c769c181a6-500x280.jpg",500,280,true],"medium":["https:\/\/arantv.az\/wp-content\/uploads\/2026\/04\/6ea098c98eb5524dba0b99c769c181a6-602x365.jpg",602,365,true],"large":["https:\/\/arantv.az\/wp-content\/uploads\/2026\/04\/6ea098c98eb5524dba0b99c769c181a6.jpg",640,388,false],"1536x1536":["https:\/\/arantv.az\/wp-content\/uploads\/2026\/04\/6ea098c98eb5524dba0b99c769c181a6.jpg",825,500,false],"2048x2048":["https:\/\/arantv.az\/wp-content\/uploads\/2026\/04\/6ea098c98eb5524dba0b99c769c181a6.jpg",825,500,false],"post-thumbnail":["https:\/\/arantv.az\/wp-content\/uploads\/2026\/04\/6ea098c98eb5524dba0b99c769c181a6-240x172.jpg",240,172,true],"advps-thumb-one":["https:\/\/arantv.az\/wp-content\/uploads\/2026\/04\/6ea098c98eb5524dba0b99c769c181a6.jpg",825,500,false]},"rttpg_author":{"display_name":"V\u00fcsal Rafiqo\u011flu","author_link":"https:\/\/arantv.az\/?author=2"},"rttpg_comment":0,"rttpg_category":"<a href=\"https:\/\/arantv.az\/?cat=5\" rel=\"category\">Hadis\u0259<\/a>","rttpg_excerpt":"A\u011fcab\u0259di rayonunda piyadan\u0131n \u00f6l\u00fcm\u00fc il\u0259 n\u0259tic\u0259l\u0259n\u0259n yol-n\u0259qliyyat hadis\u0259si ba\u015f verib. Hadis\u0259 rayonun Qarav\u0259lli k\u0259ndind\u0259 qeyd\u0259 al\u0131n\u0131b. K\u0259nd sakini, 1969-cu il t\u0259v\u0259ll\u00fcd\u00fc L\u0259tif Qarya\u011fd\u0131 o\u011flu Na\u011f\u0131yev s\u0259h\u0259r saatlar\u0131nda i\u015f\u0259 getm\u0259k \u00fc\u00e7\u00fcn Ming\u0259\u00e7evir-B\u0259hr\u0259mt\u0259p\u0259 magistral yolunun k\u0259nar\u0131nda mar\u015frut avtobusunu g\u00f6zl\u0259y\u0259rk\u0259n V\u0259li N\u00fcsr\u0259tlinin idar\u0259 etdiyi &#8220;Toyota Prius&#8221; markal\u0131 avtomobil onu vurub. Piyada ald\u0131\u011f\u0131 x\u0259sar\u0259tl\u0259rd\u0259n hadis\u0259 yerind\u0259 \u00f6l\u00fcb. Faktla ba\u011fl\u0131&hellip;","_links":{"self":[{"href":"https:\/\/arantv.az\/index.php?rest_route=\/wp\/v2\/posts\/850092"}],"collection":[{"href":"https:\/\/arantv.az\/index.php?rest_route=\/wp\/v2\/posts"}],"about":[{"href":"https:\/\/arantv.az\/index.php?rest_route=\/wp\/v2\/types\/post"}],"author":[{"embeddable":true,"href":"https:\/\/arantv.az\/index.php?rest_route=\/wp\/v2\/users\/2"}],"replies":[{"embeddable":true,"href":"https:\/\/arantv.az\/index.php?rest_route=%2Fwp%2Fv2%2Fcomments&post=850092"}],"version-history":[{"count":2,"href":"https:\/\/arantv.az\/index.php?rest_route=\/wp\/v2\/posts\/850092\/revisions"}],"predecessor-version":[{"id":850095,"href":"https:\/\/arantv.az\/index.php?rest_route=\/wp\/v2\/posts\/850092\/revisions\/850095"}],"wp:featuredmedia":[{"embeddable":true,"href":"https:\/\/arantv.az\/index.php?rest_route=\/wp\/v2\/media\/850093"}],"wp:attachment":[{"href":"https:\/\/arantv.az\/index.php?rest_route=%2Fwp%2Fv2%2Fmedia&parent=850092"}],"wp:term":[{"taxonomy":"category","embeddable":true,"href":"https:\/\/arantv.az\/index.php?rest_route=%2Fwp%2Fv2%2Fcategories&post=850092"},{"taxonomy":"post_tag","embeddable":true,"href":"https:\/\/arantv.az\/index.php?rest_route=%2Fwp%2Fv2%2Ftags&post=850092"}],"curies":[{"name":"wp","href":"https:\/\/api.w.org\/{rel}","templated":true}]}}