{"id":850096,"date":"2026-04-28T17:52:30","date_gmt":"2026-04-28T13:52:30","guid":{"rendered":"https:\/\/arantv.az\/?p=850096"},"modified":"2026-04-28T17:52:30","modified_gmt":"2026-04-28T13:52:30","slug":"bu-adlari-usaqlara-qoymaq-duzgun-deyil","status":"publish","type":"post","link":"https:\/\/arantv.az\/?p=850096","title":{"rendered":"Bu adlar\u0131 u\u015faqlara qoymaq d\u00fczg\u00fcn deyil"},"content":{"rendered":"<p>&#8220;U\u015faqlara qoyulan adlar t\u0259hqiramiz formada deyils\u0259, buna m\u00fcdaxil\u0259 etm\u0259k d\u00fczg\u00fcn deyil. Bu, valideynl\u0259rin h\u00fcququnu m\u0259hdudla\u015fd\u0131rmaq dem\u0259kdir. Az\u0259rbaycan elminin min c\u00fcr d\u0259rdi var. Bu adam professordursa, qoy h\u0259min d\u0259rdl\u0259rl\u0259 m\u0259\u015f\u011ful olsun. N\u0259 \u00fc\u00e7\u00fcn insanlar\u0131n h\u00fcquqlar\u0131n\u0131 m\u0259hdudla\u015fd\u0131rmaq bar\u0259d\u0259 d\u00fc\u015f\u00fcn\u00fcr?!&#8221;<\/p>\n<p><strong>Musavat.com\u00a0<\/strong>x\u0259b\u0259r verir ki, bunu &#8220;Yeni Sabah&#8221;a \u015f\u0259rq\u015f\u00fcnas Z\u0259rd\u00fc\u015ft \u018flizad\u0259 deyib.<\/p>\n<p>O, AMEA Dil\u00e7ilik \u0130nstitutunun ba\u015f direktoru Nadir M\u0259mm\u0259dlinin b\u0259zi adlar\u0131n t\u0259hqiramiz m\u0259na da\u015f\u0131mas\u0131 bar\u0259d\u0259 iddias\u0131n\u0131 cavabland\u0131r\u0131b.<\/p>\n<p>Z.\u018flizad\u0259 d\u0259 u\u015faqlara b\u0259zi adlar\u0131n verilm\u0259sinin t\u0259r\u0259fdar\u0131 olmad\u0131\u011f\u0131n\u0131 bildirib:<\/p>\n<p>&#8220;Kin&#8221;, &#8220;yalan&#8221; m\u0259nas\u0131 vers\u0259 d\u0259, haz\u0131rda T\u00fck\u0259zan ad\u0131 \u00e7ox da istifad\u0259 olunmur. \u018ffqan da normal, bir xal\u0131q\u0131n, q\u0259bil\u0259nin ad\u0131d\u0131r. Bunun n\u0259yi pisdir?! Camaat \u00f6z\u00fcn\u0259 m\u0259\u015f\u011fuliyy\u0259t tapm\u0131r?!<\/p>\n<p>Vaxtil\u0259 K\u0259lb\u0259li ad\u0131 var idi. M\u0259nas\u0131 &#8220;\u018flinin iti&#8221; dem\u0259kdir. Bu ad m\u0259nc\u0259, yax\u015f\u0131 s\u0259sl\u0259nmir. Lakin el\u0259 insan da ola bil\u0259r ki, \u0130mam \u018flinin p\u0259r\u0259sti\u015fkar\u0131 olub v\u0259 onun \u00fc\u00e7\u00fcn \u00f6vlad\u0131na bu ad\u0131 verm\u0259k xo\u015fdur. Lakin o adla ya\u015fayan adam \u00fc\u00e7\u00fcn zaman, \u015f\u0259rait, inanc, etiqad d\u0259yi\u015f\u0259nd\u0259, situasiya da d\u0259yi\u015fir. Bu ad\u0131 \u015f\u0259xs\u0259n b\u0259y\u0259nmir\u0259m. Kim\u0259s\u0259 qoyulmas\u0131n\u0131n da t\u0259r\u0259fdar\u0131 deyil\u0259m. Lakin bunun \u00fc\u00e7\u00fcn hans\u0131sa h\u00fcquqi qayda t\u0259rtib etm\u0259zdim.<\/p>\n<p>\u00dcmumiyy\u0259tl\u0259, sovet d\u00f6vr\u00fcnd\u0259 u\u015faqlara Direktor, Kolxoz, Meyxo\u015f, S\u0259rxo\u015f tipli adlar qoyulurdu. B\u00fct\u00fcn bunlar da qada\u011fan olunmal\u0131 deyil. Sad\u0259c\u0259 camaat\u0131 ba\u015fa salmaq laz\u0131md\u0131r ki, bu adlar\u0131n s\u0259sl\u0259nm\u0259si v\u0259 m\u0259nas\u0131 xo\u015f deyil&#8221;.<\/p>\n<p>Z.\u018flizad\u0259 qeyd edib ki, insana ad ver\u0259rk\u0259n ilkin olaraq onun m\u0259nas\u0131n\u0131 n\u0259z\u0259r\u0259 almaq laz\u0131md\u0131r:<\/p>\n<p>&#8220;Bizd\u0259 dini adlara \u00fcst\u00fcnl\u00fck ver\u0259n insanlar da \u00e7oxdur. \u0130sa, M\u0259h\u0259mm\u0259d, \u018fli, Rza tipli adlar geni\u015f yay\u0131l\u0131b. Do\u011frudur, bu insanlar\u0131n \u00f6z se\u00e7iml\u0259ridir. M\u0259s\u0259l\u0259n, \u0130randa Qulam ad\u0131 geni\u015f yay\u0131l\u0131b. M\u0259nas\u0131 &#8220;u\u015faq&#8221;, &#8220;bala&#8221; dem\u0259kdir. Add\u0131r da se\u00e7irl\u0259r. Ona g\u00f6r\u0259 d\u0259 burada \u0259sas m\u0259qam b\u00fct\u00fcn adlar\u0131n m\u0259nas\u0131n\u0131 d\u0259rk etm\u0259k v\u0259 ba\u015fa salmaqdan ibar\u0259tdir. Do\u011frudur, 18 ya\u015f\u0131n olanda ad\u0131n\u0131 d\u0259yi\u015f\u0259 bilirs\u0259n. Lakin yen\u0259 d\u0259 \u00e7oxluq bel\u0259 \u015feyl\u0259r\u0259 diqq\u0259t etmir.<\/p>\n<p>Bayaq dediyim kimi, S\u0259rxo\u015f ad\u0131ndan da istifad\u0259 ed\u0259nl\u0259r var. &#8220;S\u0259r&#8221; ba\u015f dem\u0259kdir, &#8220;xo\u015f&#8221; da el\u0259 xo\u015f m\u0259nas\u0131n\u0131 verir. Lakin S\u0259rxo\u015f birl\u0259\u015f\u0259nd\u0259 m\u0259nas\u0131 yax\u015f\u0131 \u00e7\u0131xm\u0131r. \u0130\u00e7ki d\u00fc\u015fk\u00fcn\u00fc kimi ba\u015fa d\u00fc\u015f\u00fcl\u00fcr. \u0130nsanlar \u00e7oxu savads\u0131zl\u0131qdan bu c\u00fcr adlar\u0131 se\u00e7ir.<\/p>\n<p>Kims\u0259 m\u0259n\u0259 adla ba\u011fl\u0131 m\u00fcraci\u0259t ed\u0259nd\u0259 onlara ilkin olaraq m\u0259nas\u0131n\u0131 ba\u015fa sal\u0131ram. Sonra bildirir\u0259m ki, bu s\u00f6z\u00fcn m\u0259nas\u0131 yax\u015f\u0131 deyil. \u0130st\u0259yirsiz qoyun, ist\u0259mirsiz qoymay\u0131n&#8221;.<\/p>\n<p>Xat\u0131rlatma: AMEA Dil\u00e7ilik \u0130nstitutunun ba\u015f direktoru, Terminologiya Komissiyas\u0131 n\u0259zdind\u0259 \u015e\u0259xs Adlar\u0131 Komissiyas\u0131n\u0131n s\u0259dri, professor Nadir M\u0259mm\u0259dli bildirib ki, F\u0259qan, \u018ffqan, \u018fjd\u0259r tipli adlar\u0131n m\u0259nas\u0131 pisdir. Onun fikrinc\u0259, bu adlar\u0131 u\u015faqlara qoymaq m\u0259sl\u0259h\u0259t deyil.<\/p>\n","protected":false},"excerpt":{"rendered":"<p>&#8220;U\u015faqlara qoyulan adlar t\u0259hqiramiz formada deyils\u0259, buna m\u00fcdaxil\u0259 etm\u0259k d\u00fczg\u00fcn deyil. Bu, valideynl\u0259rin h\u00fcququnu m\u0259hdudla\u015fd\u0131rmaq dem\u0259kdir. Az\u0259rbaycan elminin min c\u00fcr d\u0259rdi var. Bu adam professordursa, qoy h\u0259min d\u0259rdl\u0259rl\u0259 m\u0259\u015f\u011ful olsun. N\u0259 \u00fc\u00e7\u00fcn insanlar\u0131n h\u00fcquqlar\u0131n\u0131 m\u0259hdudla\u015fd\u0131rmaq bar\u0259d\u0259 d\u00fc\u015f\u00fcn\u00fcr?!&#8221; Musavat.com\u00a0x\u0259b\u0259r verir ki, bunu &#8220;Yeni Sabah&#8221;a \u015f\u0259rq\u015f\u00fcnas Z\u0259rd\u00fc\u015ft \u018flizad\u0259 deyib. O, AMEA Dil\u00e7ilik \u0130nstitutunun ba\u015f direktoru Nadir M\u0259mm\u0259dlinin b\u0259zi adlar\u0131n t\u0259hqiramiz m\u0259na da\u015f\u0131mas\u0131 bar\u0259d\u0259 iddias\u0131n\u0131 cavabland\u0131r\u0131b. Z.\u018flizad\u0259 d\u0259 u\u015faqlara b\u0259zi adlar\u0131n verilm\u0259sinin t\u0259r\u0259fdar\u0131 olmad\u0131\u011f\u0131n\u0131 bildirib: &#8220;Kin&#8221;, &#8220;yalan&#8221; m\u0259nas\u0131 vers\u0259 d\u0259, haz\u0131rda T\u00fck\u0259zan ad\u0131 \u00e7ox da istifad\u0259 olunmur. \u018ffqan da normal, bir xal\u0131q\u0131n, q\u0259bil\u0259nin&hellip;<\/p>\n","protected":false},"author":2,"featured_media":850097,"comment_status":"closed","ping_status":"closed","sticky":false,"template":"","format":"standard","meta":{"om_disable_all_campaigns":false,"_monsterinsights_skip_tracking":false,"_monsterinsights_sitenote_active":false,"_monsterinsights_sitenote_note":"","_monsterinsights_sitenote_category":0},"categories":[1],"tags":[],"aioseo_notices":[],"gutentor_comment":0,"rttpg_featured_image_url":{"full":["https:\/\/arantv.az\/wp-content\/uploads\/2026\/04\/aca0555fe3615186bac54c9b6043a54f.jpg",870,500,false],"landscape":["https:\/\/arantv.az\/wp-content\/uploads\/2026\/04\/aca0555fe3615186bac54c9b6043a54f.jpg",870,500,false],"portraits":["https:\/\/arantv.az\/wp-content\/uploads\/2026\/04\/aca0555fe3615186bac54c9b6043a54f.jpg",870,500,false],"thumbnail":["https:\/\/arantv.az\/wp-content\/uploads\/2026\/04\/aca0555fe3615186bac54c9b6043a54f-500x280.jpg",500,280,true],"medium":["https:\/\/arantv.az\/wp-content\/uploads\/2026\/04\/aca0555fe3615186bac54c9b6043a54f-635x365.jpg",635,365,true],"large":["https:\/\/arantv.az\/wp-content\/uploads\/2026\/04\/aca0555fe3615186bac54c9b6043a54f-840x483.jpg",640,368,true],"1536x1536":["https:\/\/arantv.az\/wp-content\/uploads\/2026\/04\/aca0555fe3615186bac54c9b6043a54f.jpg",870,500,false],"2048x2048":["https:\/\/arantv.az\/wp-content\/uploads\/2026\/04\/aca0555fe3615186bac54c9b6043a54f.jpg",870,500,false],"post-thumbnail":["https:\/\/arantv.az\/wp-content\/uploads\/2026\/04\/aca0555fe3615186bac54c9b6043a54f-240x172.jpg",240,172,true],"advps-thumb-one":["https:\/\/arantv.az\/wp-content\/uploads\/2026\/04\/aca0555fe3615186bac54c9b6043a54f.jpg",870,500,false]},"rttpg_author":{"display_name":"V\u00fcsal Rafiqo\u011flu","author_link":"https:\/\/arantv.az\/?author=2"},"rttpg_comment":0,"rttpg_category":"<a href=\"https:\/\/arantv.az\/?cat=1\" rel=\"category\">C\u0259miyy\u0259t<\/a>","rttpg_excerpt":"&#8220;U\u015faqlara qoyulan adlar t\u0259hqiramiz formada deyils\u0259, buna m\u00fcdaxil\u0259 etm\u0259k d\u00fczg\u00fcn deyil. Bu, valideynl\u0259rin h\u00fcququnu m\u0259hdudla\u015fd\u0131rmaq dem\u0259kdir. Az\u0259rbaycan elminin min c\u00fcr d\u0259rdi var. Bu adam professordursa, qoy h\u0259min d\u0259rdl\u0259rl\u0259 m\u0259\u015f\u011ful olsun. N\u0259 \u00fc\u00e7\u00fcn insanlar\u0131n h\u00fcquqlar\u0131n\u0131 m\u0259hdudla\u015fd\u0131rmaq bar\u0259d\u0259 d\u00fc\u015f\u00fcn\u00fcr?!&#8221; Musavat.com\u00a0x\u0259b\u0259r verir ki, bunu &#8220;Yeni Sabah&#8221;a \u015f\u0259rq\u015f\u00fcnas Z\u0259rd\u00fc\u015ft \u018flizad\u0259 deyib. O, AMEA Dil\u00e7ilik \u0130nstitutunun ba\u015f direktoru Nadir M\u0259mm\u0259dlinin&hellip;","_links":{"self":[{"href":"https:\/\/arantv.az\/index.php?rest_route=\/wp\/v2\/posts\/850096"}],"collection":[{"href":"https:\/\/arantv.az\/index.php?rest_route=\/wp\/v2\/posts"}],"about":[{"href":"https:\/\/arantv.az\/index.php?rest_route=\/wp\/v2\/types\/post"}],"author":[{"embeddable":true,"href":"https:\/\/arantv.az\/index.php?rest_route=\/wp\/v2\/users\/2"}],"replies":[{"embeddable":true,"href":"https:\/\/arantv.az\/index.php?rest_route=%2Fwp%2Fv2%2Fcomments&post=850096"}],"version-history":[{"count":1,"href":"https:\/\/arantv.az\/index.php?rest_route=\/wp\/v2\/posts\/850096\/revisions"}],"predecessor-version":[{"id":850098,"href":"https:\/\/arantv.az\/index.php?rest_route=\/wp\/v2\/posts\/850096\/revisions\/850098"}],"wp:featuredmedia":[{"embeddable":true,"href":"https:\/\/arantv.az\/index.php?rest_route=\/wp\/v2\/media\/850097"}],"wp:attachment":[{"href":"https:\/\/arantv.az\/index.php?rest_route=%2Fwp%2Fv2%2Fmedia&parent=850096"}],"wp:term":[{"taxonomy":"category","embeddable":true,"href":"https:\/\/arantv.az\/index.php?rest_route=%2Fwp%2Fv2%2Fcategories&post=850096"},{"taxonomy":"post_tag","embeddable":true,"href":"https:\/\/arantv.az\/index.php?rest_route=%2Fwp%2Fv2%2Ftags&post=850096"}],"curies":[{"name":"wp","href":"https:\/\/api.w.org\/{rel}","templated":true}]}}